{"id":437,"date":"2019-03-07T21:40:18","date_gmt":"2019-03-07T20:40:18","guid":{"rendered":"http:\/\/casalparis.cat\/?p=437"},"modified":"2019-03-14T22:16:37","modified_gmt":"2019-03-14T21:16:37","slug":"projeccio-de-la-pel-licula%ef%bb%bf-balada-triste-dalex-de-la-iglesia%ef%bb%bf","status":"publish","type":"post","link":"https:\/\/casalparis.cat\/?p=437","title":{"rendered":"PROJECCIO DE LA PEL.LICULA\ufeff &#8220;Balada triste&#8221;  d\u2019Alex de la Iglesia\ufeff"},"content":{"rendered":"\n<p>L\u2019association 24 ao\u00fbt 1944, pr\u00e9sente<\/p>\n\n\n\n<p><strong>Balada triste d\u2019Alex de la Iglesia,<\/strong> (2010) 1h47mn<br><br><strong>Un cri d\u2019amour \u00e0 l\u2019Espagne et une lev\u00e9e de rideau sur 40 ann\u00e9es de m\u00e9moire occult\u00e9e par le franquisme.<\/strong> <br>Un\n film bouleversant&nbsp;:&nbsp;\u00ab&nbsp;Qui se cache derri\u00e8re les yeux \u00e9carquill\u00e9s des \nclowns, leur masque fig\u00e9 en une grimace joyeuse ? Auguste preneur de \nbaffes ou clown blanc donneur de le\u00e7ons, ils mettent mal \u00e0 l&#8217;aise, avec \nleurs sketchs qui regorgent de petites humiliations&#8230;<br>Alex de la \nIglesia, un des piliers du nouveau cin\u00e9ma de genre espagnol, enfonce le \nclou avec l&#8217;odyss\u00e9e baroque de Javier. Tr\u00e8s t\u00f4t, ce fils et petit-fils \nde clowns, dont l&#8217;enfance a \u00e9t\u00e9 vol\u00e9e par la guerre d&#8217;Espagne, a compris\n qu&#8217;il ne fera pas rire volontairement, qu&#8217;il sera toujours le dindon de\n la farce.&nbsp;\u00bb<\/p>\n\n\n\n<p><strong>Ce film a re\u00e7u le prix de la meilleure r\u00e9alisation et du meilleur sc\u00e9nario au Festival de Venise 2010.<br><\/strong><br><strong>Le jeudi 14 mars 2019 \u00e0 19h<\/strong> suivi d\u2019un d\u00e9bat avec Christiane Passevant animatrice de radio Libertaire sp\u00e9cialiste de l\u2019\u0153uvre d\u2019Alex de la Iglesia.<\/p>\n\n\n\n<p><strong>Centre Paris\u2019Anim<br><\/strong>Place des F\u00eates<br>2\/4 rue des Lilas<br>75019 Paris <br><br>Entr\u00e9e gratuite<\/p>\n\n\n\n<div class=\"wp-block-file\"><a href=\"http:\/\/casalparis.cat\/wp-content\/uploads\/2019\/03\/Affiche-Balada-triste-03-19-OK-1.pdf\">Affiche-Balada-triste-03-19-OK<\/a><a href=\"http:\/\/casalparis.cat\/wp-content\/uploads\/2019\/03\/Affiche-Balada-triste-03-19-OK-1.pdf\" class=\"wp-block-file__button\" download>Baixa<\/a><\/div>\n","protected":false},"excerpt":{"rendered":"<p>L\u2019association 24 ao\u00fbt 1944, pr\u00e9sente Balada triste d\u2019Alex de la Iglesia, (2010) 1h47mn Un cri d\u2019amour \u00e0 l\u2019Espagne et une lev\u00e9e de rideau sur 40 ann\u00e9es de m\u00e9moire occult\u00e9e par le franquisme. Un film bouleversant&nbsp;:&nbsp;\u00ab&nbsp;Qui se cache derri\u00e8re les yeux &hellip; <a href=\"https:\/\/casalparis.cat\/?p=437\">Continua llegint <span class=\"meta-nav\">&rarr;<\/span><\/a><\/p>\n","protected":false},"author":1,"featured_media":0,"comment_status":"closed","ping_status":"closed","sticky":false,"template":"","format":"standard","meta":{"footnotes":""},"categories":[31],"tags":[27,37,29,38],"class_list":["post-437","post","type-post","status-publish","format-standard","hentry","category-noticies","tag-27","tag-cinema","tag-noticies","tag-paris"],"_links":{"self":[{"href":"https:\/\/casalparis.cat\/index.php?rest_route=\/wp\/v2\/posts\/437","targetHints":{"allow":["GET"]}}],"collection":[{"href":"https:\/\/casalparis.cat\/index.php?rest_route=\/wp\/v2\/posts"}],"about":[{"href":"https:\/\/casalparis.cat\/index.php?rest_route=\/wp\/v2\/types\/post"}],"author":[{"embeddable":true,"href":"https:\/\/casalparis.cat\/index.php?rest_route=\/wp\/v2\/users\/1"}],"replies":[{"embeddable":true,"href":"https:\/\/casalparis.cat\/index.php?rest_route=%2Fwp%2Fv2%2Fcomments&post=437"}],"version-history":[{"count":1,"href":"https:\/\/casalparis.cat\/index.php?rest_route=\/wp\/v2\/posts\/437\/revisions"}],"predecessor-version":[{"id":441,"href":"https:\/\/casalparis.cat\/index.php?rest_route=\/wp\/v2\/posts\/437\/revisions\/441"}],"wp:attachment":[{"href":"https:\/\/casalparis.cat\/index.php?rest_route=%2Fwp%2Fv2%2Fmedia&parent=437"}],"wp:term":[{"taxonomy":"category","embeddable":true,"href":"https:\/\/casalparis.cat\/index.php?rest_route=%2Fwp%2Fv2%2Fcategories&post=437"},{"taxonomy":"post_tag","embeddable":true,"href":"https:\/\/casalparis.cat\/index.php?rest_route=%2Fwp%2Fv2%2Ftags&post=437"}],"curies":[{"name":"wp","href":"https:\/\/api.w.org\/{rel}","templated":true}]}}