{"id":3476,"date":"2025-06-08T15:46:41","date_gmt":"2025-06-08T13:46:41","guid":{"rendered":"https:\/\/casalparis.cat\/?p=3476"},"modified":"2025-06-08T15:46:41","modified_gmt":"2025-06-08T13:46:41","slug":"club-de-lectura-estaries-interessat","status":"publish","type":"post","link":"https:\/\/casalparis.cat\/?p=3476","title":{"rendered":"Club de lectura\u2026 estaries interessat?"},"content":{"rendered":"\n<figure class=\"wp-block-table\"><table class=\"has-fixed-layout\"><tbody><tr><td>Aprofitant l&#8217;empenta i il\u00b7lusi\u00f3 de la festa de Sant Jordi, ha sorgit la idea de muntar un Club de Lectura al Casal. <br>Pensat per a persones amb ganes de llegir, no cal ser un ent\u00e8s en literatura. \u00c9s una activitat que combina el plaer de la lectura amb la conversa al voltant d\u2019un llibre.\u00a0<br>Ens agradaria saber si aquest projecte us interessa per organitzar-lo per la propera temporada.Qu\u00e8 us sembla la idea?<a href=\"https:\/\/forms.gle\/6S4Y32HuWX4gAPyi9\" target=\"_blank\" rel=\"noreferrer noopener\"><br>Cliqueu aqui <\/a>per donar la vostra opini\u00f3. Segur que teniu moltes coses per dir i nosaltres estarem encantats d&#8217;estudiar totes les possibilitats perqu\u00e8 el projecte, si \u00e9s del vostre agrat, es pugui muntar.<br><br>*****<br><em>Profitant de l\u2019\u00e9lan de la f\u00eate de Sant Jordi, l\u2019id\u00e9e de monter un Club de Lecture au Casal a surgi. <br>Pens\u00e9 pour les personnes amoureuses de la lecture, il n\u2019est pas n\u00e9cessaire d\u2019\u00eatre un expert en litt\u00e9rature.C&#8217;est une activit\u00e9 qui combine le plaisir de la lecture avec la conversation autour d&#8217;un livre. <br>Nous aimerions savoir si ce projet vous int\u00e9resse afin de l&#8217;organiser pour la prochaine saison. L&#8217;id\u00e9e vous tente?<br><a href=\"https:\/\/forms.gle\/GPxbXWQntGJBE7Hs6\" target=\"_blank\" rel=\"noreferrer noopener\">Cliquez ici <\/a>pour donner votre avis. Vous avez certainement beaucoup de choses \u00e0 dire et nous serons heureux d&#8217;\u00e9tudier toutes les possibilit\u00e9s afin que le projet, s&#8217;il est de votre gr\u00e9, puisse exister.<\/em><\/td><\/tr><\/tbody><\/table><\/figure>\n","protected":false},"excerpt":{"rendered":"<p>Aprofitant l&#8217;empenta i il\u00b7lusi\u00f3 de la festa de Sant Jordi, ha sorgit la idea de muntar un Club de Lectura al Casal. Pensat per a persones amb ganes de llegir, no cal ser un ent\u00e8s en literatura. \u00c9s una activitat &hellip; <a href=\"https:\/\/casalparis.cat\/?p=3476\">Continua llegint <span class=\"meta-nav\">&rarr;<\/span><\/a><\/p>\n","protected":false},"author":1,"featured_media":0,"comment_status":"open","ping_status":"open","sticky":false,"template":"","format":"standard","meta":{"footnotes":""},"categories":[1,42,31],"tags":[23,580,46,116,22],"class_list":["post-3476","post","type-post","status-publish","format-standard","hentry","category-general","category-llegir-i-escriure","category-noticies","tag-casalparis","tag-clubdelectura","tag-llegir","tag-llibres","tag-somcasal"],"_links":{"self":[{"href":"https:\/\/casalparis.cat\/index.php?rest_route=\/wp\/v2\/posts\/3476","targetHints":{"allow":["GET"]}}],"collection":[{"href":"https:\/\/casalparis.cat\/index.php?rest_route=\/wp\/v2\/posts"}],"about":[{"href":"https:\/\/casalparis.cat\/index.php?rest_route=\/wp\/v2\/types\/post"}],"author":[{"embeddable":true,"href":"https:\/\/casalparis.cat\/index.php?rest_route=\/wp\/v2\/users\/1"}],"replies":[{"embeddable":true,"href":"https:\/\/casalparis.cat\/index.php?rest_route=%2Fwp%2Fv2%2Fcomments&post=3476"}],"version-history":[{"count":1,"href":"https:\/\/casalparis.cat\/index.php?rest_route=\/wp\/v2\/posts\/3476\/revisions"}],"predecessor-version":[{"id":3477,"href":"https:\/\/casalparis.cat\/index.php?rest_route=\/wp\/v2\/posts\/3476\/revisions\/3477"}],"wp:attachment":[{"href":"https:\/\/casalparis.cat\/index.php?rest_route=%2Fwp%2Fv2%2Fmedia&parent=3476"}],"wp:term":[{"taxonomy":"category","embeddable":true,"href":"https:\/\/casalparis.cat\/index.php?rest_route=%2Fwp%2Fv2%2Fcategories&post=3476"},{"taxonomy":"post_tag","embeddable":true,"href":"https:\/\/casalparis.cat\/index.php?rest_route=%2Fwp%2Fv2%2Ftags&post=3476"}],"curies":[{"name":"wp","href":"https:\/\/api.w.org\/{rel}","templated":true}]}}