{"id":2321,"date":"2022-09-03T08:53:37","date_gmt":"2022-09-03T06:53:37","guid":{"rendered":"http:\/\/casalparis.cat\/?p=2321"},"modified":"2022-09-03T08:57:47","modified_gmt":"2022-09-03T06:57:47","slug":"maison-ouverte-de-montreuil-voluntaris-pel-festival-les-peuples-veulent","status":"publish","type":"post","link":"https:\/\/casalparis.cat\/?p=2321","title":{"rendered":"Maison Ouverte de Montreuil &#8211; Voluntaris pel festival les &#8220;Les Peuples Veulent&#8221;"},"content":{"rendered":"\n<p>Vius a Montreuil o a prop? <\/p>\n\n\n\n<p>Els amics de <a href=\"https:\/\/www.facebook.com\/La-Maison-Ouverte-Montreuil-255913187871484\/?__cft__[0]=AZVPyXISIeXmoXK_jHebMQFUUSnuvelRTU1Sww2ND6gq02CvSGwmLTESWgdl2sx9QZQD4PQaEByFASA8nNCq8R7qkYp9ANQOmN2zk8O1wpLP8pnRGHdeIsS89LYV22Bp6l5K8abiOBW3yaRrGV7XZVnZ&amp;__tn__=kK-R\">La Maison Ouverte, Montreuil<\/a> organitzen per 4rt any consecutiu del 21 al 23 d&#8217;octubre el &#8220;Festival des Peuples Veulent&#8221;. Tres dies de concerts, \u00e0pats, projeccions, exposicions, tallers, trobades i xerrades internacionalistes com per exemple : &#8220;l&#8217;Internationale f\u00e9ministe, &#8220;Lib\u00e9ration(s) d\u00e9coloniale(s), s&#8217;organiser dans l&#8217;effondrement,ou encore nouvelles formes d&#8217;organisation r\u00e9volutionnaires&#8221;.<\/p>\n\n\n\n<p>Hi haur\u00e0 uns cinquanta convidats que cal allotjar del divendres 14 al dilluns 24 d&#8217;octubre. Per fer-vos una idea, hi haur\u00e0 activistes del Sudan, Catalunya, Gr\u00e8cia, Chile, Colombia, Burkina Faso, Mali, Sri Lanka, Palestina, Siria, India, USA, Gran Bretanya, Ucraina, Bi\u00e9lorussia, Russia, M\u00e8xic, Liban, Irak, Tunisia, Alemanya, Egipte, Marroc, Guadeloupe, Hong Kong&#8230;.<\/p>\n\n\n\n<p>Es busquen voluntaris per allotjar-los. De prefer\u00e8ncia que visquin a prop de Montreuil i que parlin algunes paraules de la llengua d&#8217;origen de la persona que acullen.Si voleu proposar la vostra ajuda o voleu m\u00e9s informacio, podeu enviar un mail a lamaisonouverte93@gmail.com.<\/p>\n\n\n\n<p><\/p>\n\n\n\n<p>*****************<\/p>\n\n\n\n<p>ARRIVEE D&#8217;INTERNATIONALISTES \u00e0 MONTREUIL &#8211; Les amis de la Maison Ouverte nous sollicitent pour accueillir les participants au festival &#8220;Les Peuples Veulent&#8221;<\/p>\n\n\n\n<p>Pour la quatri\u00e8me ann\u00e9e cons\u00e9cutive les 21-22-23 octobre se d\u00e9roulera la nouvelle \u00e9dition des Peuples Veulent.<\/p>\n\n\n\n<p>Organis\u00e9 par La Cantine Syrienne de Montreuil, le festival se d\u00e9roulera cette ann\u00e9e sur trois lieux important de la vie politique \u00e0 Montreuil (A.E.R.I, La Parole Errante et La Maison Ouverte ).&nbsp; Trois jours de concerts, repas, projections, expositions, ateliers et bien sur de rencontres et discutions internationalistes (l&#8217;Internationale f\u00e9ministe, &#8220;Lib\u00e9ration(s) d\u00e9coloniale(s), S&#8217;organiser dans l&#8217;effondrement,ou encore nouvelles formes d&#8217;organisation r\u00e9volutionnaires&#8221;.<\/p>\n\n\n\n<p>Il y aura une cinquantaine d&#8217;invit\u00e9.e.s des quatre coins de la plan\u00e8te pour approfondir enseignements et partages d&#8217;exp\u00e9riences.<\/p>\n\n\n\n<p>Pour les loger la Maison Ouverte est \u00e0 la recherche de montreuillois.e.s (ou alentour) interess\u00e9.e.s pour les accueillir du vendredi 14 au lundi 24 octobre.<\/p>\n\n\n\n<p>Dans un premier temps, m\u00eame si \u00e7a va \u00eatre difficile de trouver pour tout le monde, nous privil\u00e9gions des options avec des chambres plut\u00f4t qu&#8217;un bout de canap\u00e9 et des h\u00f4tes qui parleraient quelques mots de leurs langues pour les accueillir dans les meilleures conditions possibles car beaucoup viennent de loin. On pr\u00e9f\u00e8re aussi continuer \u00e0 demander aux diff\u00e9rents r\u00e9seaux montreuillois car on trouve \u00e7a super l&#8217;id\u00e9e de faire se rencontrer activistes internationaux et habitant.e.s (militant.e.s ou non) de Montreuil<\/p>\n\n\n\n<p>Pour vous donner une id\u00e9e le festival accueille des activistes venu.e.s du Soudan, Catalogne, Gr\u00e8ce, Chili, Colombie, Burkina Faso, Mali, Sri Lanka, Palestine, Syrie, Inde, USA, UK, Ukraine, Bi\u00e9lorussie, Russie, Mexique, Liban, Irak, Tunisie, Allemagne, Egypte, Maroc, Guadeloupe, Hong Kong.<\/p>\n\n\n\n<p>Si vous souhaitez apporter votre aide vous pouvez \u00e9crire un mail \u00e0: lamaisonouverte93@gmail.com.<\/p>\n","protected":false},"excerpt":{"rendered":"<p>Vius a Montreuil o a prop? Els amics de La Maison Ouverte, Montreuil organitzen per 4rt any consecutiu del 21 al 23 d&#8217;octubre el &#8220;Festival des Peuples Veulent&#8221;. Tres dies de concerts, \u00e0pats, projeccions, exposicions, tallers, trobades i xerrades internacionalistes &hellip; <a href=\"https:\/\/casalparis.cat\/?p=2321\">Continua llegint <span class=\"meta-nav\">&rarr;<\/span><\/a><\/p>\n","protected":false},"author":1,"featured_media":0,"comment_status":"closed","ping_status":"closed","sticky":false,"template":"","format":"standard","meta":{"footnotes":""},"categories":[1,31],"tags":[416,10,114,137,346,91,29,164],"class_list":["post-2321","post","type-post","status-publish","format-standard","hentry","category-general","category-noticies","tag-activistes","tag-catalunya","tag-iledefrance","tag-llibertat","tag-maisonouverte","tag-montreuil","tag-noticies","tag-solidaritat"],"_links":{"self":[{"href":"https:\/\/casalparis.cat\/index.php?rest_route=\/wp\/v2\/posts\/2321","targetHints":{"allow":["GET"]}}],"collection":[{"href":"https:\/\/casalparis.cat\/index.php?rest_route=\/wp\/v2\/posts"}],"about":[{"href":"https:\/\/casalparis.cat\/index.php?rest_route=\/wp\/v2\/types\/post"}],"author":[{"embeddable":true,"href":"https:\/\/casalparis.cat\/index.php?rest_route=\/wp\/v2\/users\/1"}],"replies":[{"embeddable":true,"href":"https:\/\/casalparis.cat\/index.php?rest_route=%2Fwp%2Fv2%2Fcomments&post=2321"}],"version-history":[{"count":2,"href":"https:\/\/casalparis.cat\/index.php?rest_route=\/wp\/v2\/posts\/2321\/revisions"}],"predecessor-version":[{"id":2324,"href":"https:\/\/casalparis.cat\/index.php?rest_route=\/wp\/v2\/posts\/2321\/revisions\/2324"}],"wp:attachment":[{"href":"https:\/\/casalparis.cat\/index.php?rest_route=%2Fwp%2Fv2%2Fmedia&parent=2321"}],"wp:term":[{"taxonomy":"category","embeddable":true,"href":"https:\/\/casalparis.cat\/index.php?rest_route=%2Fwp%2Fv2%2Fcategories&post=2321"},{"taxonomy":"post_tag","embeddable":true,"href":"https:\/\/casalparis.cat\/index.php?rest_route=%2Fwp%2Fv2%2Ftags&post=2321"}],"curies":[{"name":"wp","href":"https:\/\/api.w.org\/{rel}","templated":true}]}}