{"id":1725,"date":"2021-03-14T21:45:16","date_gmt":"2021-03-14T20:45:16","guid":{"rendered":"http:\/\/casalparis.cat\/?p=1725"},"modified":"2021-03-14T21:50:53","modified_gmt":"2021-03-14T20:50:53","slug":"festival-de-literatura-mot","status":"publish","type":"post","link":"https:\/\/casalparis.cat\/?p=1725","title":{"rendered":"Festival de Literatura MOT"},"content":{"rendered":"\n<p><strong>del 18 al 27 de mar\u00e7 a Girona i a Olot<\/strong>,<strong> i en l\u00ednia<\/strong><\/p>\n\n\n\n<figure class=\"wp-block-image size-large\"><img loading=\"lazy\" decoding=\"async\" width=\"1024\" height=\"576\" src=\"http:\/\/casalparis.cat\/wp-content\/uploads\/2021\/03\/MOT-1024x576.png\" alt=\"\" class=\"wp-image-1727\" srcset=\"https:\/\/casalparis.cat\/wp-content\/uploads\/2021\/03\/MOT-1024x576.png 1024w, https:\/\/casalparis.cat\/wp-content\/uploads\/2021\/03\/MOT-300x169.png 300w, https:\/\/casalparis.cat\/wp-content\/uploads\/2021\/03\/MOT-768x432.png 768w, https:\/\/casalparis.cat\/wp-content\/uploads\/2021\/03\/MOT-500x281.png 500w, https:\/\/casalparis.cat\/wp-content\/uploads\/2021\/03\/MOT.png 1231w\" sizes=\"auto, (max-width: 1024px) 100vw, 1024px\" \/><\/figure>\n\n\n\n<p>La historiadora de l\u2019art Gl\u00f2ria Bosch Mir \u00e9s la comiss\u00e0ria de la setena edici\u00f3 d\u2019aquest festival literari, que enguany vol explorar les diverses disciplines art\u00edstiques que conflueixen en els llibres. Manuel Baixauli, Tracy Chevalier, Rodrigo Fres\u00e1n, Alicia Kopf, Jordi Lara, Perejaume, Heather Rose i Irene Sol\u00e0 s\u00f3n alguns dels autors que participaran en aquesta edici\u00f3 2021 del MOT.<\/p>\n\n\n\n<p>Enguany, com a novetat motivada pel Covid, hi haur\u00e0 la possibilitat de seguir les converses pel canal de Youtube del festival. I per aquest motiu ens han fet arribar la proposta al Casal de Catalunya de Par\u00eds. D&#8217;una banda perqu\u00e8 hi ha una bona n\u00f2mina d&#8217;autors i autores de renom, i per altra banda per la pres\u00e8ncia de Maylis de Kerangal (27 de mar\u00e7 a les 20H) que hi assistir\u00e0 virtualment. Maylis de Kerangal \u00e9s escriptora francesa, resident a Par\u00eds, i una de les autores m\u00e9s internacionals del moment.<\/p>\n\n\n\n<p>Us podeu baixar aqui el programa d&#8217;aquesta edici\u00f3.<\/p>\n\n\n\n<div class=\"wp-block-file\"><a href=\"http:\/\/casalparis.cat\/wp-content\/uploads\/2021\/03\/Desplegable-MOT.pdf\">Desplegable-MOT<\/a><a href=\"http:\/\/casalparis.cat\/wp-content\/uploads\/2021\/03\/Desplegable-MOT.pdf\" class=\"wp-block-file__button\" download>Baixa<\/a><\/div>\n\n\n\n<p>I m\u00e9s informaci\u00f3 a la p\u00e0gina web del festival: <a rel=\"noreferrer noopener\" href=\"https:\/\/festivalmot.cat\/\" target=\"_blank\">https:\/\/festivalmot.cat\/<\/a><\/p>\n\n\n\n<p><\/p>\n","protected":false},"excerpt":{"rendered":"<p>del 18 al 27 de mar\u00e7 a Girona i a Olot, i en l\u00ednia La historiadora de l\u2019art Gl\u00f2ria Bosch Mir \u00e9s la comiss\u00e0ria de la setena edici\u00f3 d\u2019aquest festival literari, que enguany vol explorar les diverses disciplines art\u00edstiques que &hellip; <a href=\"https:\/\/casalparis.cat\/?p=1725\">Continua llegint <span class=\"meta-nav\">&rarr;<\/span><\/a><\/p>\n","protected":false},"author":1,"featured_media":0,"comment_status":"closed","ping_status":"closed","sticky":false,"template":"","format":"standard","meta":{"footnotes":""},"categories":[42,31],"tags":[97,10,285,300,122,29],"class_list":["post-1725","post","type-post","status-publish","format-standard","hentry","category-llegir-i-escriure","category-noticies","tag-catala","tag-catalunya","tag-enlinia","tag-festivalliteratura","tag-llegir-i-escriure","tag-noticies"],"_links":{"self":[{"href":"https:\/\/casalparis.cat\/index.php?rest_route=\/wp\/v2\/posts\/1725","targetHints":{"allow":["GET"]}}],"collection":[{"href":"https:\/\/casalparis.cat\/index.php?rest_route=\/wp\/v2\/posts"}],"about":[{"href":"https:\/\/casalparis.cat\/index.php?rest_route=\/wp\/v2\/types\/post"}],"author":[{"embeddable":true,"href":"https:\/\/casalparis.cat\/index.php?rest_route=\/wp\/v2\/users\/1"}],"replies":[{"embeddable":true,"href":"https:\/\/casalparis.cat\/index.php?rest_route=%2Fwp%2Fv2%2Fcomments&post=1725"}],"version-history":[{"count":2,"href":"https:\/\/casalparis.cat\/index.php?rest_route=\/wp\/v2\/posts\/1725\/revisions"}],"predecessor-version":[{"id":1729,"href":"https:\/\/casalparis.cat\/index.php?rest_route=\/wp\/v2\/posts\/1725\/revisions\/1729"}],"wp:attachment":[{"href":"https:\/\/casalparis.cat\/index.php?rest_route=%2Fwp%2Fv2%2Fmedia&parent=1725"}],"wp:term":[{"taxonomy":"category","embeddable":true,"href":"https:\/\/casalparis.cat\/index.php?rest_route=%2Fwp%2Fv2%2Fcategories&post=1725"},{"taxonomy":"post_tag","embeddable":true,"href":"https:\/\/casalparis.cat\/index.php?rest_route=%2Fwp%2Fv2%2Ftags&post=1725"}],"curies":[{"name":"wp","href":"https:\/\/api.w.org\/{rel}","templated":true}]}}