{"id":1631,"date":"2021-01-06T23:44:21","date_gmt":"2021-01-06T22:44:21","guid":{"rendered":"http:\/\/casalparis.cat\/?p=1631"},"modified":"2021-01-06T23:44:24","modified_gmt":"2021-01-06T22:44:24","slug":"sessio-informativa-sobre-el-vot-exterior","status":"publish","type":"post","link":"https:\/\/casalparis.cat\/?p=1631","title":{"rendered":"Sessi\u00f3 informativa sobre el vot exterior"},"content":{"rendered":"\n<p>Sou residents a Fran\u00e7a i voleu votar a les <a href=\"https:\/\/www.facebook.com\/hashtag\/eleccions?__eep__=6&amp;__cft__[0]=AZXAsOzp_nOpaEwJJUqJcPneaXTOQwmM5YPqx61As57_6SAAmqp5knPnGwKfvUzvDKiyRopyIkuO9a0TMnXJW-InFLFu0oVoQAkolnqDcTtSPx2TwkwDPpKWm7CoZl7TGiYiPGYUbb3huyMaoiaqersP&amp;__tn__=*NK-R\">#eleccions<\/a> dels <a href=\"https:\/\/www.facebook.com\/hashtag\/14f?__eep__=6&amp;__cft__[0]=AZXAsOzp_nOpaEwJJUqJcPneaXTOQwmM5YPqx61As57_6SAAmqp5knPnGwKfvUzvDKiyRopyIkuO9a0TMnXJW-InFLFu0oVoQAkolnqDcTtSPx2TwkwDPpKWm7CoZl7TGiYiPGYUbb3huyMaoiaqersP&amp;__tn__=*NK-R\">#14F<\/a>?<\/p>\n\n\n\n<p>El proper  dilluns 11 de gener a les 19.00 la Delegaci\u00f3 del Govern a Fran\u00e7a proposa una sessio informativa en linia.<\/p>\n\n\n\n<p>Amb\u00a0la participaci\u00f3 d\u2019en\u00a0<strong>Rafael Caballeria<\/strong>,\u00a0<strong>responsable del Servei de la Catalunya\u00a0Exterior<\/strong>, i\u00a0<strong>l\u2019Eva Doya<\/strong>, del\u00a0<strong>gabinet del\u00a0conseller\u00a0d\u2019Acci\u00f3 Exterior<\/strong>\u00a0i excoordinadora de la Delegaci\u00f3 del Govern a Fran\u00e7a, per poder aclarir tots els vostres dubtes i preguntes sobre el vot\u00a0des de l\u2019estranger.<\/p>\n\n\n\n<p>Si ho desitgeu, ja podeu fer-los\u00a0arribar les vostres preguntes\u00a0per correu electr\u00f2nic\u00a0a\u00a0<a rel=\"noreferrer noopener\" href=\"mailto:fr@gencat.cat\" target=\"_blank\">fr@gencat.cat<\/a>\u00a0i\u00a0a\u00a0trav\u00e9s de\u00a0les xarxes socials (<a rel=\"noreferrer noopener\" href=\"https:\/\/twitter.com\/catalonia_fr\" target=\"_blank\">Twitter<\/a>,\u00a0<a rel=\"noreferrer noopener\" href=\"https:\/\/www.facebook.com\/FRCatalonia\" target=\"_blank\">Facebook<\/a>\u00a0i\u00a0<a rel=\"noreferrer noopener\" href=\"https:\/\/www.linkedin.com\/in\/frcatalonia\/\" target=\"_blank\">LinkedIn<\/a>),\u00a0o\u00a0el mateix dia de l\u2019acte a trav\u00e9s del xat del canal de\u00a0<a rel=\"noreferrer noopener\" href=\"https:\/\/youtu.be\/pl4EZjJ1O-U\" target=\"_blank\">Youtube<\/a>\u00a0d\u2019Exteriors.<\/p>\n\n\n\n<p>Podreu accedir a l\u2019esdeveniment el dia previst clicant en aquest\u00a0<a rel=\"noreferrer noopener\" href=\"https:\/\/youtu.be\/FY_MKlL_07I\" target=\"_blank\">enlla\u00e7<\/a>.<\/p>\n\n\n\n<figure class=\"wp-block-image size-large\"><img loading=\"lazy\" decoding=\"async\" width=\"741\" height=\"417\" src=\"http:\/\/casalparis.cat\/wp-content\/uploads\/2021\/01\/image003.jpg\" alt=\"\" class=\"wp-image-1632\" srcset=\"https:\/\/casalparis.cat\/wp-content\/uploads\/2021\/01\/image003.jpg 741w, https:\/\/casalparis.cat\/wp-content\/uploads\/2021\/01\/image003-300x169.jpg 300w, https:\/\/casalparis.cat\/wp-content\/uploads\/2021\/01\/image003-500x281.jpg 500w\" sizes=\"auto, (max-width: 741px) 100vw, 741px\" \/><\/figure>\n","protected":false},"excerpt":{"rendered":"<p>Sou residents a Fran\u00e7a i voleu votar a les #eleccions dels #14F? El proper dilluns 11 de gener a les 19.00 la Delegaci\u00f3 del Govern a Fran\u00e7a proposa una sessio informativa en linia. Amb\u00a0la participaci\u00f3 d\u2019en\u00a0Rafael Caballeria,\u00a0responsable del Servei de &hellip; <a href=\"https:\/\/casalparis.cat\/?p=1631\">Continua llegint <span class=\"meta-nav\">&rarr;<\/span><\/a><\/p>\n","protected":false},"author":1,"featured_media":1632,"comment_status":"closed","ping_status":"closed","sticky":false,"template":"","format":"standard","meta":{"footnotes":""},"categories":[31],"tags":[108,282,29,283],"class_list":["post-1631","post","type-post","status-publish","format-standard","has-post-thumbnail","hentry","category-noticies","tag-delegacio-2","tag-eleccions-14f","tag-noticies","tag-votexterior"],"_links":{"self":[{"href":"https:\/\/casalparis.cat\/index.php?rest_route=\/wp\/v2\/posts\/1631","targetHints":{"allow":["GET"]}}],"collection":[{"href":"https:\/\/casalparis.cat\/index.php?rest_route=\/wp\/v2\/posts"}],"about":[{"href":"https:\/\/casalparis.cat\/index.php?rest_route=\/wp\/v2\/types\/post"}],"author":[{"embeddable":true,"href":"https:\/\/casalparis.cat\/index.php?rest_route=\/wp\/v2\/users\/1"}],"replies":[{"embeddable":true,"href":"https:\/\/casalparis.cat\/index.php?rest_route=%2Fwp%2Fv2%2Fcomments&post=1631"}],"version-history":[{"count":1,"href":"https:\/\/casalparis.cat\/index.php?rest_route=\/wp\/v2\/posts\/1631\/revisions"}],"predecessor-version":[{"id":1633,"href":"https:\/\/casalparis.cat\/index.php?rest_route=\/wp\/v2\/posts\/1631\/revisions\/1633"}],"wp:featuredmedia":[{"embeddable":true,"href":"https:\/\/casalparis.cat\/index.php?rest_route=\/wp\/v2\/media\/1632"}],"wp:attachment":[{"href":"https:\/\/casalparis.cat\/index.php?rest_route=%2Fwp%2Fv2%2Fmedia&parent=1631"}],"wp:term":[{"taxonomy":"category","embeddable":true,"href":"https:\/\/casalparis.cat\/index.php?rest_route=%2Fwp%2Fv2%2Fcategories&post=1631"},{"taxonomy":"post_tag","embeddable":true,"href":"https:\/\/casalparis.cat\/index.php?rest_route=%2Fwp%2Fv2%2Ftags&post=1631"}],"curies":[{"name":"wp","href":"https:\/\/api.w.org\/{rel}","templated":true}]}}