{"id":1601,"date":"2020-12-02T22:27:44","date_gmt":"2020-12-02T21:27:44","guid":{"rendered":"http:\/\/casalparis.cat\/?p=1601"},"modified":"2020-12-02T22:29:37","modified_gmt":"2020-12-02T21:29:37","slug":"la-fiec-senyala-les-dificultats-per-aconseguir-un-pcr-per-tornar-a-catalunya","status":"publish","type":"post","link":"https:\/\/casalparis.cat\/?p=1601","title":{"rendered":"La FIEC senyala les dificultats per aconseguir un PCR per tornar a Catalunya"},"content":{"rendered":"\n<p><strong>Us fem a mans una Declaraci\u00f3 de la FIEC (Federaci\u00f3 Internacional d&#8217;Entitats Catalanes) sobre el despla\u00e7ament a Catalunya dels catalans residents a l&#8217;exterior en el per\u00edode de Nadal.<\/strong><\/p>\n\n\n\n<p><strong>LA MESURA D&#8217;IMPOSSIBLE COMPLIMENT DE DEMANAR UN PCR FET 72 HORES ABANS D&#8217;ARRIBAR A UN AEROPORT A L&#8217;ESTAT ESPANYOL IMPOSSIBILITA A L&#8217;EMIGRACI\u00d3 CATALANA I ESPANYOLA ELS DESPLA\u00c7AMENTS CAP A CASA EN PER\u00cdODE DE NADAL&nbsp;<\/strong><\/p>\n\n\n\n<p><strong>EXIGIM QUE ELS PCR ES PUGUIN FER A L\u2019ARRIBADA A L\u2019AEROPORT DE DESTINACIO\u00a0<\/strong><\/p>\n\n\n\n<div class=\"wp-block-file\"><a href=\"http:\/\/casalparis.cat\/wp-content\/uploads\/2020\/12\/PCR-Nadal.pdf\">PCR-Nadal<\/a><a href=\"http:\/\/casalparis.cat\/wp-content\/uploads\/2020\/12\/PCR-Nadal.pdf\" class=\"wp-block-file__button\" download>Baixa<\/a><\/div>\n","protected":false},"excerpt":{"rendered":"<p>Us fem a mans una Declaraci\u00f3 de la FIEC (Federaci\u00f3 Internacional d&#8217;Entitats Catalanes) sobre el despla\u00e7ament a Catalunya dels catalans residents a l&#8217;exterior en el per\u00edode de Nadal. LA MESURA D&#8217;IMPOSSIBLE COMPLIMENT DE DEMANAR UN PCR FET 72 HORES ABANS &hellip; <a href=\"https:\/\/casalparis.cat\/?p=1601\">Continua llegint <span class=\"meta-nav\">&rarr;<\/span><\/a><\/p>\n","protected":false},"author":1,"featured_media":0,"comment_status":"closed","ping_status":"closed","sticky":false,"template":"","format":"standard","meta":{"footnotes":""},"categories":[31],"tags":[10,213,33,146,29,279],"class_list":["post-1601","post","type-post","status-publish","format-standard","hentry","category-noticies","tag-catalunya","tag-covid-19","tag-fiec","tag-nadal","tag-noticies","tag-viatjar"],"_links":{"self":[{"href":"https:\/\/casalparis.cat\/index.php?rest_route=\/wp\/v2\/posts\/1601","targetHints":{"allow":["GET"]}}],"collection":[{"href":"https:\/\/casalparis.cat\/index.php?rest_route=\/wp\/v2\/posts"}],"about":[{"href":"https:\/\/casalparis.cat\/index.php?rest_route=\/wp\/v2\/types\/post"}],"author":[{"embeddable":true,"href":"https:\/\/casalparis.cat\/index.php?rest_route=\/wp\/v2\/users\/1"}],"replies":[{"embeddable":true,"href":"https:\/\/casalparis.cat\/index.php?rest_route=%2Fwp%2Fv2%2Fcomments&post=1601"}],"version-history":[{"count":1,"href":"https:\/\/casalparis.cat\/index.php?rest_route=\/wp\/v2\/posts\/1601\/revisions"}],"predecessor-version":[{"id":1603,"href":"https:\/\/casalparis.cat\/index.php?rest_route=\/wp\/v2\/posts\/1601\/revisions\/1603"}],"wp:attachment":[{"href":"https:\/\/casalparis.cat\/index.php?rest_route=%2Fwp%2Fv2%2Fmedia&parent=1601"}],"wp:term":[{"taxonomy":"category","embeddable":true,"href":"https:\/\/casalparis.cat\/index.php?rest_route=%2Fwp%2Fv2%2Fcategories&post=1601"},{"taxonomy":"post_tag","embeddable":true,"href":"https:\/\/casalparis.cat\/index.php?rest_route=%2Fwp%2Fv2%2Ftags&post=1601"}],"curies":[{"name":"wp","href":"https:\/\/api.w.org\/{rel}","templated":true}]}}