{"id":1418,"date":"2020-09-06T17:37:16","date_gmt":"2020-09-06T15:37:16","guid":{"rendered":"http:\/\/casalparis.cat\/?p=1418"},"modified":"2020-09-06T17:37:19","modified_gmt":"2020-09-06T15:37:19","slug":"conferencia-zoom-del-centre-catala-de-luxemburg","status":"publish","type":"post","link":"https:\/\/casalparis.cat\/?p=1418","title":{"rendered":"Confer\u00e8ncia zoom del Centre catal\u00e0 de Luxemburg"},"content":{"rendered":"\n<p>Els amics del Casal de Luxemburg ens proposen participar a la confer\u00e8ncia que han organitzat pel proper divendre 11 de setembre a les 19h00.<\/p>\n\n\n\n<p>Ser\u00e0 una confer\u00e8ncia de l\u2019historiador Joaquim Albareda Salvad\u00f3 sobre la Guerra de Successi\u00f3.<\/p>\n\n\n\n<p>La pon\u00e8ncia ser\u00e0 a c\u00e0rrec el doctor en Hist\u00f2ria <a rel=\"noreferrer noopener\" href=\"https:\/\/www.ccluxemburg.cat\/?email_id=1059&amp;user_id=1249&amp;urlpassed=aHR0cHM6Ly9jYS53aWtpcGVkaWEub3JnL3dpa2kvSm9hcXVpbV9BbGJhcmVkYV9pX1NhbHZhZCVDMyVCMw&amp;controller=stats&amp;action=analyse&amp;wysija-page=1&amp;wysijap=subscriptions\" target=\"_blank\">Joaquim Albareda Salvad\u00f3<\/a>, catedr\u00e0tic d\u2019Hist\u00f2ria Moderna a la <a rel=\"noreferrer noopener\" href=\"https:\/\/www.ccluxemburg.cat\/?email_id=1059&amp;user_id=1249&amp;urlpassed=aHR0cHM6Ly93d3cudXBmLmVkdS93ZWIvaHVtYW5pdGF0cy9lbnRyeS8tLy0vMTU3NzUvNDA0L2pvYXF1aW0tYWxiYXJlZGE&amp;controller=stats&amp;action=analyse&amp;wysija-page=1&amp;wysijap=subscriptions\" target=\"_blank\">Universitat Pompeu Fabra<\/a>. Autoritat internacional pel que fa a la Guerra de Successi\u00f3, parlar\u00e0 de l\u201911 de setembre de 1714 des d\u2019una perspectiva hist\u00f2rica. Aqu\u00ed teniu <a rel=\"noreferrer noopener\" href=\"https:\/\/www.ccluxemburg.cat\/?email_id=1059&amp;user_id=1249&amp;urlpassed=aHR0cHM6Ly91czAyd2ViLnpvb20udXMvai84NzA0OTM3NTc3OC8&amp;controller=stats&amp;action=analyse&amp;wysija-page=1&amp;wysijap=subscriptions\" target=\"_blank\">l&#8217;enlla\u00e7 a la xerrada<\/a>. Tamb\u00e9 ser\u00e1 possible seguir la conversa a trav\u00e9s del canal de YouTube del Centre Catal\u00e0 de Luxemburg.<\/p>\n\n\n\n<figure class=\"wp-block-image size-large\"><img loading=\"lazy\" decoding=\"async\" width=\"406\" height=\"401\" src=\"http:\/\/casalparis.cat\/wp-content\/uploads\/2020\/09\/unnamed5-edited.jpg\" alt=\"\" class=\"wp-image-1420\" srcset=\"https:\/\/casalparis.cat\/wp-content\/uploads\/2020\/09\/unnamed5-edited.jpg 406w, https:\/\/casalparis.cat\/wp-content\/uploads\/2020\/09\/unnamed5-edited-300x296.jpg 300w, https:\/\/casalparis.cat\/wp-content\/uploads\/2020\/09\/unnamed5-edited-304x300.jpg 304w\" sizes=\"auto, (max-width: 406px) 100vw, 406px\" \/><\/figure>\n","protected":false},"excerpt":{"rendered":"<p>Els amics del Casal de Luxemburg ens proposen participar a la confer\u00e8ncia que han organitzat pel proper divendre 11 de setembre a les 19h00. Ser\u00e0 una confer\u00e8ncia de l\u2019historiador Joaquim Albareda Salvad\u00f3 sobre la Guerra de Successi\u00f3. La pon\u00e8ncia ser\u00e0 &hellip; <a href=\"https:\/\/casalparis.cat\/?p=1418\">Continua llegint <span class=\"meta-nav\">&rarr;<\/span><\/a><\/p>\n","protected":false},"author":1,"featured_media":0,"comment_status":"closed","ping_status":"closed","sticky":false,"template":"","format":"standard","meta":{"footnotes":""},"categories":[31],"tags":[251,10,165,9,252,22],"class_list":["post-1418","post","type-post","status-publish","format-standard","hentry","category-noticies","tag-casalsenxarxa","tag-catalunya","tag-conferencia-2","tag-diada","tag-historia","tag-somcasal"],"_links":{"self":[{"href":"https:\/\/casalparis.cat\/index.php?rest_route=\/wp\/v2\/posts\/1418","targetHints":{"allow":["GET"]}}],"collection":[{"href":"https:\/\/casalparis.cat\/index.php?rest_route=\/wp\/v2\/posts"}],"about":[{"href":"https:\/\/casalparis.cat\/index.php?rest_route=\/wp\/v2\/types\/post"}],"author":[{"embeddable":true,"href":"https:\/\/casalparis.cat\/index.php?rest_route=\/wp\/v2\/users\/1"}],"replies":[{"embeddable":true,"href":"https:\/\/casalparis.cat\/index.php?rest_route=%2Fwp%2Fv2%2Fcomments&post=1418"}],"version-history":[{"count":1,"href":"https:\/\/casalparis.cat\/index.php?rest_route=\/wp\/v2\/posts\/1418\/revisions"}],"predecessor-version":[{"id":1421,"href":"https:\/\/casalparis.cat\/index.php?rest_route=\/wp\/v2\/posts\/1418\/revisions\/1421"}],"wp:attachment":[{"href":"https:\/\/casalparis.cat\/index.php?rest_route=%2Fwp%2Fv2%2Fmedia&parent=1418"}],"wp:term":[{"taxonomy":"category","embeddable":true,"href":"https:\/\/casalparis.cat\/index.php?rest_route=%2Fwp%2Fv2%2Fcategories&post=1418"},{"taxonomy":"post_tag","embeddable":true,"href":"https:\/\/casalparis.cat\/index.php?rest_route=%2Fwp%2Fv2%2Ftags&post=1418"}],"curies":[{"name":"wp","href":"https:\/\/api.w.org\/{rel}","templated":true}]}}