{"id":1416,"date":"2020-09-06T17:26:08","date_gmt":"2020-09-06T15:26:08","guid":{"rendered":"http:\/\/casalparis.cat\/?p=1416"},"modified":"2020-09-06T17:26:11","modified_gmt":"2020-09-06T15:26:11","slug":"anc-organitza-una-diada-internacional","status":"publish","type":"post","link":"https:\/\/casalparis.cat\/?p=1416","title":{"rendered":"ANC organitza una diada internacional"},"content":{"rendered":"\n<div class=\"wp-block-group\"><div class=\"wp-block-group__inner-container is-layout-flow wp-block-group-is-layout-flow\">\n<p><a href=\"https:\/\/assemblea.cat\/arrenca-la-catalanweek-una-vintena-desdeveniments-internacionals-per-a-celebrar-la-diada-arreu-del-mon\/\">https:\/\/assemblea.cat\/arrenca-la-catalanweek-una-vintena-desdeveniments-internacionals-per-a-celebrar-la-diada-arreu-del-mon\/<\/a><\/p>\n<\/div><\/div>\n\n\n\n<p><strong>Impulsada per les Assemblees Exteriors de l\u2019Assemblea Nacional Catalana, la #CatalanWeek comen\u00e7ar\u00e0 el 29 d\u2019agost i durar\u00e0 fins al 13 de setembre, i inclour\u00e0 actes tant presencials com virtuals.<\/strong><\/p>\n\n\n\n<p>Les Assemblees Exteriors de l\u2019Assemblea Nacional Catalana impulsen enguany, com ja \u00e9s tradici\u00f3, <strong>diversos esdeveniments i actes de preparaci\u00f3 per a la Diada Nacional de Catalunya de l\u201911 de Setembre<\/strong>, agrupats en la coneguda com a #CatatalanWeek. &nbsp;<\/p>\n\n\n\n<p>Organitzada per primera vegada el 2016<strong>, la #CatalanWeek t\u00e9 com a objectiu fomentar la causa independentista de Catalunya a l\u2019estranger<\/strong>, i en el moment actual que travessa el pa\u00eds, denunciar tamb\u00e9 la repressi\u00f3 pol\u00edtica espanyola contra el poble de Catalunya.&nbsp;<\/p>\n\n\n\n<p>En aquest sentit, i malgrat l\u2019actual escenari pol\u00edtic i sanitari, les representacions de l\u2019Assemblea a pa\u00efsos com <strong>M\u00e8xic, B\u00e8lgica, Anglaterra, Luxemburg, Estats Units, Portugal i Alemanya entre d\u2019altres<\/strong>, organitzaran m\u00e9s de vint actes repartits en dues setmanes, del 29 d\u2019agost al 13 de setembre.<\/p>\n\n\n\n<p>El diumenge 6, l\u2019Assemblea de M\u00e8xic celebrar\u00e0 una taula rodona digital centrada en la solidaritat entre els moviments independentistes de Catalunya i el pa\u00eds llatinoameric\u00e0. El mateix dia, l\u2019Assemblea de Brussel\u00b7les inaugurar\u00e0 l\u2019exposici\u00f3 \u201cPresoners pol\u00edtics a l\u2019Espanya Contempor\u00e0nia\u201d, de Santiago Sierra, que estar\u00e0 exposada fins a finals de mes a la capital belga. L\u2019endem\u00e0, l\u2019Assemblea de Luxemburg organitzar\u00e0 una conversa digital amb el Conseller de Cultura a l\u2019exili, Llu\u00eds Puig, i el 9 de setembre, l\u2019Assemblea d\u2019Anglaterra dur\u00e0 a terme un debat en directe amb representants dels partits pol\u00edtics catalans independentistes. La vig\u00edlia de la Diada tindran lloc una confer\u00e8ncia a Lisboa que comptar\u00e0 amb la participaci\u00f3 de l\u2019historiador i periodista portugu\u00e8s Fernando Rosas, <strong>i una concentraci\u00f3 a la Place de la R\u00e9publique de Par\u00eds.<\/strong><\/p>\n","protected":false},"excerpt":{"rendered":"<p>https:\/\/assemblea.cat\/arrenca-la-catalanweek-una-vintena-desdeveniments-internacionals-per-a-celebrar-la-diada-arreu-del-mon\/ Impulsada per les Assemblees Exteriors de l\u2019Assemblea Nacional Catalana, la #CatalanWeek comen\u00e7ar\u00e0 el 29 d\u2019agost i durar\u00e0 fins al 13 de setembre, i inclour\u00e0 actes tant presencials com virtuals. Les Assemblees Exteriors de l\u2019Assemblea Nacional Catalana impulsen enguany, com &hellip; <a href=\"https:\/\/casalparis.cat\/?p=1416\">Continua llegint <span class=\"meta-nav\">&rarr;<\/span><\/a><\/p>\n","protected":false},"author":1,"featured_media":0,"comment_status":"closed","ping_status":"closed","sticky":false,"template":"","format":"standard","meta":{"footnotes":""},"categories":[31],"tags":[54,249,9,29,38],"class_list":["post-1416","post","type-post","status-publish","format-standard","hentry","category-noticies","tag-ancfrance","tag-concentracio","tag-diada","tag-noticies","tag-paris"],"_links":{"self":[{"href":"https:\/\/casalparis.cat\/index.php?rest_route=\/wp\/v2\/posts\/1416","targetHints":{"allow":["GET"]}}],"collection":[{"href":"https:\/\/casalparis.cat\/index.php?rest_route=\/wp\/v2\/posts"}],"about":[{"href":"https:\/\/casalparis.cat\/index.php?rest_route=\/wp\/v2\/types\/post"}],"author":[{"embeddable":true,"href":"https:\/\/casalparis.cat\/index.php?rest_route=\/wp\/v2\/users\/1"}],"replies":[{"embeddable":true,"href":"https:\/\/casalparis.cat\/index.php?rest_route=%2Fwp%2Fv2%2Fcomments&post=1416"}],"version-history":[{"count":1,"href":"https:\/\/casalparis.cat\/index.php?rest_route=\/wp\/v2\/posts\/1416\/revisions"}],"predecessor-version":[{"id":1417,"href":"https:\/\/casalparis.cat\/index.php?rest_route=\/wp\/v2\/posts\/1416\/revisions\/1417"}],"wp:attachment":[{"href":"https:\/\/casalparis.cat\/index.php?rest_route=%2Fwp%2Fv2%2Fmedia&parent=1416"}],"wp:term":[{"taxonomy":"category","embeddable":true,"href":"https:\/\/casalparis.cat\/index.php?rest_route=%2Fwp%2Fv2%2Fcategories&post=1416"},{"taxonomy":"post_tag","embeddable":true,"href":"https:\/\/casalparis.cat\/index.php?rest_route=%2Fwp%2Fv2%2Ftags&post=1416"}],"curies":[{"name":"wp","href":"https:\/\/api.w.org\/{rel}","templated":true}]}}