{"id":1382,"date":"2020-06-23T23:49:03","date_gmt":"2020-06-23T21:49:03","guid":{"rendered":"http:\/\/casalparis.cat\/?p=1382"},"modified":"2020-06-23T23:49:06","modified_gmt":"2020-06-23T21:49:06","slug":"debat-lluitas-feministas-i-incidencia-politica-el-cas-de-catalunya","status":"publish","type":"post","link":"https:\/\/casalparis.cat\/?p=1382","title":{"rendered":"Debat: Lluita(s) feminista(s) i incid\u00e8ncia pol\u00edtica: el cas de Catalunya"},"content":{"rendered":"\n<p>La Delegaci\u00f3 del Govern de Catalunya a Fran\u00e7a t\u00e9 el plaer de convidar-vos al debat en l\u00ednia sobre <strong>&#8220;Lluita(s) feminista(s) i incid\u00e8ncia pol\u00edtica: el cas de Catalunya&#8221;.<\/strong><\/p>\n\n\n\n<p><strong>El 2 de juliol a les 18.30<\/strong>, al seg\u00fcent enlla\u00e7: <strong><a rel=\"noreferrer noopener\" href=\"https:\/\/www.youtube.com\/watch?v=fmJLKHTS-MY&amp;feature=youtu.be\" target=\"_blank\">https:\/\/www.youtube.com\/watch?v=fmJLKHTS-MY&amp;feature=youtu.be<\/a><\/strong><\/p>\n\n\n\n<figure class=\"wp-block-image size-medium\"><img loading=\"lazy\" decoding=\"async\" width=\"212\" height=\"300\" src=\"http:\/\/casalparis.cat\/wp-content\/uploads\/2020\/06\/image0012-212x300.jpg\" alt=\"\" class=\"wp-image-1383\" srcset=\"https:\/\/casalparis.cat\/wp-content\/uploads\/2020\/06\/image0012-212x300.jpg 212w, https:\/\/casalparis.cat\/wp-content\/uploads\/2020\/06\/image0012-724x1024.jpg 724w, https:\/\/casalparis.cat\/wp-content\/uploads\/2020\/06\/image0012-768x1086.jpg 768w, https:\/\/casalparis.cat\/wp-content\/uploads\/2020\/06\/image0012.jpg 913w\" sizes=\"auto, (max-width: 212px) 100vw, 212px\" \/><\/figure>\n","protected":false},"excerpt":{"rendered":"<p>La Delegaci\u00f3 del Govern de Catalunya a Fran\u00e7a t\u00e9 el plaer de convidar-vos al debat en l\u00ednia sobre &#8220;Lluita(s) feminista(s) i incid\u00e8ncia pol\u00edtica: el cas de Catalunya&#8221;. El 2 de juliol a les 18.30, al seg\u00fcent enlla\u00e7: https:\/\/www.youtube.com\/watch?v=fmJLKHTS-MY&amp;feature=youtu.be<\/p>\n","protected":false},"author":1,"featured_media":1383,"comment_status":"closed","ping_status":"closed","sticky":false,"template":"","format":"standard","meta":{"footnotes":""},"categories":[31],"tags":[10,108,240,29,94],"class_list":["post-1382","post","type-post","status-publish","format-standard","has-post-thumbnail","hentry","category-noticies","tag-catalunya","tag-delegacio-2","tag-feminisme","tag-noticies","tag-xerrades"],"_links":{"self":[{"href":"https:\/\/casalparis.cat\/index.php?rest_route=\/wp\/v2\/posts\/1382","targetHints":{"allow":["GET"]}}],"collection":[{"href":"https:\/\/casalparis.cat\/index.php?rest_route=\/wp\/v2\/posts"}],"about":[{"href":"https:\/\/casalparis.cat\/index.php?rest_route=\/wp\/v2\/types\/post"}],"author":[{"embeddable":true,"href":"https:\/\/casalparis.cat\/index.php?rest_route=\/wp\/v2\/users\/1"}],"replies":[{"embeddable":true,"href":"https:\/\/casalparis.cat\/index.php?rest_route=%2Fwp%2Fv2%2Fcomments&post=1382"}],"version-history":[{"count":1,"href":"https:\/\/casalparis.cat\/index.php?rest_route=\/wp\/v2\/posts\/1382\/revisions"}],"predecessor-version":[{"id":1384,"href":"https:\/\/casalparis.cat\/index.php?rest_route=\/wp\/v2\/posts\/1382\/revisions\/1384"}],"wp:featuredmedia":[{"embeddable":true,"href":"https:\/\/casalparis.cat\/index.php?rest_route=\/wp\/v2\/media\/1383"}],"wp:attachment":[{"href":"https:\/\/casalparis.cat\/index.php?rest_route=%2Fwp%2Fv2%2Fmedia&parent=1382"}],"wp:term":[{"taxonomy":"category","embeddable":true,"href":"https:\/\/casalparis.cat\/index.php?rest_route=%2Fwp%2Fv2%2Fcategories&post=1382"},{"taxonomy":"post_tag","embeddable":true,"href":"https:\/\/casalparis.cat\/index.php?rest_route=%2Fwp%2Fv2%2Ftags&post=1382"}],"curies":[{"name":"wp","href":"https:\/\/api.w.org\/{rel}","templated":true}]}}