{"id":1358,"date":"2020-06-09T22:12:41","date_gmt":"2020-06-09T20:12:41","guid":{"rendered":"http:\/\/casalparis.cat\/?p=1358"},"modified":"2020-06-09T22:12:44","modified_gmt":"2020-06-09T20:12:44","slug":"cursos-destiu-de-lescola-oficial-didiomes","status":"publish","type":"post","link":"https:\/\/casalparis.cat\/?p=1358","title":{"rendered":"Cursos d&#8217;estiu de l&#8217;Escola Oficial d&#8217;Idiomes"},"content":{"rendered":"\n<p>L&#8217;Escola Oficial d&#8217;Idiomes Barcelona Drassanes obre les inscripcions als cursos d&#8217;estiu.<br>Idiomes: catal\u00e0, franc\u00e8s, angl\u00e8s, alemany, \u00e0rab, core\u00e0, espanyol, itali\u00e0, japon\u00e8s, portugu\u00e8s, rus, xin\u00e8s&#8230;<br>&#8230;&#8230;<\/p>\n\n\n\n<p>Les inscriptions pour les cours d&#8217;\u00e9t\u00e9 \u00e0 l&#8217;\u00e9cole de langues &#8220;Escola Oficial d&#8217;Idiomes Barcelona Drassanes&#8221; sont ouvertes.<br>Langues propos\u00e9s: catalan, fran\u00e7ais, anglais, allemand, arabe, corean, espagnol, italian, japonais, portuguais, russe, chinois&#8230;<\/p>\n\n\n\n<p><a href=\"https:\/\/www.eoibd.cat\/ca\/cursos\/cursos-destiu-2\/\">https:\/\/www.eoibd.cat\/ca\/cursos\/cursos-destiu-2\/<\/a><\/p>\n\n\n\n<figure class=\"wp-block-image size-large\"><img loading=\"lazy\" decoding=\"async\" width=\"786\" height=\"442\" src=\"http:\/\/casalparis.cat\/wp-content\/uploads\/2020\/06\/Cursos_estiu_2020.jpg\" alt=\"\" class=\"wp-image-1359\" srcset=\"https:\/\/casalparis.cat\/wp-content\/uploads\/2020\/06\/Cursos_estiu_2020.jpg 786w, https:\/\/casalparis.cat\/wp-content\/uploads\/2020\/06\/Cursos_estiu_2020-300x169.jpg 300w, https:\/\/casalparis.cat\/wp-content\/uploads\/2020\/06\/Cursos_estiu_2020-768x432.jpg 768w, https:\/\/casalparis.cat\/wp-content\/uploads\/2020\/06\/Cursos_estiu_2020-500x281.jpg 500w\" sizes=\"auto, (max-width: 786px) 100vw, 786px\" \/><\/figure>\n","protected":false},"excerpt":{"rendered":"<p>L&#8217;Escola Oficial d&#8217;Idiomes Barcelona Drassanes obre les inscripcions als cursos d&#8217;estiu.Idiomes: catal\u00e0, franc\u00e8s, angl\u00e8s, alemany, \u00e0rab, core\u00e0, espanyol, itali\u00e0, japon\u00e8s, portugu\u00e8s, rus, xin\u00e8s&#8230;&#8230;&#8230; Les inscriptions pour les cours d&#8217;\u00e9t\u00e9 \u00e0 l&#8217;\u00e9cole de langues &#8220;Escola Oficial d&#8217;Idiomes Barcelona Drassanes&#8221; sont ouvertes.Langues &hellip; <a href=\"https:\/\/casalparis.cat\/?p=1358\">Continua llegint <span class=\"meta-nav\">&rarr;<\/span><\/a><\/p>\n","protected":false},"author":1,"featured_media":1359,"comment_status":"closed","ping_status":"closed","sticky":false,"template":"","format":"standard","meta":{"footnotes":""},"categories":[42],"tags":[97,221,122,22,234],"class_list":["post-1358","post","type-post","status-publish","format-standard","has-post-thumbnail","hentry","category-llegir-i-escriure","tag-catala","tag-cursos","tag-llegir-i-escriure","tag-somcasal","tag-xarxa"],"_links":{"self":[{"href":"https:\/\/casalparis.cat\/index.php?rest_route=\/wp\/v2\/posts\/1358","targetHints":{"allow":["GET"]}}],"collection":[{"href":"https:\/\/casalparis.cat\/index.php?rest_route=\/wp\/v2\/posts"}],"about":[{"href":"https:\/\/casalparis.cat\/index.php?rest_route=\/wp\/v2\/types\/post"}],"author":[{"embeddable":true,"href":"https:\/\/casalparis.cat\/index.php?rest_route=\/wp\/v2\/users\/1"}],"replies":[{"embeddable":true,"href":"https:\/\/casalparis.cat\/index.php?rest_route=%2Fwp%2Fv2%2Fcomments&post=1358"}],"version-history":[{"count":1,"href":"https:\/\/casalparis.cat\/index.php?rest_route=\/wp\/v2\/posts\/1358\/revisions"}],"predecessor-version":[{"id":1360,"href":"https:\/\/casalparis.cat\/index.php?rest_route=\/wp\/v2\/posts\/1358\/revisions\/1360"}],"wp:featuredmedia":[{"embeddable":true,"href":"https:\/\/casalparis.cat\/index.php?rest_route=\/wp\/v2\/media\/1359"}],"wp:attachment":[{"href":"https:\/\/casalparis.cat\/index.php?rest_route=%2Fwp%2Fv2%2Fmedia&parent=1358"}],"wp:term":[{"taxonomy":"category","embeddable":true,"href":"https:\/\/casalparis.cat\/index.php?rest_route=%2Fwp%2Fv2%2Fcategories&post=1358"},{"taxonomy":"post_tag","embeddable":true,"href":"https:\/\/casalparis.cat\/index.php?rest_route=%2Fwp%2Fv2%2Ftags&post=1358"}],"curies":[{"name":"wp","href":"https:\/\/api.w.org\/{rel}","templated":true}]}}