{"id":1349,"date":"2020-06-06T12:44:25","date_gmt":"2020-06-06T10:44:25","guid":{"rendered":"http:\/\/casalparis.cat\/?p=1349"},"modified":"2020-06-06T12:45:44","modified_gmt":"2020-06-06T10:45:44","slug":"tribune-pour-la-fondation-jean-jaures-pour-un-deconfinement-du-dialogue-politique-avec-la-catalogne","status":"publish","type":"post","link":"https:\/\/casalparis.cat\/?p=1349","title":{"rendered":"Tribune pour la Fondation Jean Jaur\u00e8s: \u201cPour un d\u00e9confinement du dialogue politique avec la Catalogne\u201d"},"content":{"rendered":"\n<p>Ens plau fer-vos arribar l\u2019enlla\u00e7 a un article del delegat del Govern Catal\u00e0 a Fran\u00e7a, Daniel Cam\u00f3s, publicat a la web de la \u201cFondation Jean Jaur\u00e8s\u201d i que porta per t\u00edtol &#8220;Per un desconfinament del di\u00e0leg pol\u00edtic amb Catalunya&#8221;. Aquest article defensa la necessitat de reprendre el di\u00e0leg entre els governs espanyol i catal\u00e0 immediatament per trobar una soluci\u00f3 que es basi en dos pilars: la democr\u00e0cia i l\u2019amnistia.<\/p>\n\n\n\n<p><a href=\"https:\/\/jean-jaures.org\/nos-productions\/pour-un-deconfinement-du-dialogue-politique-avec-la-catalogne\">https:\/\/jean-jaures.org\/nos-productions\/pour-un-deconfinement-du-dialogue-politique-avec-la-catalogne<\/a><\/p>\n\n\n\n<p>Veuillez trouver, ci-dessous, le lien de la tribune intitul\u00e9e \u201cPour un d\u00e9confinement du dialogue politique avec la Catalogne\u201d, que le d\u00e9l\u00e9gu\u00e9, du Gouvernement Catalan en France, Daniel Cam\u00f3s, a publi\u00e9 sur le site de la Fondation Jean Jaur\u00e8s, tribune dans laquelle il d\u00e9fend la n\u00e9cessit\u00e9 d\u2019une reprise imm\u00e9diate du dialogue entre les gouvernements espagnol et catalan, afin d\u2019aboutir \u00e0 une solution qui soit bas\u00e9e sur deux piliers: la d\u00e9mocratie et l\u2019amnistie.<\/p>\n","protected":false},"excerpt":{"rendered":"<p>Ens plau fer-vos arribar l\u2019enlla\u00e7 a un article del delegat del Govern Catal\u00e0 a Fran\u00e7a, Daniel Cam\u00f3s, publicat a la web de la \u201cFondation Jean Jaur\u00e8s\u201d i que porta per t\u00edtol &#8220;Per un desconfinament del di\u00e0leg pol\u00edtic amb Catalunya&#8221;. Aquest &hellip; <a href=\"https:\/\/casalparis.cat\/?p=1349\">Continua llegint <span class=\"meta-nav\">&rarr;<\/span><\/a><\/p>\n","protected":false},"author":1,"featured_media":0,"comment_status":"closed","ping_status":"closed","sticky":false,"template":"","format":"standard","meta":{"footnotes":""},"categories":[42,31],"tags":[10,71,231,122,29,230,22],"class_list":["post-1349","post","type-post","status-publish","format-standard","hentry","category-llegir-i-escriure","category-noticies","tag-catalunya","tag-delegacio","tag-govern","tag-llegir-i-escriure","tag-noticies","tag-politica","tag-somcasal"],"_links":{"self":[{"href":"https:\/\/casalparis.cat\/index.php?rest_route=\/wp\/v2\/posts\/1349","targetHints":{"allow":["GET"]}}],"collection":[{"href":"https:\/\/casalparis.cat\/index.php?rest_route=\/wp\/v2\/posts"}],"about":[{"href":"https:\/\/casalparis.cat\/index.php?rest_route=\/wp\/v2\/types\/post"}],"author":[{"embeddable":true,"href":"https:\/\/casalparis.cat\/index.php?rest_route=\/wp\/v2\/users\/1"}],"replies":[{"embeddable":true,"href":"https:\/\/casalparis.cat\/index.php?rest_route=%2Fwp%2Fv2%2Fcomments&post=1349"}],"version-history":[{"count":1,"href":"https:\/\/casalparis.cat\/index.php?rest_route=\/wp\/v2\/posts\/1349\/revisions"}],"predecessor-version":[{"id":1350,"href":"https:\/\/casalparis.cat\/index.php?rest_route=\/wp\/v2\/posts\/1349\/revisions\/1350"}],"wp:attachment":[{"href":"https:\/\/casalparis.cat\/index.php?rest_route=%2Fwp%2Fv2%2Fmedia&parent=1349"}],"wp:term":[{"taxonomy":"category","embeddable":true,"href":"https:\/\/casalparis.cat\/index.php?rest_route=%2Fwp%2Fv2%2Fcategories&post=1349"},{"taxonomy":"post_tag","embeddable":true,"href":"https:\/\/casalparis.cat\/index.php?rest_route=%2Fwp%2Fv2%2Ftags&post=1349"}],"curies":[{"name":"wp","href":"https:\/\/api.w.org\/{rel}","templated":true}]}}