{"id":1134,"date":"2020-02-17T00:24:41","date_gmt":"2020-02-16T23:24:41","guid":{"rendered":"http:\/\/casalparis.cat\/?p=1134"},"modified":"2020-02-17T00:24:43","modified_gmt":"2020-02-16T23:24:43","slug":"limpunite-accordee-aux-bourreaux","status":"publish","type":"post","link":"https:\/\/casalparis.cat\/?p=1134","title":{"rendered":"L&#8217;impunit\u00e9 accord\u00e9e aux bourreaux"},"content":{"rendered":"\n<p> L&#8217;associaci\u00f3\u00a0Agost 1944 organitza una confer\u00e8ncia amb el jutge Baltasar\u00a0Garzon\u00a0a l&#8217;ajuntament de\u00a0Par\u00eds\u00a0el dimecres 4 de mar\u00e7 a les\u00a017h30 <\/p>\n\n\n\n<table class=\"wp-block-table\"><tbody><tr><td><strong>Conf\u00e9rence du juge Baltasar Garz\u00f3n<br>&#8220;Contre l\u2019impunit\u00e9 des bourreaux franquistes,<br>la v\u00e9rit\u00e9 \u00e9touff\u00e9e.&#8221;\u00a0Un juge rompt le silence\u00a0!<\/strong>\u00a0Une conf\u00e9rence qui fera l\u2019historique du travail de m\u00e9moire men\u00e9 en Espagne, l\u2019ouverture des fosses communes et les revendications des associations espagnoles pour la v\u00e9rit\u00e9. Le travail accompli par le juge Garz\u00f3n afin d\u2019obtenir r\u00e9paration pour les victimes du franquisme, sa participation \u00e0 la mobilisation civile et judiciaire contre l\u2019impunit\u00e9 accord\u00e9e aux bourreaux et pour une justice et une v\u00e9rit\u00e9 historique port\u00e9e \u00e0 la connaissance de tous.La situation aujourd\u2019hui o\u00f9 on attend l\u2019annulation des proc\u00e8s franquistes, et que justice soit enfin rendue contre les tortionnaires.<br><br><strong>De 17h30 \u00e0 19h<br>Le juge Baltasar Garz\u00f3n abordera tous ces th\u00e8mes cit\u00e9s<br>De 19h15 \u00e0 20h30<br>D\u00e9bat avec la salle.M\u00e9diatrice : \u00a0Sophie Thonon, avocate\u00a0<br>Traductrice\u00a0: Frida RochoczAuditorium de l\u2019H\u00f4tel de Ville<br>5 rue de Lobau-75004 Paris<br><\/strong>(M\u00e9tro H\u00f4tel de Ville, lignes 11 et 1<strong>)<br>Entr\u00e9e gratuite<br><\/strong>Avec le soutien du\u00a0<strong>\u00ab\u00a0Collectif Argentin\u00a0pour la M\u00e9moire\u00a0\u00bb<\/strong><\/td><\/tr><tr><td><strong>Entr\u00e9e libre et gratuite dans la limite des places disponibles.<br>Une inscription pr\u00e9alable est n\u00e9cessaire (voire ci-dessous).<br>Ne manquez pas ce rendez-vous\u00a0!<\/strong><\/td><\/tr><\/tbody><\/table>\n\n\n\n<p><a href=\"https:\/\/inscription.24-aout-1944.org\/\">https:\/\/inscription.24-aout-1944.org\/<\/a><\/p>\n\n\n\n<div class=\"wp-block-file\"><a href=\"http:\/\/casalparis.cat\/wp-content\/uploads\/2020\/02\/Conf-Garzon-OK.pdf\">Conf-Garzon-OK<\/a><a href=\"http:\/\/casalparis.cat\/wp-content\/uploads\/2020\/02\/Conf-Garzon-OK.pdf\" class=\"wp-block-file__button\" download>Baixa<\/a><\/div>\n","protected":false},"excerpt":{"rendered":"<p>L&#8217;associaci\u00f3\u00a0Agost 1944 organitza una confer\u00e8ncia amb el jutge Baltasar\u00a0Garzon\u00a0a l&#8217;ajuntament de\u00a0Par\u00eds\u00a0el dimecres 4 de mar\u00e7 a les\u00a017h30 Conf\u00e9rence du juge Baltasar Garz\u00f3n&#8220;Contre l\u2019impunit\u00e9 des bourreaux franquistes,la v\u00e9rit\u00e9 \u00e9touff\u00e9e.&#8221;\u00a0Un juge rompt le silence\u00a0!\u00a0Une conf\u00e9rence qui fera l\u2019historique du travail de m\u00e9moire &hellip; <a href=\"https:\/\/casalparis.cat\/?p=1134\">Continua llegint <span class=\"meta-nav\">&rarr;<\/span><\/a><\/p>\n","protected":false},"author":1,"featured_media":0,"comment_status":"closed","ping_status":"closed","sticky":false,"template":"","format":"standard","meta":{"footnotes":""},"categories":[31],"tags":[180,177,57,29,38],"class_list":["post-1134","post","type-post","status-publish","format-standard","hentry","category-noticies","tag-ajuntament-de-paris","tag-associacio-1944","tag-conferencia","tag-noticies","tag-paris"],"_links":{"self":[{"href":"https:\/\/casalparis.cat\/index.php?rest_route=\/wp\/v2\/posts\/1134","targetHints":{"allow":["GET"]}}],"collection":[{"href":"https:\/\/casalparis.cat\/index.php?rest_route=\/wp\/v2\/posts"}],"about":[{"href":"https:\/\/casalparis.cat\/index.php?rest_route=\/wp\/v2\/types\/post"}],"author":[{"embeddable":true,"href":"https:\/\/casalparis.cat\/index.php?rest_route=\/wp\/v2\/users\/1"}],"replies":[{"embeddable":true,"href":"https:\/\/casalparis.cat\/index.php?rest_route=%2Fwp%2Fv2%2Fcomments&post=1134"}],"version-history":[{"count":1,"href":"https:\/\/casalparis.cat\/index.php?rest_route=\/wp\/v2\/posts\/1134\/revisions"}],"predecessor-version":[{"id":1136,"href":"https:\/\/casalparis.cat\/index.php?rest_route=\/wp\/v2\/posts\/1134\/revisions\/1136"}],"wp:attachment":[{"href":"https:\/\/casalparis.cat\/index.php?rest_route=%2Fwp%2Fv2%2Fmedia&parent=1134"}],"wp:term":[{"taxonomy":"category","embeddable":true,"href":"https:\/\/casalparis.cat\/index.php?rest_route=%2Fwp%2Fv2%2Fcategories&post=1134"},{"taxonomy":"post_tag","embeddable":true,"href":"https:\/\/casalparis.cat\/index.php?rest_route=%2Fwp%2Fv2%2Ftags&post=1134"}],"curies":[{"name":"wp","href":"https:\/\/api.w.org\/{rel}","templated":true}]}}