{"id":1071,"date":"2020-01-27T21:40:17","date_gmt":"2020-01-27T20:40:17","guid":{"rendered":"http:\/\/casalparis.cat\/?p=1071"},"modified":"2020-01-27T21:40:23","modified_gmt":"2020-01-27T20:40:23","slug":"conferencia-de-david-domenech-baro-la-morta-viva-el-grup-de-pitarra-i-la-relexio-sobre-la-llengua-catalana","status":"publish","type":"post","link":"https:\/\/casalparis.cat\/?p=1071","title":{"rendered":"Confer\u00e8ncia de David Dom\u00e8nech Bar\u00f3: &#8220;La Morta-viva: El Grup de Pitarra i la relexi\u00f3 sobre la llengua catalana&#8221;"},"content":{"rendered":"\n<p>El dilluns 3 de febrer a le 18h00, l&#8217;Institut d&#8217;Estudis Catalans de la Sorbona proposa una confer\u00e8ncia a la biblioteca del Centre. <\/p>\n\n\n\n<p>David Dom\u00e8nech Bar\u00f3, autor de l&#8217;obra <em>Les nits de Pitarra<\/em> ens far\u00e0 reviure la passionant \u00e8poca de Barcelona a l&#8217;any 1860 i ens proposar\u00e0 una reflexi\u00f3 sobre la recuperaci\u00f3 de la llengua catalana entorn de la figura de Frederic Soler (1839-1895).<\/p>\n\n\n\n<p>Us recordem que per assistir-hi cal una preinscripci\u00f3 a la secretaria de la Sorbona per mail: <a rel=\"noreferrer noopener\" href=\"mailto:lettres-etudescatalanes-secretariat@sorbonne-universite.fr\" target=\"_blank\">lettres-etudescatalanes-secretariat@sorbonne-universite.fr<\/a> o per tel\u00e8fon al 01 42 77\u00a0 65 69.<\/p>\n","protected":false},"excerpt":{"rendered":"<p>El dilluns 3 de febrer a le 18h00, l&#8217;Institut d&#8217;Estudis Catalans de la Sorbona proposa una confer\u00e8ncia a la biblioteca del Centre. David Dom\u00e8nech Bar\u00f3, autor de l&#8217;obra Les nits de Pitarra ens far\u00e0 reviure la passionant \u00e8poca de Barcelona &hellip; <a href=\"https:\/\/casalparis.cat\/?p=1071\">Continua llegint <span class=\"meta-nav\">&rarr;<\/span><\/a><\/p>\n","protected":false},"author":1,"featured_media":0,"comment_status":"closed","ping_status":"closed","sticky":false,"template":"","format":"standard","meta":{"footnotes":""},"categories":[42],"tags":[57,131,122,73],"class_list":["post-1071","post","type-post","status-publish","format-standard","hentry","category-llegir-i-escriure","tag-conferencia","tag-institut-ramon-llull","tag-llegir-i-escriure","tag-universitat-la-sorbonne"],"_links":{"self":[{"href":"https:\/\/casalparis.cat\/index.php?rest_route=\/wp\/v2\/posts\/1071","targetHints":{"allow":["GET"]}}],"collection":[{"href":"https:\/\/casalparis.cat\/index.php?rest_route=\/wp\/v2\/posts"}],"about":[{"href":"https:\/\/casalparis.cat\/index.php?rest_route=\/wp\/v2\/types\/post"}],"author":[{"embeddable":true,"href":"https:\/\/casalparis.cat\/index.php?rest_route=\/wp\/v2\/users\/1"}],"replies":[{"embeddable":true,"href":"https:\/\/casalparis.cat\/index.php?rest_route=%2Fwp%2Fv2%2Fcomments&post=1071"}],"version-history":[{"count":1,"href":"https:\/\/casalparis.cat\/index.php?rest_route=\/wp\/v2\/posts\/1071\/revisions"}],"predecessor-version":[{"id":1072,"href":"https:\/\/casalparis.cat\/index.php?rest_route=\/wp\/v2\/posts\/1071\/revisions\/1072"}],"wp:attachment":[{"href":"https:\/\/casalparis.cat\/index.php?rest_route=%2Fwp%2Fv2%2Fmedia&parent=1071"}],"wp:term":[{"taxonomy":"category","embeddable":true,"href":"https:\/\/casalparis.cat\/index.php?rest_route=%2Fwp%2Fv2%2Fcategories&post=1071"},{"taxonomy":"post_tag","embeddable":true,"href":"https:\/\/casalparis.cat\/index.php?rest_route=%2Fwp%2Fv2%2Ftags&post=1071"}],"curies":[{"name":"wp","href":"https:\/\/api.w.org\/{rel}","templated":true}]}}