{"id":2953,"global_id":"casalparis.cat?id=2953","global_id_lineage":["casalparis.cat?id=2953"],"author":"1","status":"publish","date":"2023-11-25 01:34:17","date_utc":"2023-11-25 00:34:17","modified":"2023-11-26 20:50:44","modified_utc":"2023-11-26 19:50:44","url":"https:\/\/casalparis.cat\/?tribe_events=26-12-2023-caminada","rest_url":"https:\/\/casalparis.cat\/index.php?rest_route=\/tribe\/events\/v1\/events\/2953","title":"26\/11\/2023 Caminada","description":"<p><img loading=\"lazy\" decoding=\"async\" class=\"alignnone size-medium wp-image-2955\" src=\"https:\/\/casalparis.cat\/wp-content\/uploads\/2023\/11\/unnamed-300x300.jpg\" alt=\"\" width=\"300\" height=\"300\" srcset=\"https:\/\/casalparis.cat\/wp-content\/uploads\/2023\/11\/unnamed-300x300.jpg 300w, https:\/\/casalparis.cat\/wp-content\/uploads\/2023\/11\/unnamed-1024x1024.jpg 1024w, https:\/\/casalparis.cat\/wp-content\/uploads\/2023\/11\/unnamed-150x150.jpg 150w, https:\/\/casalparis.cat\/wp-content\/uploads\/2023\/11\/unnamed-768x768.jpg 768w, https:\/\/casalparis.cat\/wp-content\/uploads\/2023\/11\/unnamed.jpg 1080w\" sizes=\"auto, (max-width: 300px) 100vw, 300px\" \/><\/p>\n<p><em>On vous donne <strong>r<\/strong><strong>endez-vous \u00e0 9h00 \u00e0 la Gare de Lyon, quai RER A.<\/strong><\/em><\/p>\n<p><em>Le d\u00e9part se fera avec le RER A &#8211;\u00a0QYRO de 9h12 direction Boissy St Leger et on descendra \u00e0 SUCY-BONNEUIL.<\/em><\/p>\n<p><em>Note: Si vous pr\u00e9ferez prendre le RER A \u00e0 une autre gare, vous pouvez nous l&#8217;indiquer par mail lors de votre inscription et on se retrouvera directement \u00e0 Sucy-Bonneuil \u00e0 l&#8217;arriv\u00e9e vers 09h32.<\/em><\/p>\n<p><em>La route, de <strong>14km,<\/strong> part de la <strong>gare de Sucy-Bonneuil.<\/strong>\u00a0On traversera la ville de Sucy en Brie, pour rejoindre la For\u00eat Domaniale de Notre Dame par la coul\u00e9e verte de Sucy. En suite, on cont<\/em><em>ournera la ville et prendons la <strong>direction\u00a0<\/strong><strong>de Boissy Saint Leger<\/strong>.<\/em><\/p>\n<p><em>Nous avons 3 bonnes heures de marche. Amener votre\u00a0casse-croute, la gourde\u00a0et des bottes de marche si toutefois les chemins sont\u00a0un peu boueux cela risque d&#8217;\u00eatre pratique. Retour vers 15h (il y a des trains toutes les 10 minutes).<\/em><\/p>\n<p><em>Vous avez une carte ci-dessous pour d\u00e9couvrir la route.<br \/>\n<\/em><\/p>\n<p><em><u>Pour l&#8217;inscription, il suffit de nous \u00e9crire \u00e0 <a href=\"mailto:casal@casalparis.cat\" target=\"_blank\" rel=\"noopener\">casal@casalparis.cat<\/a><\/u><br \/>\n<\/em><\/p>\n<p>*****************<\/p>\n<p>Us donem cita a les<strong> 9h00 a la Gare de Lyon, andana RER A.<\/strong><\/p>\n<p>Agafarem el tren RER A &#8211;\u00a0OYRO de les 9h12 direcci\u00f3 Boissy St Leger i baixarem a Sucy-Bonneuil. Aqui comen\u00e7a la caminada. Travessarem la ciutat de Sucy en Brie per arribar al Bosc de &#8220;Notre Dame&#8221; tot passant per la via verda de Sucy. Despr\u00e9s, la volta de la ciutat pel bosc i\u00a0agafarem la direcci\u00f3 de Boissy Saint Leger.<\/p>\n<p>Tenim 3 bones hores de caminada. Agafeu la carmanyola, la cantimplora i les botes de caminar (en cas de trobar fang ser\u00e0 pr\u00e0ctic). Tornada cap a les 15h (hi ha trens cada 10 minuts).<\/p>\n<p>Teniu un mapa aqui sota per descobrir la ruta.<\/p>\n<p>Per les inscripcions, nom\u00e9s heu d&#8217;escriure un mail a <a href=\"mailto:casal@casalparis.cat\" target=\"_blank\" rel=\"noopener\">casal@casalparis.cat<\/a><\/p>\n<p><img loading=\"lazy\" decoding=\"async\" class=\"alignnone size-medium wp-image-2954\" src=\"https:\/\/casalparis.cat\/wp-content\/uploads\/2023\/11\/unnamed-300x215.png\" alt=\"\" width=\"300\" height=\"215\" srcset=\"https:\/\/casalparis.cat\/wp-content\/uploads\/2023\/11\/unnamed-300x215.png 300w, https:\/\/casalparis.cat\/wp-content\/uploads\/2023\/11\/unnamed-1024x734.png 1024w, https:\/\/casalparis.cat\/wp-content\/uploads\/2023\/11\/unnamed-768x550.png 768w, https:\/\/casalparis.cat\/wp-content\/uploads\/2023\/11\/unnamed-419x300.png 419w, https:\/\/casalparis.cat\/wp-content\/uploads\/2023\/11\/unnamed.png 1280w\" sizes=\"auto, (max-width: 300px) 100vw, 300px\" \/><\/p>\n<p>&nbsp;<\/p>\n<p>***** Feia fred pero no ha plogut i hem pogut fer una bona caminada!!! 14km a un bon ritme. Moltes gr\u00e0cies!!!! **** Us deixem un record:<\/p>\n<p><img loading=\"lazy\" decoding=\"async\" class=\"alignnone size-medium wp-image-2968\" src=\"https:\/\/casalparis.cat\/wp-content\/uploads\/2023\/11\/WhatsApp-Image-2023-11-26-at-15.21.47-150x300.jpeg\" alt=\"\" width=\"150\" height=\"300\" srcset=\"https:\/\/casalparis.cat\/wp-content\/uploads\/2023\/11\/WhatsApp-Image-2023-11-26-at-15.21.47-150x300.jpeg 150w, https:\/\/casalparis.cat\/wp-content\/uploads\/2023\/11\/WhatsApp-Image-2023-11-26-at-15.21.47-512x1024.jpeg 512w, https:\/\/casalparis.cat\/wp-content\/uploads\/2023\/11\/WhatsApp-Image-2023-11-26-at-15.21.47-768x1536.jpeg 768w, https:\/\/casalparis.cat\/wp-content\/uploads\/2023\/11\/WhatsApp-Image-2023-11-26-at-15.21.47.jpeg 800w\" sizes=\"auto, (max-width: 150px) 100vw, 150px\" \/><\/p>","excerpt":"","slug":"26-12-2023-caminada","image":{"url":"https:\/\/casalparis.cat\/wp-content\/uploads\/2023\/11\/unnamed.jpg","id":2955,"extension":"jpg","width":1080,"height":1080,"filesize":262309,"sizes":{"medium":{"width":300,"height":300,"mime-type":"image\/jpeg","filesize":25890,"url":"https:\/\/casalparis.cat\/wp-content\/uploads\/2023\/11\/unnamed-300x300.jpg"},"large":{"width":1024,"height":1024,"mime-type":"image\/jpeg","filesize":206285,"url":"https:\/\/casalparis.cat\/wp-content\/uploads\/2023\/11\/unnamed-1024x1024.jpg"},"thumbnail":{"width":150,"height":150,"mime-type":"image\/jpeg","filesize":7346,"url":"https:\/\/casalparis.cat\/wp-content\/uploads\/2023\/11\/unnamed-150x150.jpg"},"medium_large":{"width":768,"height":768,"mime-type":"image\/jpeg","filesize":126579,"url":"https:\/\/casalparis.cat\/wp-content\/uploads\/2023\/11\/unnamed-768x768.jpg"},"post-thumbnail":{"width":1000,"height":288,"mime-type":"image\/jpeg","filesize":87958,"url":"https:\/\/casalparis.cat\/wp-content\/uploads\/2023\/11\/unnamed-1000x288.jpg"},"large-feature":{"width":1000,"height":288,"mime-type":"image\/jpeg","filesize":87958,"url":"https:\/\/casalparis.cat\/wp-content\/uploads\/2023\/11\/unnamed-1000x288.jpg"},"small-feature":{"width":300,"height":300,"mime-type":"image\/jpeg","filesize":25890,"url":"https:\/\/casalparis.cat\/wp-content\/uploads\/2023\/11\/unnamed-300x300.jpg"}}},"all_day":false,"start_date":"2023-11-26 09:00:00","start_date_details":{"year":"2023","month":"11","day":"26","hour":"09","minutes":"00","seconds":"00"},"end_date":"2023-11-26 16:00:00","end_date_details":{"year":"2023","month":"11","day":"26","hour":"16","minutes":"00","seconds":"00"},"utc_start_date":"2023-11-26 08:00:00","utc_start_date_details":{"year":"2023","month":"11","day":"26","hour":"08","minutes":"00","seconds":"00"},"utc_end_date":"2023-11-26 15:00:00","utc_end_date_details":{"year":"2023","month":"11","day":"26","hour":"15","minutes":"00","seconds":"00"},"timezone":"Europe\/Paris","timezone_abbr":"CET","cost":"","cost_details":{"currency_symbol":"","currency_code":"","currency_position":"prefix","values":[]},"website":"","show_map":false,"show_map_link":false,"hide_from_listings":false,"sticky":false,"featured":false,"categories":[{"name":"Agenda","slug":"agenda","term_group":0,"term_taxonomy_id":68,"taxonomy":"tribe_events_cat","description":"","parent":0,"count":211,"filter":"raw","id":68,"urls":{"self":"https:\/\/casalparis.cat\/index.php?rest_route=\/tribe\/events\/v1\/categories\/68","collection":"https:\/\/casalparis.cat\/index.php?rest_route=\/tribe\/events\/v1\/categories"}}],"tags":[{"name":"Agenda","slug":"agenda","term_group":0,"term_taxonomy_id":67,"taxonomy":"post_tag","description":"","parent":0,"count":212,"filter":"raw","id":67,"urls":{"self":"https:\/\/casalparis.cat\/index.php?rest_route=\/tribe\/events\/v1\/tags\/67","collection":"https:\/\/casalparis.cat\/index.php?rest_route=\/tribe\/events\/v1\/tags"}},{"name":"caminades","slug":"caminades","term_group":0,"term_taxonomy_id":169,"taxonomy":"post_tag","description":"","parent":0,"count":11,"filter":"raw","id":169,"urls":{"self":"https:\/\/casalparis.cat\/index.php?rest_route=\/tribe\/events\/v1\/tags\/169","collection":"https:\/\/casalparis.cat\/index.php?rest_route=\/tribe\/events\/v1\/tags"}},{"name":"casalparis","slug":"casalparis","term_group":0,"term_taxonomy_id":23,"taxonomy":"post_tag","description":"","parent":0,"count":166,"filter":"raw","id":23,"urls":{"self":"https:\/\/casalparis.cat\/index.php?rest_route=\/tribe\/events\/v1\/tags\/23","collection":"https:\/\/casalparis.cat\/index.php?rest_route=\/tribe\/events\/v1\/tags"}},{"name":"iledefrance","slug":"iledefrance","term_group":0,"term_taxonomy_id":114,"taxonomy":"post_tag","description":"","parent":0,"count":16,"filter":"raw","id":114,"urls":{"self":"https:\/\/casalparis.cat\/index.php?rest_route=\/tribe\/events\/v1\/tags\/114","collection":"https:\/\/casalparis.cat\/index.php?rest_route=\/tribe\/events\/v1\/tags"}},{"name":"randonn\u00e9es","slug":"randonnees","term_group":0,"term_taxonomy_id":494,"taxonomy":"post_tag","description":"","parent":0,"count":1,"filter":"raw","id":494,"urls":{"self":"https:\/\/casalparis.cat\/index.php?rest_route=\/tribe\/events\/v1\/tags\/494","collection":"https:\/\/casalparis.cat\/index.php?rest_route=\/tribe\/events\/v1\/tags"}},{"name":"somcasal","slug":"somcasal","term_group":0,"term_taxonomy_id":22,"taxonomy":"post_tag","description":"","parent":0,"count":167,"filter":"raw","id":22,"urls":{"self":"https:\/\/casalparis.cat\/index.php?rest_route=\/tribe\/events\/v1\/tags\/22","collection":"https:\/\/casalparis.cat\/index.php?rest_route=\/tribe\/events\/v1\/tags"}}],"venue":[],"organizer":[{"id":190,"author":"1","status":"publish","date":"2018-10-09 00:15:27","date_utc":"2018-10-08 22:15:27","modified":"2018-10-09 00:15:27","modified_utc":"2018-10-08 22:15:27","url":"https:\/\/casalparis.cat\/?tribe_organizer=casal-de-catalunya-de-paris","organizer":"Casal de Catalunya de Paris","slug":"casal-de-catalunya-de-paris","json_ld":{"@type":"Person","name":"Casal de Catalunya de Paris","description":"","url":"","telephone":"","email":"","sameAs":""},"global_id":"casalparis.cat?id=190","global_id_lineage":["casalparis.cat?id=190"]}],"custom_fields":[],"json_ld":{"@context":"http:\/\/schema.org","@type":"Event","name":"26\/11\/2023 Caminada","description":"&lt;p&gt;On vous donne rendez-vous \u00e0 9h00 \u00e0 la Gare de Lyon, quai RER A. Le d\u00e9part se fera avec le RER A -\u00a0QYRO de 9h12 direction Boissy St Leger et on descendra \u00e0 SUCY-BONNEUIL. Note: Si vous pr\u00e9ferez prendre le &hellip; &lt;a href=&quot;https:\/\/casalparis.cat\/?tribe_events=26-12-2023-caminada&quot;&gt;Continua llegint &lt;span class=&quot;meta-nav&quot;&gt;&rarr;&lt;\/span&gt;&lt;\/a&gt;&lt;\/p&gt;\\n","image":"https:\/\/casalparis.cat\/wp-content\/uploads\/2023\/11\/unnamed.jpg","url":"https:\/\/casalparis.cat\/?tribe_events=26-12-2023-caminada","eventAttendanceMode":"https:\/\/schema.org\/OfflineEventAttendanceMode","eventStatus":"https:\/\/schema.org\/EventScheduled","startDate":"2023-11-26T09:00:00+01:00","endDate":"2023-11-26T16:00:00+01:00","organizer":{"@type":"Person","name":"Casal de Catalunya de Paris","description":"","url":"","telephone":"","email":"","sameAs":""},"performer":"Organization"}}