{"id":2947,"global_id":"casalparis.cat?id=2947","global_id_lineage":["casalparis.cat?id=2947"],"author":"1","status":"publish","date":"2023-11-25 01:29:31","date_utc":"2023-11-25 00:29:31","modified":"2023-12-04 22:39:30","modified_utc":"2023-12-04 21:39:30","url":"https:\/\/casalparis.cat\/?tribe_events=10-12-2023-dinar-de-nadal","rest_url":"https:\/\/casalparis.cat\/index.php?rest_route=\/tribe\/events\/v1\/events\/2947","title":"10\/12\/2023 Dinar de Nadal","description":"<p data-redactor-style-cache=\"margin: 0px;\"><em>La date est fix\u00e9e au <strong>dimanche 10 d\u00e9cembre<\/strong> pour le traditionnel repas de No\u00ebl. Conjointement, les associations Casal de Catalunya de Paris et Amicale des catalans d&#8217;Ile de France, organisent comme chaque ann\u00e9e un d\u00e9jeuner \u00e0 l&#8217;occasion de f\u00eates de fin d&#8217;ann\u00e9e.<br \/>\n<\/em><\/p>\n<p data-redactor-style-cache=\"margin: 0px;\"><em>Nous nous retrouverons <strong>\u00e0 partir de 12h00 au Bois Fleuri, 9 Rue H\u00e9g\u00e9sippe Moreau,<\/strong> <strong>77210 Avon<\/strong>. Evidemment vous \u00eates les bienvenus pour venir nous aider \u00e0 l&#8217;organisation d\u00e8s le matin. La f\u00eate aura ainsi tout le sens du partage.<\/em><\/p>\n<p data-redactor-style-cache=\"margin: 0px;\"><em>Les inscriptions sont ouvertes jusqu&#8217;au 6 d\u00e9cembre. <a href=\"https:\/\/www.helloasso.com\/associations\/casal-de-catalunya-de-paris\/evenements\/dinar-de-nadal-2023-repas-de-noel-2023\" target=\"_blank\" rel=\"noopener\" data-redactor-style-cache=\"color: #fc8805\">R\u00e9servez <\/a>vite si vous \u00eates int\u00e9ress\u00e9s. Le nombre de places est limit\u00e9.<\/em><\/p>\n<p data-redactor-style-cache=\"margin: 0px;\">****<br \/>\nEst\u00e0 decidit, el tradicional Dinar de Nadal tindr\u00e0 lloc el <strong>diumenge 10 de desembre.<\/strong> Conjuntament, les associations l&#8217;Amicale des catalans d&#8217;Ile de France i el Casal de Catalunya de Par\u00eds, organitzen com cada any un dinar en el marc de les festes nadalenques.<\/p>\n<p>Ens trobarem <strong>a partir de les 12h00 al local de Bois Fleuri, 9 Rue H\u00e9g\u00e9sippe Moreau, 77210 Avon<\/strong>. Per descomptat, podeu venir a donar un cop de m\u00e0 amb l&#8217;organitzaci\u00f3 m\u00e9s d&#8217;hora al mat\u00ed. La festa tindr\u00e0 d&#8217;aquesta manera tot un altre sentit.<\/p>\n<p>Les inscripcions estan obertes fins al 6 de desembre. Afanyeu-vos a <a href=\"https:\/\/www.helloasso.com\/associations\/casal-de-catalunya-de-paris\/evenements\/dinar-de-nadal-2023-repas-de-noel-2023\" target=\"_blank\" rel=\"noopener\" data-redactor-style-cache=\"color: #fc8805\"><span data-redactor-span=\"true\" data-redactor-style-cache=\"color: rgb(247, 150, 70);\">reservar <\/span><\/a>si hi esteu interessats. El nombre de places \u00e9s limitat.<\/p>\n<p data-redactor-style-cache=\"margin: 0px;\"><img loading=\"lazy\" decoding=\"async\" class=\"alignnone wp-image-2982 size-medium\" src=\"https:\/\/casalparis.cat\/wp-content\/uploads\/2023\/11\/Dinar-Nadal-2023-raclette-300x300.png\" alt=\"\" width=\"300\" height=\"300\" srcset=\"https:\/\/casalparis.cat\/wp-content\/uploads\/2023\/11\/Dinar-Nadal-2023-raclette-300x300.png 300w, https:\/\/casalparis.cat\/wp-content\/uploads\/2023\/11\/Dinar-Nadal-2023-raclette-1024x1024.png 1024w, https:\/\/casalparis.cat\/wp-content\/uploads\/2023\/11\/Dinar-Nadal-2023-raclette-150x150.png 150w, https:\/\/casalparis.cat\/wp-content\/uploads\/2023\/11\/Dinar-Nadal-2023-raclette-768x768.png 768w, https:\/\/casalparis.cat\/wp-content\/uploads\/2023\/11\/Dinar-Nadal-2023-raclette.png 1080w\" sizes=\"auto, (max-width: 300px) 100vw, 300px\" \/><\/p>\n<p data-redactor-style-cache=\"margin: 0px;\"><a href=\"https:\/\/www.helloasso.com\/associations\/casal-de-catalunya-de-paris\/evenements\/dinar-de-nadal-2023-repas-de-noel-2023\">Reserves<\/a><\/p>\n<p data-redactor-style-cache=\"margin: 0px;\"><img loading=\"lazy\" decoding=\"async\" class=\"alignnone wp-image-2949 size-thumbnail\" src=\"https:\/\/casalparis.cat\/wp-content\/uploads\/2023\/11\/qrcode-150x150.png\" alt=\"\" width=\"150\" height=\"150\" srcset=\"https:\/\/casalparis.cat\/wp-content\/uploads\/2023\/11\/qrcode-150x150.png 150w, https:\/\/casalparis.cat\/wp-content\/uploads\/2023\/11\/qrcode-300x300.png 300w, https:\/\/casalparis.cat\/wp-content\/uploads\/2023\/11\/qrcode.png 600w\" sizes=\"auto, (max-width: 150px) 100vw, 150px\" \/><\/p>","excerpt":"","slug":"10-12-2023-dinar-de-nadal","image":{"url":"https:\/\/casalparis.cat\/wp-content\/uploads\/2023\/11\/Dinar-Nadal-2023.jpg","id":2948,"extension":"jpg","width":1080,"height":1080,"filesize":216001,"sizes":{"medium":{"width":300,"height":300,"mime-type":"image\/jpeg","filesize":26800,"url":"https:\/\/casalparis.cat\/wp-content\/uploads\/2023\/11\/Dinar-Nadal-2023-300x300.jpg"},"large":{"width":1024,"height":1024,"mime-type":"image\/jpeg","filesize":184844,"url":"https:\/\/casalparis.cat\/wp-content\/uploads\/2023\/11\/Dinar-Nadal-2023-1024x1024.jpg"},"thumbnail":{"width":150,"height":150,"mime-type":"image\/jpeg","filesize":9769,"url":"https:\/\/casalparis.cat\/wp-content\/uploads\/2023\/11\/Dinar-Nadal-2023-150x150.jpg"},"medium_large":{"width":768,"height":768,"mime-type":"image\/jpeg","filesize":116586,"url":"https:\/\/casalparis.cat\/wp-content\/uploads\/2023\/11\/Dinar-Nadal-2023-768x768.jpg"},"post-thumbnail":{"width":1000,"height":288,"mime-type":"image\/jpeg","filesize":60453,"url":"https:\/\/casalparis.cat\/wp-content\/uploads\/2023\/11\/Dinar-Nadal-2023-1000x288.jpg"},"large-feature":{"width":1000,"height":288,"mime-type":"image\/jpeg","filesize":60453,"url":"https:\/\/casalparis.cat\/wp-content\/uploads\/2023\/11\/Dinar-Nadal-2023-1000x288.jpg"},"small-feature":{"width":300,"height":300,"mime-type":"image\/jpeg","filesize":26800,"url":"https:\/\/casalparis.cat\/wp-content\/uploads\/2023\/11\/Dinar-Nadal-2023-300x300.jpg"}}},"all_day":true,"start_date":"2023-12-10 00:00:00","start_date_details":{"year":"2023","month":"12","day":"10","hour":"00","minutes":"00","seconds":"00"},"end_date":"2023-12-10 23:59:59","end_date_details":{"year":"2023","month":"12","day":"10","hour":"23","minutes":"59","seconds":"59"},"utc_start_date":"2023-12-09 23:00:00","utc_start_date_details":{"year":"2023","month":"12","day":"09","hour":"23","minutes":"00","seconds":"00"},"utc_end_date":"2023-12-10 22:59:59","utc_end_date_details":{"year":"2023","month":"12","day":"10","hour":"22","minutes":"59","seconds":"59"},"timezone":"Europe\/Paris","timezone_abbr":"CET","cost":"","cost_details":{"currency_symbol":"","currency_code":"","currency_position":"prefix","values":[]},"website":"https:\/\/www.helloasso.com\/associations\/casal-de-catalunya-de-paris\/evenements\/dinar-de-nadal-2023-repas-de-noel-2023","show_map":true,"show_map_link":false,"hide_from_listings":false,"sticky":false,"featured":false,"categories":[{"name":"Agenda","slug":"agenda","term_group":0,"term_taxonomy_id":68,"taxonomy":"tribe_events_cat","description":"","parent":0,"count":211,"filter":"raw","id":68,"urls":{"self":"https:\/\/casalparis.cat\/index.php?rest_route=\/tribe\/events\/v1\/categories\/68","collection":"https:\/\/casalparis.cat\/index.php?rest_route=\/tribe\/events\/v1\/categories"}}],"tags":[{"name":"Agenda","slug":"agenda","term_group":0,"term_taxonomy_id":67,"taxonomy":"post_tag","description":"","parent":0,"count":212,"filter":"raw","id":67,"urls":{"self":"https:\/\/casalparis.cat\/index.php?rest_route=\/tribe\/events\/v1\/tags\/67","collection":"https:\/\/casalparis.cat\/index.php?rest_route=\/tribe\/events\/v1\/tags"}},{"name":"BonesFestes","slug":"bonesfestes","term_group":0,"term_taxonomy_id":437,"taxonomy":"post_tag","description":"","parent":0,"count":4,"filter":"raw","id":437,"urls":{"self":"https:\/\/casalparis.cat\/index.php?rest_route=\/tribe\/events\/v1\/tags\/437","collection":"https:\/\/casalparis.cat\/index.php?rest_route=\/tribe\/events\/v1\/tags"}},{"name":"CagaTio","slug":"cagatio","term_group":0,"term_taxonomy_id":428,"taxonomy":"post_tag","description":"","parent":0,"count":4,"filter":"raw","id":428,"urls":{"self":"https:\/\/casalparis.cat\/index.php?rest_route=\/tribe\/events\/v1\/tags\/428","collection":"https:\/\/casalparis.cat\/index.php?rest_route=\/tribe\/events\/v1\/tags"}},{"name":"casalparis","slug":"casalparis","term_group":0,"term_taxonomy_id":23,"taxonomy":"post_tag","description":"","parent":0,"count":166,"filter":"raw","id":23,"urls":{"self":"https:\/\/casalparis.cat\/index.php?rest_route=\/tribe\/events\/v1\/tags\/23","collection":"https:\/\/casalparis.cat\/index.php?rest_route=\/tribe\/events\/v1\/tags"}},{"name":"DinardeNadal","slug":"dinardenadal","term_group":0,"term_taxonomy_id":432,"taxonomy":"post_tag","description":"","parent":0,"count":2,"filter":"raw","id":432,"urls":{"self":"https:\/\/casalparis.cat\/index.php?rest_route=\/tribe\/events\/v1\/tags\/432","collection":"https:\/\/casalparis.cat\/index.php?rest_route=\/tribe\/events\/v1\/tags"}},{"name":"festes","slug":"festes","term_group":0,"term_taxonomy_id":281,"taxonomy":"post_tag","description":"","parent":0,"count":5,"filter":"raw","id":281,"urls":{"self":"https:\/\/casalparis.cat\/index.php?rest_route=\/tribe\/events\/v1\/tags\/281","collection":"https:\/\/casalparis.cat\/index.php?rest_route=\/tribe\/events\/v1\/tags"}},{"name":"somcasal","slug":"somcasal","term_group":0,"term_taxonomy_id":22,"taxonomy":"post_tag","description":"","parent":0,"count":167,"filter":"raw","id":22,"urls":{"self":"https:\/\/casalparis.cat\/index.php?rest_route=\/tribe\/events\/v1\/tags\/22","collection":"https:\/\/casalparis.cat\/index.php?rest_route=\/tribe\/events\/v1\/tags"}},{"name":"tradicions","slug":"tradicions","term_group":0,"term_taxonomy_id":352,"taxonomy":"post_tag","description":"","parent":0,"count":12,"filter":"raw","id":352,"urls":{"self":"https:\/\/casalparis.cat\/index.php?rest_route=\/tribe\/events\/v1\/tags\/352","collection":"https:\/\/casalparis.cat\/index.php?rest_route=\/tribe\/events\/v1\/tags"}}],"venue":{"id":379,"author":"1","status":"publish","date":"2019-03-11 22:54:53","date_utc":"2019-03-11 21:54:53","modified":"2019-03-11 22:54:53","modified_utc":"2019-03-11 21:54:53","url":"https:\/\/casalparis.cat\/?tribe_venue=bois-fleuri","venue":"Bois Fleuri","slug":"bois-fleuri","address":"9 Rue H\u00e9g\u00e9sippe Moreau","city":"Avon","country":"Fran\u00e7a","zip":"77210","json_ld":{"@type":"Place","name":"Bois Fleuri","description":"","url":"","address":{"@type":"PostalAddress","streetAddress":"9 Rue H\u00e9g\u00e9sippe Moreau","addressLocality":"Avon","postalCode":"77210","addressCountry":"Fran\u00e7a"},"telephone":"","sameAs":""},"show_map":true,"show_map_link":true,"global_id":"casalparis.cat?id=379","global_id_lineage":["casalparis.cat?id=379"]},"organizer":[{"id":190,"author":"1","status":"publish","date":"2018-10-09 00:15:27","date_utc":"2018-10-08 22:15:27","modified":"2018-10-09 00:15:27","modified_utc":"2018-10-08 22:15:27","url":"https:\/\/casalparis.cat\/?tribe_organizer=casal-de-catalunya-de-paris","organizer":"Casal de Catalunya de Paris","slug":"casal-de-catalunya-de-paris","json_ld":{"@type":"Person","name":"Casal de Catalunya de Paris","description":"","url":"","telephone":"","email":"","sameAs":""},"global_id":"casalparis.cat?id=190","global_id_lineage":["casalparis.cat?id=190"]},{"id":730,"author":"1","status":"publish","date":"2019-06-10 15:52:57","date_utc":"2019-06-10 13:52:57","modified":"2019-06-10 15:52:57","modified_utc":"2019-06-10 13:52:57","url":"https:\/\/casalparis.cat\/?tribe_organizer=amicale-des-catalans-de-paris-et-ile-de-france","organizer":"Amicale des Catalans de Paris et Ile de France","slug":"amicale-des-catalans-de-paris-et-ile-de-france","email":"amicale@catalansdeparis.org","json_ld":{"@type":"Person","name":"Amicale des Catalans de Paris et Ile de France","description":"","url":"","telephone":"","email":"&#97;&#109;&#105;c&#97;&#108;&#101;&#64;&#99;&#97;&#116;ala&#110;s&#100;ep&#97;r&#105;s&#46;org","sameAs":""},"global_id":"casalparis.cat?id=730","global_id_lineage":["casalparis.cat?id=730"]}],"custom_fields":[],"json_ld":{"@context":"http:\/\/schema.org","@type":"Event","name":"10\/12\/2023 Dinar de Nadal","description":"&lt;p&gt;La date est fix\u00e9e au dimanche 10 d\u00e9cembre pour le traditionnel repas de No\u00ebl. Conjointement, les associations Casal de Catalunya de Paris et Amicale des catalans d\\'Ile de France, organisent comme chaque ann\u00e9e un d\u00e9jeuner \u00e0 l\\'occasion de f\u00eates de &hellip; &lt;a href=&quot;https:\/\/casalparis.cat\/?tribe_events=10-12-2023-dinar-de-nadal&quot;&gt;Continua llegint &lt;span class=&quot;meta-nav&quot;&gt;&rarr;&lt;\/span&gt;&lt;\/a&gt;&lt;\/p&gt;\\n","image":"https:\/\/casalparis.cat\/wp-content\/uploads\/2023\/11\/Dinar-Nadal-2023.jpg","url":"https:\/\/casalparis.cat\/?tribe_events=10-12-2023-dinar-de-nadal","eventAttendanceMode":"https:\/\/schema.org\/OfflineEventAttendanceMode","eventStatus":"https:\/\/schema.org\/EventScheduled","startDate":"2023-12-10T00:00:00+01:00","endDate":"2023-12-10T23:59:59+01:00","location":{"@type":"Place","name":"Bois Fleuri","description":"","url":"","address":{"@type":"PostalAddress","streetAddress":"9 Rue H\u00e9g\u00e9sippe Moreau","addressLocality":"Avon","postalCode":"77210","addressCountry":"Fran\u00e7a"},"telephone":"","sameAs":""},"organizer":{"@type":"Person","name":"Casal de Catalunya de Paris","description":"","url":"","telephone":"","email":"","sameAs":""},"performer":"Organization"}}