{"id":2770,"global_id":"casalparis.cat?id=2770","global_id_lineage":["casalparis.cat?id=2770"],"author":"1","status":"publish","date":"2023-09-03 12:44:25","date_utc":"2023-09-03 10:44:25","modified":"2023-09-30 22:05:36","modified_utc":"2023-09-30 20:05:36","url":"https:\/\/casalparis.cat\/?tribe_events=del-29-09-a-l01-10-fira-linguafest","rest_url":"https:\/\/casalparis.cat\/index.php?rest_route=\/tribe\/events\/v1\/events\/2770","title":"Del 29\/09 a l&#8217;01\/10 Fira linguafest","description":"<p><img loading=\"lazy\" decoding=\"async\" class=\"aligncenter wp-image-2771 size-full\" src=\"https:\/\/casalparis.cat\/wp-content\/uploads\/2023\/09\/Capture-decran-2023-09-02-a-12.17.12.png\" alt=\"\" width=\"912\" height=\"329\" srcset=\"https:\/\/casalparis.cat\/wp-content\/uploads\/2023\/09\/Capture-decran-2023-09-02-a-12.17.12.png 912w, https:\/\/casalparis.cat\/wp-content\/uploads\/2023\/09\/Capture-decran-2023-09-02-a-12.17.12-300x108.png 300w, https:\/\/casalparis.cat\/wp-content\/uploads\/2023\/09\/Capture-decran-2023-09-02-a-12.17.12-768x277.png 768w, https:\/\/casalparis.cat\/wp-content\/uploads\/2023\/09\/Capture-decran-2023-09-02-a-12.17.12-500x180.png 500w\" sizes=\"auto, (max-width: 912px) 100vw, 912px\" \/><\/p>\n<p>El Casal de Catalunya, amb el suport dels lectors de la Sorbona, participar\u00e0 a la fira &#8220;Linguafest&#8221; que tindr\u00e0 lloc del divendres 29\/09 al diumenge 01\/10 a la sala Les Blancs Manteaux del Marais.<\/p>\n<p><a href=\"https:\/\/casalparis.cat\/wp-content\/uploads\/2023\/09\/Linguafest-Affiche-v2.pdf\">Linguafest Affiche v2<\/a><\/p>\n<p>Linguafest \u00e9s una fira organitzada pel &#8220;Mus\u00e9e des langues Mundolingua&#8221; que presenta una multitut de lleng\u00fces des de diferents \u00e0mbits amb espais reservats a:<\/p>\n<p>1.\u00a0<strong>Editors i llibreters<\/strong><\/p>\n<p>2. <strong>Estades ling\u00fcistiques<\/strong><\/p>\n<p>3.<strong> Espai de confer\u00e8ncies i esdeveniments <\/strong><\/p>\n<p>4. <strong>Escoles d&#8217;idiomes<\/strong><\/p>\n<p>5.\u00a0<strong>Les grans <\/strong><strong>Institucions<\/strong><\/p>\n<p>6.\u00a0<strong>Centres culturals<\/strong><\/p>\n<p>7.\u00a0<strong>Diverses associacions<\/strong><\/p>\n<p>Ajudeu-nos a fer ress<span id=\"e-ct\"><span data-redactor-span=\"true\" data-redactor-style-cache=\"color: rgb(0, 0, 0);\">\u00f3<\/span><\/span> de la nostra llengua i passeu a veure&#8217;ns. I sobretot, si teniu ganes d&#8217;aprendre catal\u00e0, feu-nos-ho saber!<\/p>\n<p>************<\/p>\n<p><em>Le Casal de Catalunya en collaboration avec les professeurs de catalan de la Sorbonne, participera au salon Linguafest qui aura lieu du vendredi 29\/09 au dimanche 01\/10 \u00e0 la Halle Les Blanc Manteaux dans le quartier du Marais.<\/em><\/p>\n<p><em>Linguafest est un salon organis\u00e9 par le &#8220;Mus\u00e9e des langues Mundolingua&#8221; qui pr\u00e9sente une multitude de langues sous diff\u00e9rents angles avec des espaces d\u00e9di\u00e9s \u00e0:<\/em><\/p>\n<p><em>1.\u00a0<strong>Editeurs et libraires<\/strong> <\/em><\/p>\n<p><em>2.\u00a0<strong>S\u00e9jours linguistiques<\/strong> <\/em><\/p>\n<p><em>3.<strong>\u00a0Espace Conf\u00e9rence et \u00e9v\u00e9nements<\/strong> :<\/em><\/p>\n<p><em>4.\u00a0<strong>\u00c9coles de langues<\/strong> <\/em><\/p>\n<p><em>5.\u00a0<strong>Les grandes\u00a0<\/strong><strong>Institutions<\/strong><\/em><\/p>\n<p><em>6.\u00a0<strong>Centres culturels<\/strong> <\/em><\/p>\n<p><em>7.\u00a0<strong>Diverses associations<\/strong> <\/em><\/p>\n<p><em>Venez nous aider \u00e0 faire diffusion de la langue catalane et passez nous voir. Et surtout, si vous avez envie d&#8217;apprendre le catalan, faites-nous-le savoir!<\/em><\/p>\n<p>&nbsp;<\/p>\n<p><strong><img loading=\"lazy\" decoding=\"async\" class=\"alignnone size-medium wp-image-2841\" src=\"https:\/\/casalparis.cat\/wp-content\/uploads\/2023\/09\/Linguafest-2023-09-30-at-21.47.04-1-203x300.jpeg\" alt=\"\" width=\"203\" height=\"300\" srcset=\"https:\/\/casalparis.cat\/wp-content\/uploads\/2023\/09\/Linguafest-2023-09-30-at-21.47.04-1-203x300.jpeg 203w, https:\/\/casalparis.cat\/wp-content\/uploads\/2023\/09\/Linguafest-2023-09-30-at-21.47.04-1-693x1024.jpeg 693w, https:\/\/casalparis.cat\/wp-content\/uploads\/2023\/09\/Linguafest-2023-09-30-at-21.47.04-1-768x1135.jpeg 768w, https:\/\/casalparis.cat\/wp-content\/uploads\/2023\/09\/Linguafest-2023-09-30-at-21.47.04-1.jpeg 966w\" sizes=\"auto, (max-width: 203px) 100vw, 203px\" \/><\/strong><strong><img loading=\"lazy\" decoding=\"async\" class=\"alignnone size-medium wp-image-2836\" src=\"https:\/\/casalparis.cat\/wp-content\/uploads\/2023\/09\/Linguafest-2023-09-30-at-21.48.16-1-169x300.jpeg\" alt=\"\" width=\"169\" height=\"300\" srcset=\"https:\/\/casalparis.cat\/wp-content\/uploads\/2023\/09\/Linguafest-2023-09-30-at-21.48.16-1-169x300.jpeg 169w, https:\/\/casalparis.cat\/wp-content\/uploads\/2023\/09\/Linguafest-2023-09-30-at-21.48.16-1-577x1024.jpeg 577w, https:\/\/casalparis.cat\/wp-content\/uploads\/2023\/09\/Linguafest-2023-09-30-at-21.48.16-1-768x1364.jpeg 768w, https:\/\/casalparis.cat\/wp-content\/uploads\/2023\/09\/Linguafest-2023-09-30-at-21.48.16-1-865x1536.jpeg 865w, https:\/\/casalparis.cat\/wp-content\/uploads\/2023\/09\/Linguafest-2023-09-30-at-21.48.16-1.jpeg 901w\" sizes=\"auto, (max-width: 169px) 100vw, 169px\" \/><\/strong><strong><img loading=\"lazy\" decoding=\"async\" class=\"alignnone size-medium wp-image-2840\" src=\"https:\/\/casalparis.cat\/wp-content\/uploads\/2023\/09\/Linguafest-2023-09-30-at-21.47.03-150x300.jpeg\" alt=\"\" width=\"150\" height=\"300\" srcset=\"https:\/\/casalparis.cat\/wp-content\/uploads\/2023\/09\/Linguafest-2023-09-30-at-21.47.03-150x300.jpeg 150w, https:\/\/casalparis.cat\/wp-content\/uploads\/2023\/09\/Linguafest-2023-09-30-at-21.47.03-512x1024.jpeg 512w, https:\/\/casalparis.cat\/wp-content\/uploads\/2023\/09\/Linguafest-2023-09-30-at-21.47.03-768x1536.jpeg 768w, https:\/\/casalparis.cat\/wp-content\/uploads\/2023\/09\/Linguafest-2023-09-30-at-21.47.03.jpeg 800w\" sizes=\"auto, (max-width: 150px) 100vw, 150px\" \/><\/strong><strong> <img loading=\"lazy\" decoding=\"async\" class=\"alignnone size-medium wp-image-2838\" src=\"https:\/\/casalparis.cat\/wp-content\/uploads\/2023\/09\/Linguafest-2023-09-30-at-21.48.17-1-169x300.jpeg\" alt=\"\" width=\"169\" height=\"300\" srcset=\"https:\/\/casalparis.cat\/wp-content\/uploads\/2023\/09\/Linguafest-2023-09-30-at-21.48.17-1-169x300.jpeg 169w, https:\/\/casalparis.cat\/wp-content\/uploads\/2023\/09\/Linguafest-2023-09-30-at-21.48.17-1-577x1024.jpeg 577w, https:\/\/casalparis.cat\/wp-content\/uploads\/2023\/09\/Linguafest-2023-09-30-at-21.48.17-1-768x1364.jpeg 768w, https:\/\/casalparis.cat\/wp-content\/uploads\/2023\/09\/Linguafest-2023-09-30-at-21.48.17-1-865x1536.jpeg 865w, https:\/\/casalparis.cat\/wp-content\/uploads\/2023\/09\/Linguafest-2023-09-30-at-21.48.17-1.jpeg 901w\" sizes=\"auto, (max-width: 169px) 100vw, 169px\" \/> <img loading=\"lazy\" decoding=\"async\" class=\"alignnone size-medium wp-image-2839\" src=\"https:\/\/casalparis.cat\/wp-content\/uploads\/2023\/09\/Linguafest-2023-09-30-at-21.48.18-300x169.jpeg\" alt=\"\" width=\"300\" height=\"169\" srcset=\"https:\/\/casalparis.cat\/wp-content\/uploads\/2023\/09\/Linguafest-2023-09-30-at-21.48.18-300x169.jpeg 300w, https:\/\/casalparis.cat\/wp-content\/uploads\/2023\/09\/Linguafest-2023-09-30-at-21.48.18-1024x577.jpeg 1024w, https:\/\/casalparis.cat\/wp-content\/uploads\/2023\/09\/Linguafest-2023-09-30-at-21.48.18-768x432.jpeg 768w, https:\/\/casalparis.cat\/wp-content\/uploads\/2023\/09\/Linguafest-2023-09-30-at-21.48.18-1536x865.jpeg 1536w, https:\/\/casalparis.cat\/wp-content\/uploads\/2023\/09\/Linguafest-2023-09-30-at-21.48.18-500x282.jpeg 500w, https:\/\/casalparis.cat\/wp-content\/uploads\/2023\/09\/Linguafest-2023-09-30-at-21.48.18.jpeg 1600w\" sizes=\"auto, (max-width: 300px) 100vw, 300px\" \/>\u00a0\u00a0 <img loading=\"lazy\" decoding=\"async\" class=\"alignnone size-medium wp-image-2842\" src=\"https:\/\/casalparis.cat\/wp-content\/uploads\/2023\/09\/Linguafest-2023-09-30-at-21.47.04-150x300.jpeg\" alt=\"\" width=\"150\" height=\"300\" srcset=\"https:\/\/casalparis.cat\/wp-content\/uploads\/2023\/09\/Linguafest-2023-09-30-at-21.47.04-150x300.jpeg 150w, https:\/\/casalparis.cat\/wp-content\/uploads\/2023\/09\/Linguafest-2023-09-30-at-21.47.04-512x1024.jpeg 512w, https:\/\/casalparis.cat\/wp-content\/uploads\/2023\/09\/Linguafest-2023-09-30-at-21.47.04-768x1536.jpeg 768w, https:\/\/casalparis.cat\/wp-content\/uploads\/2023\/09\/Linguafest-2023-09-30-at-21.47.04.jpeg 800w\" sizes=\"auto, (max-width: 150px) 100vw, 150px\" \/> <img loading=\"lazy\" decoding=\"async\" class=\"alignnone size-medium wp-image-2837\" src=\"https:\/\/casalparis.cat\/wp-content\/uploads\/2023\/09\/Linguafest-2023-09-30-at-21.48.16-225x300.jpeg\" alt=\"\" width=\"225\" height=\"300\" \/><\/strong><\/p>\n<p>&nbsp;<\/p>","excerpt":"","slug":"del-29-09-a-l01-10-fira-linguafest","image":{"url":"https:\/\/casalparis.cat\/wp-content\/uploads\/2023\/09\/Capture-decran-2023-09-02-a-12.17.12.png","id":2771,"extension":"png","width":912,"height":329,"filesize":491090,"sizes":{"medium":{"width":300,"height":108,"mime-type":"image\/png","filesize":52901,"url":"https:\/\/casalparis.cat\/wp-content\/uploads\/2023\/09\/Capture-decran-2023-09-02-a-12.17.12-300x108.png"},"thumbnail":{"width":150,"height":150,"mime-type":"image\/png","filesize":35803,"url":"https:\/\/casalparis.cat\/wp-content\/uploads\/2023\/09\/Capture-decran-2023-09-02-a-12.17.12-150x150.png"},"medium_large":{"width":768,"height":277,"mime-type":"image\/png","filesize":290040,"url":"https:\/\/casalparis.cat\/wp-content\/uploads\/2023\/09\/Capture-decran-2023-09-02-a-12.17.12-768x277.png"},"post-thumbnail":{"width":912,"height":288,"mime-type":"image\/png","filesize":383585,"url":"https:\/\/casalparis.cat\/wp-content\/uploads\/2023\/09\/Capture-decran-2023-09-02-a-12.17.12-912x288.png"},"large-feature":{"width":912,"height":288,"mime-type":"image\/png","filesize":383585,"url":"https:\/\/casalparis.cat\/wp-content\/uploads\/2023\/09\/Capture-decran-2023-09-02-a-12.17.12-912x288.png"},"small-feature":{"width":500,"height":180,"mime-type":"image\/png","filesize":134072,"url":"https:\/\/casalparis.cat\/wp-content\/uploads\/2023\/09\/Capture-decran-2023-09-02-a-12.17.12-500x180.png"}}},"all_day":false,"start_date":"2023-09-29 10:00:00","start_date_details":{"year":"2023","month":"09","day":"29","hour":"10","minutes":"00","seconds":"00"},"end_date":"2023-10-01 18:00:00","end_date_details":{"year":"2023","month":"10","day":"01","hour":"18","minutes":"00","seconds":"00"},"utc_start_date":"2023-09-29 08:00:00","utc_start_date_details":{"year":"2023","month":"09","day":"29","hour":"08","minutes":"00","seconds":"00"},"utc_end_date":"2023-10-01 16:00:00","utc_end_date_details":{"year":"2023","month":"10","day":"01","hour":"16","minutes":"00","seconds":"00"},"timezone":"Europe\/Paris","timezone_abbr":"CEST","cost":"","cost_details":{"currency_symbol":"","currency_code":"","currency_position":"prefix","values":[]},"website":"","show_map":true,"show_map_link":false,"hide_from_listings":false,"sticky":false,"featured":false,"categories":[{"name":"Agenda","slug":"agenda","term_group":0,"term_taxonomy_id":68,"taxonomy":"tribe_events_cat","description":"","parent":0,"count":211,"filter":"raw","id":68,"urls":{"self":"https:\/\/casalparis.cat\/index.php?rest_route=\/tribe\/events\/v1\/categories\/68","collection":"https:\/\/casalparis.cat\/index.php?rest_route=\/tribe\/events\/v1\/categories"}}],"tags":[{"name":"Agenda","slug":"agenda","term_group":0,"term_taxonomy_id":67,"taxonomy":"post_tag","description":"","parent":0,"count":212,"filter":"raw","id":67,"urls":{"self":"https:\/\/casalparis.cat\/index.php?rest_route=\/tribe\/events\/v1\/tags\/67","collection":"https:\/\/casalparis.cat\/index.php?rest_route=\/tribe\/events\/v1\/tags"}},{"name":"casalparis","slug":"casalparis","term_group":0,"term_taxonomy_id":23,"taxonomy":"post_tag","description":"","parent":0,"count":166,"filter":"raw","id":23,"urls":{"self":"https:\/\/casalparis.cat\/index.php?rest_route=\/tribe\/events\/v1\/tags\/23","collection":"https:\/\/casalparis.cat\/index.php?rest_route=\/tribe\/events\/v1\/tags"}},{"name":"catal\u00e0","slug":"catala","term_group":0,"term_taxonomy_id":97,"taxonomy":"post_tag","description":"","parent":0,"count":110,"filter":"raw","id":97,"urls":{"self":"https:\/\/casalparis.cat\/index.php?rest_route=\/tribe\/events\/v1\/tags\/97","collection":"https:\/\/casalparis.cat\/index.php?rest_route=\/tribe\/events\/v1\/tags"}},{"name":"Centre Etudes Catalanes","slug":"centre-etudes-catalanes","term_group":0,"term_taxonomy_id":385,"taxonomy":"post_tag","description":"","parent":0,"count":11,"filter":"raw","id":385,"urls":{"self":"https:\/\/casalparis.cat\/index.php?rest_route=\/tribe\/events\/v1\/tags\/385","collection":"https:\/\/casalparis.cat\/index.php?rest_route=\/tribe\/events\/v1\/tags"}},{"name":"LaSorbonne","slug":"lasorbonne","term_group":0,"term_taxonomy_id":452,"taxonomy":"post_tag","description":"","parent":0,"count":17,"filter":"raw","id":452,"urls":{"self":"https:\/\/casalparis.cat\/index.php?rest_route=\/tribe\/events\/v1\/tags\/452","collection":"https:\/\/casalparis.cat\/index.php?rest_route=\/tribe\/events\/v1\/tags"}},{"name":"paris","slug":"paris","term_group":0,"term_taxonomy_id":38,"taxonomy":"post_tag","description":"","parent":0,"count":197,"filter":"raw","id":38,"urls":{"self":"https:\/\/casalparis.cat\/index.php?rest_route=\/tribe\/events\/v1\/tags\/38","collection":"https:\/\/casalparis.cat\/index.php?rest_route=\/tribe\/events\/v1\/tags"}},{"name":"somcasal","slug":"somcasal","term_group":0,"term_taxonomy_id":22,"taxonomy":"post_tag","description":"","parent":0,"count":167,"filter":"raw","id":22,"urls":{"self":"https:\/\/casalparis.cat\/index.php?rest_route=\/tribe\/events\/v1\/tags\/22","collection":"https:\/\/casalparis.cat\/index.php?rest_route=\/tribe\/events\/v1\/tags"}}],"venue":{"id":115,"author":"1","status":"publish","date":"2018-09-07 12:09:35","date_utc":"2018-09-07 10:09:35","modified":"2018-09-07 12:09:35","modified_utc":"2018-09-07 10:09:35","url":"https:\/\/casalparis.cat\/?tribe_venue=la-halle-des-blancs-manteaux","venue":"La Halle Des Blancs Manteaux","slug":"la-halle-des-blancs-manteaux","address":"48 rue Vieille du Temple","city":"Par\u00eds","country":"Fran\u00e7a","zip":"75004","json_ld":{"@type":"Place","name":"La Halle Des Blancs Manteaux","description":"","url":"","address":{"@type":"PostalAddress","streetAddress":"48 rue Vieille du Temple","addressLocality":"Par\u00eds","postalCode":"75004","addressCountry":"Fran\u00e7a"},"telephone":"","sameAs":""},"show_map":true,"show_map_link":true,"global_id":"casalparis.cat?id=115","global_id_lineage":["casalparis.cat?id=115"]},"organizer":[],"custom_fields":[],"json_ld":{"@context":"http:\/\/schema.org","@type":"Event","name":"Del 29\/09 a l&#8217;01\/10 Fira linguafest","description":"&lt;p&gt;El Casal de Catalunya, amb el suport dels lectors de la Sorbona, participar\u00e0 a la fira &quot;Linguafest&quot; que tindr\u00e0 lloc del divendres 29\/09 al diumenge 01\/10 a la sala Les Blancs Manteaux del Marais. Linguafest Affiche v2 Linguafest \u00e9s una &hellip; &lt;a href=&quot;https:\/\/casalparis.cat\/?tribe_events=del-29-09-a-l01-10-fira-linguafest&quot;&gt;Continua llegint &lt;span class=&quot;meta-nav&quot;&gt;&rarr;&lt;\/span&gt;&lt;\/a&gt;&lt;\/p&gt;\\n","image":"https:\/\/casalparis.cat\/wp-content\/uploads\/2023\/09\/Capture-decran-2023-09-02-a-12.17.12.png","url":"https:\/\/casalparis.cat\/?tribe_events=del-29-09-a-l01-10-fira-linguafest","eventAttendanceMode":"https:\/\/schema.org\/OfflineEventAttendanceMode","eventStatus":"https:\/\/schema.org\/EventScheduled","startDate":"2023-09-29T10:00:00+02:00","endDate":"2023-10-01T18:00:00+02:00","location":{"@type":"Place","name":"La Halle Des Blancs Manteaux","description":"","url":"","address":{"@type":"PostalAddress","streetAddress":"48 rue Vieille du Temple","addressLocality":"Par\u00eds","postalCode":"75004","addressCountry":"Fran\u00e7a"},"telephone":"","sameAs":""},"performer":"Organization"}}