{"id":2704,"global_id":"casalparis.cat?id=2704","global_id_lineage":["casalparis.cat?id=2704"],"author":"1","status":"publish","date":"2023-05-28 22:21:12","date_utc":"2023-05-28 20:21:12","modified":"2023-07-04 22:18:26","modified_utc":"2023-07-04 20:18:26","url":"https:\/\/casalparis.cat\/?tribe_events=09-07-2023-cargolada","rest_url":"https:\/\/casalparis.cat\/index.php?rest_route=\/tribe\/events\/v1\/events\/2704","title":"09\/07\/2023 Cargolada anul.lada","description":"<p><img loading=\"lazy\" decoding=\"async\" class=\"size-medium wp-image-2722 alignright\" src=\"https:\/\/casalparis.cat\/wp-content\/uploads\/2023\/05\/Cargolade-FR-CXL-300x300.jpg\" alt=\"\" width=\"300\" height=\"300\" srcset=\"https:\/\/casalparis.cat\/wp-content\/uploads\/2023\/05\/Cargolade-FR-CXL-300x300.jpg 300w, https:\/\/casalparis.cat\/wp-content\/uploads\/2023\/05\/Cargolade-FR-CXL-1024x1024.jpg 1024w, https:\/\/casalparis.cat\/wp-content\/uploads\/2023\/05\/Cargolade-FR-CXL-150x150.jpg 150w, https:\/\/casalparis.cat\/wp-content\/uploads\/2023\/05\/Cargolade-FR-CXL-768x768.jpg 768w, https:\/\/casalparis.cat\/wp-content\/uploads\/2023\/05\/Cargolade-FR-CXL.jpg 1080w\" sizes=\"auto, (max-width: 300px) 100vw, 300px\" \/><img loading=\"lazy\" decoding=\"async\" class=\"size-medium wp-image-2723 alignleft\" src=\"https:\/\/casalparis.cat\/wp-content\/uploads\/2023\/05\/Cargolada-CAT-CXL-300x300.jpg\" alt=\"\" width=\"300\" height=\"300\" srcset=\"https:\/\/casalparis.cat\/wp-content\/uploads\/2023\/05\/Cargolada-CAT-CXL-300x300.jpg 300w, https:\/\/casalparis.cat\/wp-content\/uploads\/2023\/05\/Cargolada-CAT-CXL-1024x1024.jpg 1024w, https:\/\/casalparis.cat\/wp-content\/uploads\/2023\/05\/Cargolada-CAT-CXL-150x150.jpg 150w, https:\/\/casalparis.cat\/wp-content\/uploads\/2023\/05\/Cargolada-CAT-CXL-768x768.jpg 768w, https:\/\/casalparis.cat\/wp-content\/uploads\/2023\/05\/Cargolada-CAT-CXL.jpg 1080w\" sizes=\"auto, (max-width: 300px) 100vw, 300px\" \/><\/p>\n<p>Malauradament, la sequera no ens permet poder organitzar la cargolada tal i com haviem previst. Els cargols no han tingut prou aigua!!!<\/p>\n<p>Ens veiem obligats a anul\u00b7lar l&#8217;esdeveniment esperant poder-vos-la proposar en una altra ocasi\u00f3. Perdoneu les mol\u00e8sties. Contactarem a totes les persones que han reservat per reemborsar el pagament.<\/p>\n<p>Malheureusement la s\u00e9cheresse ne nous permet pas de tenir la cargolade tel que nous l&#8217;avions pr\u00e9vu. Les escargots n&#8217;ont pas eu assez d&#8217;eau !!!<\/p>\n<p>On est oblig\u00e9s d&#8217;annuler cet \u00e9v\u00e9nement et on esp\u00e8re pouvoir vous le proposer \u00e0 une autre occasion. Veuillez nous en excuser.<\/p>\n<p>On contactera toutes les personnes qui ont fait le pre-paiement pour organiser le remboursement.<\/p>\n<p>&nbsp;<\/p>","excerpt":"","slug":"09-07-2023-cargolada","image":{"url":"https:\/\/casalparis.cat\/wp-content\/uploads\/2023\/05\/Cargolada-CAT-CXL.jpg","id":2723,"extension":"jpg","width":1080,"height":1080,"filesize":137199,"sizes":{"medium":{"width":300,"height":300,"mime-type":"image\/jpeg","filesize":24553,"url":"https:\/\/casalparis.cat\/wp-content\/uploads\/2023\/05\/Cargolada-CAT-CXL-300x300.jpg"},"large":{"width":1024,"height":1024,"mime-type":"image\/jpeg","filesize":120886,"url":"https:\/\/casalparis.cat\/wp-content\/uploads\/2023\/05\/Cargolada-CAT-CXL-1024x1024.jpg"},"thumbnail":{"width":150,"height":150,"mime-type":"image\/jpeg","filesize":11328,"url":"https:\/\/casalparis.cat\/wp-content\/uploads\/2023\/05\/Cargolada-CAT-CXL-150x150.jpg"},"medium_large":{"width":768,"height":768,"mime-type":"image\/jpeg","filesize":82207,"url":"https:\/\/casalparis.cat\/wp-content\/uploads\/2023\/05\/Cargolada-CAT-CXL-768x768.jpg"},"post-thumbnail":{"width":1000,"height":288,"mime-type":"image\/jpeg","filesize":34814,"url":"https:\/\/casalparis.cat\/wp-content\/uploads\/2023\/05\/Cargolada-CAT-CXL-1000x288.jpg"},"large-feature":{"width":1000,"height":288,"mime-type":"image\/jpeg","filesize":34814,"url":"https:\/\/casalparis.cat\/wp-content\/uploads\/2023\/05\/Cargolada-CAT-CXL-1000x288.jpg"},"small-feature":{"width":300,"height":300,"mime-type":"image\/jpeg","filesize":24553,"url":"https:\/\/casalparis.cat\/wp-content\/uploads\/2023\/05\/Cargolada-CAT-CXL-300x300.jpg"}}},"all_day":false,"start_date":"2023-07-08 08:00:00","start_date_details":{"year":"2023","month":"07","day":"08","hour":"08","minutes":"00","seconds":"00"},"end_date":"2023-07-08 17:00:00","end_date_details":{"year":"2023","month":"07","day":"08","hour":"17","minutes":"00","seconds":"00"},"utc_start_date":"2023-07-08 06:00:00","utc_start_date_details":{"year":"2023","month":"07","day":"08","hour":"06","minutes":"00","seconds":"00"},"utc_end_date":"2023-07-08 15:00:00","utc_end_date_details":{"year":"2023","month":"07","day":"08","hour":"15","minutes":"00","seconds":"00"},"timezone":"Europe\/Paris","timezone_abbr":"CEST","cost":"","cost_details":{"currency_symbol":"","currency_code":"","currency_position":"prefix","values":[]},"website":"","show_map":true,"show_map_link":false,"hide_from_listings":false,"sticky":false,"featured":false,"categories":[{"name":"Agenda","slug":"agenda","term_group":0,"term_taxonomy_id":68,"taxonomy":"tribe_events_cat","description":"","parent":0,"count":211,"filter":"raw","id":68,"urls":{"self":"https:\/\/casalparis.cat\/index.php?rest_route=\/tribe\/events\/v1\/categories\/68","collection":"https:\/\/casalparis.cat\/index.php?rest_route=\/tribe\/events\/v1\/categories"}}],"tags":[{"name":"Agenda","slug":"agenda","term_group":0,"term_taxonomy_id":67,"taxonomy":"post_tag","description":"","parent":0,"count":212,"filter":"raw","id":67,"urls":{"self":"https:\/\/casalparis.cat\/index.php?rest_route=\/tribe\/events\/v1\/tags\/67","collection":"https:\/\/casalparis.cat\/index.php?rest_route=\/tribe\/events\/v1\/tags"}},{"name":"AmicaleCatalansIledeFrance","slug":"amicalecatalansiledefrance","term_group":0,"term_taxonomy_id":443,"taxonomy":"post_tag","description":"","parent":0,"count":3,"filter":"raw","id":443,"urls":{"self":"https:\/\/casalparis.cat\/index.php?rest_route=\/tribe\/events\/v1\/tags\/443","collection":"https:\/\/casalparis.cat\/index.php?rest_route=\/tribe\/events\/v1\/tags"}},{"name":"cargolada","slug":"cargolada","term_group":0,"term_taxonomy_id":103,"taxonomy":"post_tag","description":"","parent":0,"count":3,"filter":"raw","id":103,"urls":{"self":"https:\/\/casalparis.cat\/index.php?rest_route=\/tribe\/events\/v1\/tags\/103","collection":"https:\/\/casalparis.cat\/index.php?rest_route=\/tribe\/events\/v1\/tags"}},{"name":"casalparis","slug":"casalparis","term_group":0,"term_taxonomy_id":23,"taxonomy":"post_tag","description":"","parent":0,"count":166,"filter":"raw","id":23,"urls":{"self":"https:\/\/casalparis.cat\/index.php?rest_route=\/tribe\/events\/v1\/tags\/23","collection":"https:\/\/casalparis.cat\/index.php?rest_route=\/tribe\/events\/v1\/tags"}},{"name":"gastronomia","slug":"gastronomia","term_group":0,"term_taxonomy_id":247,"taxonomy":"post_tag","description":"","parent":0,"count":3,"filter":"raw","id":247,"urls":{"self":"https:\/\/casalparis.cat\/index.php?rest_route=\/tribe\/events\/v1\/tags\/247","collection":"https:\/\/casalparis.cat\/index.php?rest_route=\/tribe\/events\/v1\/tags"}},{"name":"somcasal","slug":"somcasal","term_group":0,"term_taxonomy_id":22,"taxonomy":"post_tag","description":"","parent":0,"count":167,"filter":"raw","id":22,"urls":{"self":"https:\/\/casalparis.cat\/index.php?rest_route=\/tribe\/events\/v1\/tags\/22","collection":"https:\/\/casalparis.cat\/index.php?rest_route=\/tribe\/events\/v1\/tags"}},{"name":"tradicions","slug":"tradicions","term_group":0,"term_taxonomy_id":352,"taxonomy":"post_tag","description":"","parent":0,"count":12,"filter":"raw","id":352,"urls":{"self":"https:\/\/casalparis.cat\/index.php?rest_route=\/tribe\/events\/v1\/tags\/352","collection":"https:\/\/casalparis.cat\/index.php?rest_route=\/tribe\/events\/v1\/tags"}}],"venue":{"id":379,"author":"1","status":"publish","date":"2019-03-11 22:54:53","date_utc":"2019-03-11 21:54:53","modified":"2019-03-11 22:54:53","modified_utc":"2019-03-11 21:54:53","url":"https:\/\/casalparis.cat\/?tribe_venue=bois-fleuri","venue":"Bois Fleuri","slug":"bois-fleuri","address":"9 Rue H\u00e9g\u00e9sippe Moreau","city":"Avon","country":"Fran\u00e7a","zip":"77210","json_ld":{"@type":"Place","name":"Bois Fleuri","description":"","url":"","address":{"@type":"PostalAddress","streetAddress":"9 Rue H\u00e9g\u00e9sippe Moreau","addressLocality":"Avon","postalCode":"77210","addressCountry":"Fran\u00e7a"},"telephone":"","sameAs":""},"show_map":true,"show_map_link":true,"global_id":"casalparis.cat?id=379","global_id_lineage":["casalparis.cat?id=379"]},"organizer":[{"id":190,"author":"1","status":"publish","date":"2018-10-09 00:15:27","date_utc":"2018-10-08 22:15:27","modified":"2018-10-09 00:15:27","modified_utc":"2018-10-08 22:15:27","url":"https:\/\/casalparis.cat\/?tribe_organizer=casal-de-catalunya-de-paris","organizer":"Casal de Catalunya de Paris","slug":"casal-de-catalunya-de-paris","json_ld":{"@type":"Person","name":"Casal de Catalunya de Paris","description":"","url":"","telephone":"","email":"","sameAs":""},"global_id":"casalparis.cat?id=190","global_id_lineage":["casalparis.cat?id=190"]},{"id":730,"author":"1","status":"publish","date":"2019-06-10 15:52:57","date_utc":"2019-06-10 13:52:57","modified":"2019-06-10 15:52:57","modified_utc":"2019-06-10 13:52:57","url":"https:\/\/casalparis.cat\/?tribe_organizer=amicale-des-catalans-de-paris-et-ile-de-france","organizer":"Amicale des Catalans de Paris et Ile de France","slug":"amicale-des-catalans-de-paris-et-ile-de-france","email":"amicale@catalansdeparis.org","json_ld":{"@type":"Person","name":"Amicale des Catalans de Paris et Ile de France","description":"","url":"","telephone":"","email":"am&#105;&#99;al&#101;&#64;&#99;&#97;ta&#108;&#97;n&#115;de&#112;aris.&#111;rg","sameAs":""},"global_id":"casalparis.cat?id=730","global_id_lineage":["casalparis.cat?id=730"]}],"custom_fields":[],"json_ld":{"@context":"http:\/\/schema.org","@type":"Event","name":"09\/07\/2023 Cargolada anul.lada","description":"&lt;p&gt;Malauradament, la sequera no ens permet poder organitzar la cargolada tal i com haviem previst. Els cargols no han tingut prou aigua!!! Ens veiem obligats a anul\u00b7lar l\\'esdeveniment esperant poder-vos-la proposar en una altra ocasi\u00f3. Perdoneu les mol\u00e8sties. Contactarem a &hellip; &lt;a href=&quot;https:\/\/casalparis.cat\/?tribe_events=09-07-2023-cargolada&quot;&gt;Continua llegint &lt;span class=&quot;meta-nav&quot;&gt;&rarr;&lt;\/span&gt;&lt;\/a&gt;&lt;\/p&gt;\\n","image":"https:\/\/casalparis.cat\/wp-content\/uploads\/2023\/05\/Cargolada-CAT-CXL.jpg","url":"https:\/\/casalparis.cat\/?tribe_events=09-07-2023-cargolada","eventAttendanceMode":"https:\/\/schema.org\/OfflineEventAttendanceMode","eventStatus":"https:\/\/schema.org\/EventCancelled","startDate":"2023-07-08T08:00:00+02:00","endDate":"2023-07-08T17:00:00+02:00","location":{"@type":"Place","name":"Bois Fleuri","description":"","url":"","address":{"@type":"PostalAddress","streetAddress":"9 Rue H\u00e9g\u00e9sippe Moreau","addressLocality":"Avon","postalCode":"77210","addressCountry":"Fran\u00e7a"},"telephone":"","sameAs":""},"organizer":{"@type":"Person","name":"Casal de Catalunya de Paris","description":"","url":"","telephone":"","email":"","sameAs":""},"performer":"Organization"}}