{"id":2670,"global_id":"casalparis.cat?id=2670","global_id_lineage":["casalparis.cat?id=2670"],"author":"1","status":"publish","date":"2023-05-08 09:52:40","date_utc":"2023-05-08 07:52:40","modified":"2023-05-28 22:13:42","modified_utc":"2023-05-28 20:13:42","url":"https:\/\/casalparis.cat\/?tribe_events=28-05-2023-caminada","rest_url":"https:\/\/casalparis.cat\/index.php?rest_route=\/tribe\/events\/v1\/events\/2670","title":"28\/05\/2023 &#8211; Caminada","description":"<p><img loading=\"lazy\" decoding=\"async\" class=\"size-medium wp-image-2665 aligncenter\" src=\"https:\/\/casalparis.cat\/wp-content\/uploads\/2023\/05\/28-maig-2023-caminada-300x300.jpg\" alt=\"\" width=\"300\" height=\"300\" srcset=\"https:\/\/casalparis.cat\/wp-content\/uploads\/2023\/05\/28-maig-2023-caminada-300x300.jpg 300w, https:\/\/casalparis.cat\/wp-content\/uploads\/2023\/05\/28-maig-2023-caminada-1024x1024.jpg 1024w, https:\/\/casalparis.cat\/wp-content\/uploads\/2023\/05\/28-maig-2023-caminada-150x150.jpg 150w, https:\/\/casalparis.cat\/wp-content\/uploads\/2023\/05\/28-maig-2023-caminada-768x768.jpg 768w, https:\/\/casalparis.cat\/wp-content\/uploads\/2023\/05\/28-maig-2023-caminada.jpg 1080w\" sizes=\"auto, (max-width: 300px) 100vw, 300px\" \/><\/p>\n<p>El<strong>\u00a0diumenge 28 de maig<\/strong>\u00a0anirem a caminar a la &#8220;For\u00eat domaniale de Malmaison&#8221;.<br \/>\nSortirem del Parc de Saint Cloud fins a Marne-la-Coquette, travessarem fins a Vaucresson per entrar al bosc de Malmaison. Farem una parada per dinar a l&#8217;estany de Cucufa, i tornarem a agafar el tren &#8220;linia J&#8221; a Garches-Marnes la Coquette.<\/p>\n<p>La ruta fa uns 10km. Us animeu a venir? Prepareu l&#8217;entrep\u00e0, la cantimplora i la motxilla a l&#8217;esquena i\u00a0<strong>envieu-nos un missatge a\u00a0<a href=\"mailto:casal@casalparis.cat\" target=\"_blank\" rel=\"noopener\">casal@casalparis.cat<\/a>\u00a0per facilitar l&#8217;organitzaci\u00f3.<\/strong><\/p>\n<p><strong>Ens trobarem a: 10h00 del mat\u00ed a l&#8217;entrada del Parc de Saint Cloud (Grille Cl\u00e9menceau).<\/strong><\/p>\n<p>La tornada es far\u00e0 des de l&#8217;estaci\u00f3 de Garches-Marnes la Coquette (linia J). NO \u00e9s una ruta circular.<\/p>\n<p>Qu\u00e8 porto?<br \/>\nEl dinar, unes botes de caminar (en alguns trossos pot haver fang si ha plogut), un impermeable per si hi ha quatre gotes, i moltes ganes de passar-t&#8217;ho b\u00e9.<\/p>\n<p>Sabieu que el bosc de Malmaison va robar el cor a Josefina de Beauharnais? I l&#8217;estany de Saint Cucufa (Sant Cugat) fa honor a un martir de Barcelona? Ens veiem i en parlem!<\/p>\n<p><img loading=\"lazy\" decoding=\"async\" class=\"alignnone size-medium wp-image-2663\" src=\"https:\/\/casalparis.cat\/wp-content\/uploads\/2023\/05\/unnamed-1-300x181.png\" alt=\"\" width=\"300\" height=\"181\" srcset=\"https:\/\/casalparis.cat\/wp-content\/uploads\/2023\/05\/unnamed-1-300x181.png 300w, https:\/\/casalparis.cat\/wp-content\/uploads\/2023\/05\/unnamed-1-1024x617.png 1024w, https:\/\/casalparis.cat\/wp-content\/uploads\/2023\/05\/unnamed-1-768x463.png 768w, https:\/\/casalparis.cat\/wp-content\/uploads\/2023\/05\/unnamed-1-498x300.png 498w, https:\/\/casalparis.cat\/wp-content\/uploads\/2023\/05\/unnamed-1.png 1207w\" sizes=\"auto, (max-width: 300px) 100vw, 300px\" \/><\/p>\n<p>*****************<\/p>\n<p><em><strong>Dimanche 28 mai,\u00a0<\/strong>nous allons randonner\u00a0\u00e0 la For\u00eat domaniale de Malmaison.<br \/>\nNous quitterons le parc de Saint Cloud jusqu\u2019\u00e0 Marne-la-Coquette, traverserons vers Vaucresson pour entrer dans la for\u00eat de la Malmaison. Nous nous arr\u00eaterons pour d\u00e9jeuner au lac de Cucufa, et reprendrons le train \u00ab ligne J \u00bb jusqu\u2019\u00e0 Garches-Marnes la Coquette.<\/em><\/p>\n<p>L\u2019itin\u00e9raire est d\u2019environ 10 km. Vous \u00eates motiv\u00e9s pour venir? Pr\u00e9parez votre sandwich, la gourde, le sac \u00e0 dos et envoyez-nous un message\u00a0<strong><a href=\"mailto:casal@casalparis.cat\" target=\"_blank\" rel=\"noopener\">casal@casalparis.cat<\/a><\/strong>\u00a0pour faciliter l\u2019organisation.<\/p>\n<p>Nous nous retrouverons \u00e0 :\u00a0<strong>10h00 \u00e0 l\u2019entr\u00e9e du Parc Saint Cloud (Grille Cl\u00e9menceau).<\/strong><\/p>\n<p>Le retour se fera depuis la station Garches-Marnes la Coquette (ligne J). Ce n\u2019est PAS un itin\u00e9raire circulaire.<\/p>\n<p>Que dois-je prendre?<br \/>\nD\u00e9jeuner, bottes de marche (dans certaines passages, il peut y avoir de la boue s\u2019il a plu), un imperm\u00e9able au cas o\u00f9 il y aurait quatre gouttes, et envie de s&#8217;amuser.<\/p>\n<p>Saviez-vous que la for\u00eat de Malmaison a vol\u00e9 le c\u0153ur \u00e0 Josefina de Beauharnais ? Et le lac de Saint Cucufa (Sant Cugat) honore un martyr de Barcelone? On en parlera!<\/p>\n<p>&nbsp;<\/p>\n<p><strong>La caminada ha anat molt b\u00e9. Moltes gr\u00e0cies a tots els participants. Els kil\u00f2metres ens han passat volant compartint les bones adreces parisines de restaurants, botigues, activitats per fer&#8230;\u00a0<\/strong><\/p>\n<p><img loading=\"lazy\" decoding=\"async\" class=\"alignnone size-medium wp-image-2701\" src=\"https:\/\/casalparis.cat\/wp-content\/uploads\/2023\/05\/IMG-20230528-WA0012-300x225.jpg\" alt=\"\" width=\"300\" height=\"225\" srcset=\"https:\/\/casalparis.cat\/wp-content\/uploads\/2023\/05\/IMG-20230528-WA0012-300x225.jpg 300w, https:\/\/casalparis.cat\/wp-content\/uploads\/2023\/05\/IMG-20230528-WA0012-1024x768.jpg 1024w, https:\/\/casalparis.cat\/wp-content\/uploads\/2023\/05\/IMG-20230528-WA0012-768x576.jpg 768w, https:\/\/casalparis.cat\/wp-content\/uploads\/2023\/05\/IMG-20230528-WA0012-1536x1152.jpg 1536w, https:\/\/casalparis.cat\/wp-content\/uploads\/2023\/05\/IMG-20230528-WA0012-400x300.jpg 400w, https:\/\/casalparis.cat\/wp-content\/uploads\/2023\/05\/IMG-20230528-WA0012.jpg 1920w\" sizes=\"auto, (max-width: 300px) 100vw, 300px\" \/><img loading=\"lazy\" decoding=\"async\" class=\"alignnone size-medium wp-image-2698\" src=\"https:\/\/casalparis.cat\/wp-content\/uploads\/2023\/05\/IMG-20230528-WA0013-300x225.jpg\" alt=\"\" width=\"300\" height=\"225\" srcset=\"https:\/\/casalparis.cat\/wp-content\/uploads\/2023\/05\/IMG-20230528-WA0013-300x225.jpg 300w, https:\/\/casalparis.cat\/wp-content\/uploads\/2023\/05\/IMG-20230528-WA0013-1024x768.jpg 1024w, https:\/\/casalparis.cat\/wp-content\/uploads\/2023\/05\/IMG-20230528-WA0013-768x576.jpg 768w, https:\/\/casalparis.cat\/wp-content\/uploads\/2023\/05\/IMG-20230528-WA0013-1536x1152.jpg 1536w, https:\/\/casalparis.cat\/wp-content\/uploads\/2023\/05\/IMG-20230528-WA0013-400x300.jpg 400w, https:\/\/casalparis.cat\/wp-content\/uploads\/2023\/05\/IMG-20230528-WA0013.jpg 1920w\" sizes=\"auto, (max-width: 300px) 100vw, 300px\" \/><img loading=\"lazy\" decoding=\"async\" class=\"alignnone size-medium wp-image-2699\" src=\"https:\/\/casalparis.cat\/wp-content\/uploads\/2023\/05\/IMG-20230528-WA0011-225x300.jpg\" alt=\"\" width=\"225\" height=\"300\" srcset=\"https:\/\/casalparis.cat\/wp-content\/uploads\/2023\/05\/IMG-20230528-WA0011-225x300.jpg 225w, https:\/\/casalparis.cat\/wp-content\/uploads\/2023\/05\/IMG-20230528-WA0011-768x1024.jpg 768w, https:\/\/casalparis.cat\/wp-content\/uploads\/2023\/05\/IMG-20230528-WA0011-1152x1536.jpg 1152w, https:\/\/casalparis.cat\/wp-content\/uploads\/2023\/05\/IMG-20230528-WA0011.jpg 1440w\" sizes=\"auto, (max-width: 225px) 100vw, 225px\" \/> <img loading=\"lazy\" decoding=\"async\" class=\"alignnone size-medium wp-image-2700\" src=\"https:\/\/casalparis.cat\/wp-content\/uploads\/2023\/05\/IMG-20230528-WA0014-300x225.jpg\" alt=\"\" width=\"300\" height=\"225\" srcset=\"https:\/\/casalparis.cat\/wp-content\/uploads\/2023\/05\/IMG-20230528-WA0014-300x225.jpg 300w, https:\/\/casalparis.cat\/wp-content\/uploads\/2023\/05\/IMG-20230528-WA0014-1024x768.jpg 1024w, https:\/\/casalparis.cat\/wp-content\/uploads\/2023\/05\/IMG-20230528-WA0014-768x576.jpg 768w, https:\/\/casalparis.cat\/wp-content\/uploads\/2023\/05\/IMG-20230528-WA0014-1536x1152.jpg 1536w, https:\/\/casalparis.cat\/wp-content\/uploads\/2023\/05\/IMG-20230528-WA0014-400x300.jpg 400w, https:\/\/casalparis.cat\/wp-content\/uploads\/2023\/05\/IMG-20230528-WA0014.jpg 1920w\" sizes=\"auto, (max-width: 300px) 100vw, 300px\" \/> <img loading=\"lazy\" decoding=\"async\" class=\"alignnone size-medium wp-image-2702\" src=\"https:\/\/casalparis.cat\/wp-content\/uploads\/2023\/05\/IMG-20230528-WA0016-300x225.jpg\" alt=\"\" width=\"300\" height=\"225\" srcset=\"https:\/\/casalparis.cat\/wp-content\/uploads\/2023\/05\/IMG-20230528-WA0016-300x225.jpg 300w, https:\/\/casalparis.cat\/wp-content\/uploads\/2023\/05\/IMG-20230528-WA0016-1024x768.jpg 1024w, https:\/\/casalparis.cat\/wp-content\/uploads\/2023\/05\/IMG-20230528-WA0016-768x576.jpg 768w, https:\/\/casalparis.cat\/wp-content\/uploads\/2023\/05\/IMG-20230528-WA0016-1536x1152.jpg 1536w, https:\/\/casalparis.cat\/wp-content\/uploads\/2023\/05\/IMG-20230528-WA0016-400x300.jpg 400w, https:\/\/casalparis.cat\/wp-content\/uploads\/2023\/05\/IMG-20230528-WA0016.jpg 1920w\" sizes=\"auto, (max-width: 300px) 100vw, 300px\" \/><\/p>","excerpt":"","slug":"28-05-2023-caminada","image":{"url":"https:\/\/casalparis.cat\/wp-content\/uploads\/2023\/05\/28-maig-2023-caminada.jpg","id":2665,"extension":"jpg","width":1080,"height":1080,"filesize":175966,"sizes":{"medium":{"width":300,"height":300,"mime-type":"image\/jpeg","filesize":22380,"url":"https:\/\/casalparis.cat\/wp-content\/uploads\/2023\/05\/28-maig-2023-caminada-300x300.jpg"},"large":{"width":1024,"height":1024,"mime-type":"image\/jpeg","filesize":153749,"url":"https:\/\/casalparis.cat\/wp-content\/uploads\/2023\/05\/28-maig-2023-caminada-1024x1024.jpg"},"thumbnail":{"width":150,"height":150,"mime-type":"image\/jpeg","filesize":7767,"url":"https:\/\/casalparis.cat\/wp-content\/uploads\/2023\/05\/28-maig-2023-caminada-150x150.jpg"},"medium_large":{"width":768,"height":768,"mime-type":"image\/jpeg","filesize":97358,"url":"https:\/\/casalparis.cat\/wp-content\/uploads\/2023\/05\/28-maig-2023-caminada-768x768.jpg"},"post-thumbnail":{"width":1000,"height":288,"mime-type":"image\/jpeg","filesize":65355,"url":"https:\/\/casalparis.cat\/wp-content\/uploads\/2023\/05\/28-maig-2023-caminada-1000x288.jpg"},"large-feature":{"width":1000,"height":288,"mime-type":"image\/jpeg","filesize":65355,"url":"https:\/\/casalparis.cat\/wp-content\/uploads\/2023\/05\/28-maig-2023-caminada-1000x288.jpg"},"small-feature":{"width":300,"height":300,"mime-type":"image\/jpeg","filesize":22380,"url":"https:\/\/casalparis.cat\/wp-content\/uploads\/2023\/05\/28-maig-2023-caminada-300x300.jpg"}}},"all_day":false,"start_date":"2023-05-28 10:00:00","start_date_details":{"year":"2023","month":"05","day":"28","hour":"10","minutes":"00","seconds":"00"},"end_date":"2023-05-28 17:00:00","end_date_details":{"year":"2023","month":"05","day":"28","hour":"17","minutes":"00","seconds":"00"},"utc_start_date":"2023-05-28 08:00:00","utc_start_date_details":{"year":"2023","month":"05","day":"28","hour":"08","minutes":"00","seconds":"00"},"utc_end_date":"2023-05-28 15:00:00","utc_end_date_details":{"year":"2023","month":"05","day":"28","hour":"15","minutes":"00","seconds":"00"},"timezone":"Europe\/Paris","timezone_abbr":"CEST","cost":"","cost_details":{"currency_symbol":"","currency_code":"","currency_position":"prefix","values":[]},"website":"","show_map":false,"show_map_link":false,"hide_from_listings":false,"sticky":false,"featured":false,"categories":[{"name":"Agenda","slug":"agenda","term_group":0,"term_taxonomy_id":68,"taxonomy":"tribe_events_cat","description":"","parent":0,"count":211,"filter":"raw","id":68,"urls":{"self":"https:\/\/casalparis.cat\/index.php?rest_route=\/tribe\/events\/v1\/categories\/68","collection":"https:\/\/casalparis.cat\/index.php?rest_route=\/tribe\/events\/v1\/categories"}}],"tags":[{"name":"ActivitatsCasal","slug":"activitatscasal","term_group":0,"term_taxonomy_id":439,"taxonomy":"post_tag","description":"","parent":0,"count":3,"filter":"raw","id":439,"urls":{"self":"https:\/\/casalparis.cat\/index.php?rest_route=\/tribe\/events\/v1\/tags\/439","collection":"https:\/\/casalparis.cat\/index.php?rest_route=\/tribe\/events\/v1\/tags"}},{"name":"Agenda","slug":"agenda","term_group":0,"term_taxonomy_id":67,"taxonomy":"post_tag","description":"","parent":0,"count":212,"filter":"raw","id":67,"urls":{"self":"https:\/\/casalparis.cat\/index.php?rest_route=\/tribe\/events\/v1\/tags\/67","collection":"https:\/\/casalparis.cat\/index.php?rest_route=\/tribe\/events\/v1\/tags"}},{"name":"caminades","slug":"caminades","term_group":0,"term_taxonomy_id":169,"taxonomy":"post_tag","description":"","parent":0,"count":11,"filter":"raw","id":169,"urls":{"self":"https:\/\/casalparis.cat\/index.php?rest_route=\/tribe\/events\/v1\/tags\/169","collection":"https:\/\/casalparis.cat\/index.php?rest_route=\/tribe\/events\/v1\/tags"}},{"name":"casalparis","slug":"casalparis","term_group":0,"term_taxonomy_id":23,"taxonomy":"post_tag","description":"","parent":0,"count":166,"filter":"raw","id":23,"urls":{"self":"https:\/\/casalparis.cat\/index.php?rest_route=\/tribe\/events\/v1\/tags\/23","collection":"https:\/\/casalparis.cat\/index.php?rest_route=\/tribe\/events\/v1\/tags"}},{"name":"iledefrance","slug":"iledefrance","term_group":0,"term_taxonomy_id":114,"taxonomy":"post_tag","description":"","parent":0,"count":16,"filter":"raw","id":114,"urls":{"self":"https:\/\/casalparis.cat\/index.php?rest_route=\/tribe\/events\/v1\/tags\/114","collection":"https:\/\/casalparis.cat\/index.php?rest_route=\/tribe\/events\/v1\/tags"}},{"name":"somcasal","slug":"somcasal","term_group":0,"term_taxonomy_id":22,"taxonomy":"post_tag","description":"","parent":0,"count":167,"filter":"raw","id":22,"urls":{"self":"https:\/\/casalparis.cat\/index.php?rest_route=\/tribe\/events\/v1\/tags\/22","collection":"https:\/\/casalparis.cat\/index.php?rest_route=\/tribe\/events\/v1\/tags"}}],"venue":[],"organizer":[{"id":190,"author":"1","status":"publish","date":"2018-10-09 00:15:27","date_utc":"2018-10-08 22:15:27","modified":"2018-10-09 00:15:27","modified_utc":"2018-10-08 22:15:27","url":"https:\/\/casalparis.cat\/?tribe_organizer=casal-de-catalunya-de-paris","organizer":"Casal de Catalunya de Paris","slug":"casal-de-catalunya-de-paris","json_ld":{"@type":"Person","name":"Casal de Catalunya de Paris","description":"","url":"","telephone":"","email":"","sameAs":""},"global_id":"casalparis.cat?id=190","global_id_lineage":["casalparis.cat?id=190"]}],"custom_fields":[],"json_ld":{"@context":"http:\/\/schema.org","@type":"Event","name":"28\/05\/2023 &#8211; Caminada","description":"&lt;p&gt;El\u00a0diumenge 28 de maig\u00a0anirem a caminar a la &quot;For\u00eat domaniale de Malmaison&quot;. Sortirem del Parc de Saint Cloud fins a Marne-la-Coquette, travessarem fins a Vaucresson per entrar al bosc de Malmaison. Farem una parada per dinar a l\\'estany de Cucufa, &hellip; &lt;a href=&quot;https:\/\/casalparis.cat\/?tribe_events=28-05-2023-caminada&quot;&gt;Continua llegint &lt;span class=&quot;meta-nav&quot;&gt;&rarr;&lt;\/span&gt;&lt;\/a&gt;&lt;\/p&gt;\\n","image":"https:\/\/casalparis.cat\/wp-content\/uploads\/2023\/05\/28-maig-2023-caminada.jpg","url":"https:\/\/casalparis.cat\/?tribe_events=28-05-2023-caminada","eventAttendanceMode":"https:\/\/schema.org\/OfflineEventAttendanceMode","eventStatus":"https:\/\/schema.org\/EventScheduled","startDate":"2023-05-28T10:00:00+02:00","endDate":"2023-05-28T17:00:00+02:00","organizer":{"@type":"Person","name":"Casal de Catalunya de Paris","description":"","url":"","telephone":"","email":"","sameAs":""},"performer":"Organization"}}