{"id":2387,"global_id":"casalparis.cat?id=2387","global_id_lineage":["casalparis.cat?id=2387"],"author":"1","status":"publish","date":"2022-11-03 00:32:31","date_utc":"2022-11-02 23:32:31","modified":"2022-11-26 17:38:14","modified_utc":"2022-11-26 16:38:14","url":"https:\/\/casalparis.cat\/?tribe_events=27-11-2022-caminada","rest_url":"https:\/\/casalparis.cat\/index.php?rest_route=\/tribe\/events\/v1\/events\/2387","title":"27\/11\/2022 &#8211; Caminada anul.lada","description":"<p><img loading=\"lazy\" decoding=\"async\" class=\"alignnone size-medium wp-image-2426\" src=\"http:\/\/casalparis.cat\/wp-content\/uploads\/2022\/11\/Mint-Green-Sparkle-Citation-du-jour-Motivation-Minimalist-Instagram-Post-8-300x300.png\" alt=\"\" width=\"300\" height=\"300\" srcset=\"https:\/\/casalparis.cat\/wp-content\/uploads\/2022\/11\/Mint-Green-Sparkle-Citation-du-jour-Motivation-Minimalist-Instagram-Post-8-300x300.png 300w, https:\/\/casalparis.cat\/wp-content\/uploads\/2022\/11\/Mint-Green-Sparkle-Citation-du-jour-Motivation-Minimalist-Instagram-Post-8-1024x1024.png 1024w, https:\/\/casalparis.cat\/wp-content\/uploads\/2022\/11\/Mint-Green-Sparkle-Citation-du-jour-Motivation-Minimalist-Instagram-Post-8-150x150.png 150w, https:\/\/casalparis.cat\/wp-content\/uploads\/2022\/11\/Mint-Green-Sparkle-Citation-du-jour-Motivation-Minimalist-Instagram-Post-8-768x768.png 768w, https:\/\/casalparis.cat\/wp-content\/uploads\/2022\/11\/Mint-Green-Sparkle-Citation-du-jour-Motivation-Minimalist-Instagram-Post-8.png 1080w\" sizes=\"auto, (max-width: 300px) 100vw, 300px\" \/><\/p>\n<p>Hola a tots!<\/p>\n<p>Anuncien pluja tot el dia per dem\u00e0. Ens sap greu per\u00f2 anul\u00b7lem la sortida.<\/p>\n<p><img loading=\"lazy\" decoding=\"async\" class=\"CToWUd\" src=\"https:\/\/ci6.googleusercontent.com\/proxy\/t_1MUIEuUNK-8KiMDdEiISvd_tbTWLR4gySV7exGvGkB_WWJdgB739TQr_3CD_knioBGGmmo8rdJOvjWjjxTa_zgDEzhToTfOK6QroK7hWnztTd0_DDbwZCdvGCpXXe75xQ7u3X_I33btWu0KRL0dYellB40zg=s0-d-e1-ft#https:\/\/mcusercontent.com\/96a9db3e75b82e56483f6ec68\/images\/fbbe3e3e-d2e3-4071-6df1-0e6e7acdd1ff.png\" width=\"300\" height=\"168\" data-bit=\"iit\" \/><\/p>\n<p>Esperem poder-vos retrobar a la propera!<\/p>\n<p>******<\/p>\n<p>Le m\u00e9t\u00e9o annonce la pluie pour toute la journ\u00e9e de dimanche. La sortie est annul\u00e9e.<\/p>\n<p>On esp\u00e8re vous retrouver \u00e0 la prochaine!<\/p>\n<p>*********************<\/p>\n<p>Aquest<strong>\u00a0diumenge 27 de novembre<\/strong>\u00a0anirem a caminar a la &#8220;For\u00eat domaniale de Malmaison&#8221;.<br \/>\nSortirem del Parc de Saint Cloud fins a Marne-la-Coquette, travessarem fins a Vaucresson per entrar al bosc de Malmaison. Farem una parada per dinar a l&#8217;estany de Cucufa, i tornarem a agafar el tren &#8220;linia J&#8221; a Garches-Marnes la Coquette.<\/p>\n<p>La ruta fa uns 10km. De moment sembla que el temps ens acompanyar\u00e0. Us animeu a venir? Prepareu l&#8217;entrep\u00e0, la cantimplora i la motxilla a l&#8217;esquena i\u00a0<strong>envieu-nos un missatge a\u00a0<a href=\"mailto:casal@casalparis.cat\" target=\"_blank\" rel=\"noopener\">casal@casalparis.cat<\/a>\u00a0per facilitar l&#8217;organitzacio.<\/strong><\/p>\n<p><strong>Ens trobarem a:\u00a010h00 del mati a l&#8217;entrada del Parc de Saint Cloud (Grille Cl\u00e9menceau).<\/strong><\/p>\n<p>La tornada es far\u00e0 des de l&#8217;estaci\u00f3 de\u00a0Garches-Marnes la Coquette (linia J).\u00a0NO\u00a0\u00e9s una ruta circular.<\/p>\n<p>Qu\u00e8 porto?<br \/>\nEl dinar, unes botes de caminar (en alguns trossos pot haver fang si ha plogut), un impermeable per si hi ha quatre gotes, i moltes ganes de passar-t&#8217;ho b\u00e9.<\/p>\n<p>Sabieu que el bosc de Malmaison va robar el cor a Josefina de Beauharnais? I l&#8217;estany de Saint Cucufa (Sant Cugat) fa honor a un martir de Barcelona? Ens veiem i en parlem!<\/p>\n<p><img loading=\"lazy\" decoding=\"async\" class=\"alignnone size-medium wp-image-2424\" src=\"http:\/\/casalparis.cat\/wp-content\/uploads\/2022\/11\/Screenshot-2022-11-23-16.53.02-300x181.png\" alt=\"\" width=\"300\" height=\"181\" srcset=\"https:\/\/casalparis.cat\/wp-content\/uploads\/2022\/11\/Screenshot-2022-11-23-16.53.02-300x181.png 300w, https:\/\/casalparis.cat\/wp-content\/uploads\/2022\/11\/Screenshot-2022-11-23-16.53.02-1024x617.png 1024w, https:\/\/casalparis.cat\/wp-content\/uploads\/2022\/11\/Screenshot-2022-11-23-16.53.02-768x463.png 768w, https:\/\/casalparis.cat\/wp-content\/uploads\/2022\/11\/Screenshot-2022-11-23-16.53.02-498x300.png 498w, https:\/\/casalparis.cat\/wp-content\/uploads\/2022\/11\/Screenshot-2022-11-23-16.53.02.png 1207w\" sizes=\"auto, (max-width: 300px) 100vw, 300px\" \/><\/p>\n<p>&nbsp;<\/p>\n<p>***************<\/p>\n<p><span style=\"font-weight: 400;\"><strong>Ce dimanche 27 novembre,<\/strong> nous irons nous promener dans la &#8220;For\u00eat domaniale de Malmaison&#8221;.\u00a0<\/span><\/p>\n<p><span style=\"font-weight: 400;\">Nous partirons du Parc de Saint Cloud vers Marne-la-Coquette, continuerons jusqu&#8217;\u00e0 Vaucresson pour entrer dans la for\u00eat de Malmaison. Nous nous arr\u00eaterons pour d\u00e9jeuner au lac de Cucufa, et nous reprendrons le train &#8220;ligne J&#8221; \u00e0 Garches-Marnes la Coquette.\u00a0<\/span><\/p>\n<p><span style=\"font-weight: 400;\">Le parcours fait environ 10 km. Pour le moment, il semble que le temps sera avec nous. Souhaitez vous nous rejoindre? <strong>Pr\u00e9parez le sandwich, la gourde et le sac \u00e0 dos et envoyez-nous un message \u00e0 casal@casalparis.cat pour faciliter l&#8217;organisation.\u00a0<\/strong><\/span><\/p>\n<p><strong>Nous nous donnons rendez-vous \u00e0 :\u00a010h00 \u00e0 l&#8217;entr\u00e9e du Parc de Saint Cloud (Grille Cl\u00e9menceau).\u00a0<\/strong><\/p>\n<p><span style=\"font-weight: 400;\">Le retour s&#8217;effectuera depuis la gare de Garches-Marnes la Coquette (ligne J). Ce n&#8217;est PAS une route circulaire.\u00a0<\/span><\/p>\n<p><span style=\"font-weight: 400;\">Que dois-je apporter? D\u00e9jeuner, des chaussures de marche, un imperm\u00e9able au cas o\u00f9 il y aurait quatre gouttes, et une grande envie de s\u2019amuser.\u00a0<\/span><\/p>\n<p><span style=\"font-weight: 400;\">Saviez-vous que la for\u00eat de Malmaison a vol\u00e9 le c\u0153ur de Jos\u00e9phine de Beauharnais ? Et le fait que le lac de Saint Cucufa (Sant Cugat) honore un martyr barcelonais ? A bient\u00f4t pour en parler!!<\/span><\/p>","excerpt":"","slug":"27-11-2022-caminada","image":{"url":"https:\/\/casalparis.cat\/wp-content\/uploads\/2022\/11\/Mint-Green-Sparkle-Citation-du-jour-Motivation-Minimalist-Instagram-Post-5-2.png","id":2422,"extension":"png","width":1080,"height":1080,"sizes":{"medium":{"width":300,"height":300,"mime-type":"image\/png","url":"https:\/\/casalparis.cat\/wp-content\/uploads\/2022\/11\/Mint-Green-Sparkle-Citation-du-jour-Motivation-Minimalist-Instagram-Post-5-2-300x300.png"},"large":{"width":1024,"height":1024,"mime-type":"image\/png","url":"https:\/\/casalparis.cat\/wp-content\/uploads\/2022\/11\/Mint-Green-Sparkle-Citation-du-jour-Motivation-Minimalist-Instagram-Post-5-2-1024x1024.png"},"thumbnail":{"width":150,"height":150,"mime-type":"image\/png","url":"https:\/\/casalparis.cat\/wp-content\/uploads\/2022\/11\/Mint-Green-Sparkle-Citation-du-jour-Motivation-Minimalist-Instagram-Post-5-2-150x150.png"},"medium_large":{"width":768,"height":768,"mime-type":"image\/png","url":"https:\/\/casalparis.cat\/wp-content\/uploads\/2022\/11\/Mint-Green-Sparkle-Citation-du-jour-Motivation-Minimalist-Instagram-Post-5-2-768x768.png"},"post-thumbnail":{"width":1000,"height":288,"mime-type":"image\/png","url":"https:\/\/casalparis.cat\/wp-content\/uploads\/2022\/11\/Mint-Green-Sparkle-Citation-du-jour-Motivation-Minimalist-Instagram-Post-5-2-1000x288.png"},"large-feature":{"width":1000,"height":288,"mime-type":"image\/png","url":"https:\/\/casalparis.cat\/wp-content\/uploads\/2022\/11\/Mint-Green-Sparkle-Citation-du-jour-Motivation-Minimalist-Instagram-Post-5-2-1000x288.png"},"small-feature":{"width":300,"height":300,"mime-type":"image\/png","url":"https:\/\/casalparis.cat\/wp-content\/uploads\/2022\/11\/Mint-Green-Sparkle-Citation-du-jour-Motivation-Minimalist-Instagram-Post-5-2-300x300.png"}}},"all_day":false,"start_date":"2022-11-27 10:00:00","start_date_details":{"year":"2022","month":"11","day":"27","hour":"10","minutes":"00","seconds":"00"},"end_date":"2022-11-27 17:00:00","end_date_details":{"year":"2022","month":"11","day":"27","hour":"17","minutes":"00","seconds":"00"},"utc_start_date":"2022-11-27 09:00:00","utc_start_date_details":{"year":"2022","month":"11","day":"27","hour":"09","minutes":"00","seconds":"00"},"utc_end_date":"2022-11-27 16:00:00","utc_end_date_details":{"year":"2022","month":"11","day":"27","hour":"16","minutes":"00","seconds":"00"},"timezone":"Europe\/Paris","timezone_abbr":"CET","cost":"","cost_details":{"currency_symbol":"","currency_code":"","currency_position":"prefix","values":[]},"website":"","show_map":false,"show_map_link":false,"hide_from_listings":false,"sticky":false,"featured":false,"categories":[{"name":"Agenda","slug":"agenda","term_group":0,"term_taxonomy_id":68,"taxonomy":"tribe_events_cat","description":"","parent":0,"count":211,"filter":"raw","id":68,"urls":{"self":"https:\/\/casalparis.cat\/index.php?rest_route=\/tribe\/events\/v1\/categories\/68","collection":"https:\/\/casalparis.cat\/index.php?rest_route=\/tribe\/events\/v1\/categories"}}],"tags":[{"name":"Agenda","slug":"agenda","term_group":0,"term_taxonomy_id":67,"taxonomy":"post_tag","description":"","parent":0,"count":212,"filter":"raw","id":67,"urls":{"self":"https:\/\/casalparis.cat\/index.php?rest_route=\/tribe\/events\/v1\/tags\/67","collection":"https:\/\/casalparis.cat\/index.php?rest_route=\/tribe\/events\/v1\/tags"}},{"name":"caminades","slug":"caminades","term_group":0,"term_taxonomy_id":169,"taxonomy":"post_tag","description":"","parent":0,"count":11,"filter":"raw","id":169,"urls":{"self":"https:\/\/casalparis.cat\/index.php?rest_route=\/tribe\/events\/v1\/tags\/169","collection":"https:\/\/casalparis.cat\/index.php?rest_route=\/tribe\/events\/v1\/tags"}},{"name":"casalparis","slug":"casalparis","term_group":0,"term_taxonomy_id":23,"taxonomy":"post_tag","description":"","parent":0,"count":166,"filter":"raw","id":23,"urls":{"self":"https:\/\/casalparis.cat\/index.php?rest_route=\/tribe\/events\/v1\/tags\/23","collection":"https:\/\/casalparis.cat\/index.php?rest_route=\/tribe\/events\/v1\/tags"}},{"name":"iledefrance","slug":"iledefrance","term_group":0,"term_taxonomy_id":114,"taxonomy":"post_tag","description":"","parent":0,"count":16,"filter":"raw","id":114,"urls":{"self":"https:\/\/casalparis.cat\/index.php?rest_route=\/tribe\/events\/v1\/tags\/114","collection":"https:\/\/casalparis.cat\/index.php?rest_route=\/tribe\/events\/v1\/tags"}},{"name":"somcasal","slug":"somcasal","term_group":0,"term_taxonomy_id":22,"taxonomy":"post_tag","description":"","parent":0,"count":167,"filter":"raw","id":22,"urls":{"self":"https:\/\/casalparis.cat\/index.php?rest_route=\/tribe\/events\/v1\/tags\/22","collection":"https:\/\/casalparis.cat\/index.php?rest_route=\/tribe\/events\/v1\/tags"}}],"venue":[],"organizer":[{"id":190,"author":"1","status":"publish","date":"2018-10-09 00:15:27","date_utc":"2018-10-08 22:15:27","modified":"2018-10-09 00:15:27","modified_utc":"2018-10-08 22:15:27","url":"https:\/\/casalparis.cat\/?tribe_organizer=casal-de-catalunya-de-paris","organizer":"Casal de Catalunya de Paris","slug":"casal-de-catalunya-de-paris","json_ld":{"@type":"Person","name":"Casal de Catalunya de Paris","description":"","url":"","telephone":"","email":"","sameAs":""},"global_id":"casalparis.cat?id=190","global_id_lineage":["casalparis.cat?id=190"]}],"custom_fields":[],"json_ld":{"@context":"http:\/\/schema.org","@type":"Event","name":"27\/11\/2022 &#8211; Caminada anul.lada","description":"&lt;p&gt;Hola a tots! Anuncien pluja tot el dia per dem\u00e0. Ens sap greu per\u00f2 anul\u00b7lem la sortida. Esperem poder-vos retrobar a la propera! ****** Le m\u00e9t\u00e9o annonce la pluie pour toute la journ\u00e9e de dimanche. La sortie est annul\u00e9e. On &hellip; &lt;a href=&quot;https:\/\/casalparis.cat\/?tribe_events=27-11-2022-caminada&quot;&gt;Continua llegint &lt;span class=&quot;meta-nav&quot;&gt;&rarr;&lt;\/span&gt;&lt;\/a&gt;&lt;\/p&gt;\\n","image":"https:\/\/casalparis.cat\/wp-content\/uploads\/2022\/11\/Mint-Green-Sparkle-Citation-du-jour-Motivation-Minimalist-Instagram-Post-5-2.png","url":"https:\/\/casalparis.cat\/?tribe_events=27-11-2022-caminada","eventAttendanceMode":"https:\/\/schema.org\/OfflineEventAttendanceMode","eventStatus":"https:\/\/schema.org\/EventScheduled","startDate":"2022-11-27T10:00:00+01:00","endDate":"2022-11-27T17:00:00+01:00","organizer":{"@type":"Person","name":"Casal de Catalunya de Paris","description":"","url":"","telephone":"","email":"","sameAs":""},"performer":"Organization"}}