{"id":2381,"global_id":"casalparis.cat?id=2381","global_id_lineage":["casalparis.cat?id=2381"],"author":"1","status":"publish","date":"2022-11-04 00:37:14","date_utc":"2022-11-03 23:37:14","modified":"2022-11-06 23:00:47","modified_utc":"2022-11-06 22:00:47","url":"https:\/\/casalparis.cat\/?tribe_events=05-11-2022-castanyada-taller-de-panellets","rest_url":"https:\/\/casalparis.cat\/index.php?rest_route=\/tribe\/events\/v1\/events\/2381","title":"05\/11\/2022 &#8211; Castanyada \/ Taller de panellets","description":"<p><img loading=\"lazy\" decoding=\"async\" class=\"alignnone size-medium wp-image-2394\" src=\"http:\/\/casalparis.cat\/wp-content\/uploads\/2022\/11\/Panellets-5-nov-2022-300x300.png\" alt=\"\" width=\"300\" height=\"300\" srcset=\"https:\/\/casalparis.cat\/wp-content\/uploads\/2022\/11\/Panellets-5-nov-2022-300x300.png 300w, https:\/\/casalparis.cat\/wp-content\/uploads\/2022\/11\/Panellets-5-nov-2022-1024x1024.png 1024w, https:\/\/casalparis.cat\/wp-content\/uploads\/2022\/11\/Panellets-5-nov-2022-150x150.png 150w, https:\/\/casalparis.cat\/wp-content\/uploads\/2022\/11\/Panellets-5-nov-2022-768x768.png 768w, https:\/\/casalparis.cat\/wp-content\/uploads\/2022\/11\/Panellets-5-nov-2022.png 1080w\" sizes=\"auto, (max-width: 300px) 100vw, 300px\" \/><\/p>\n<p>Pel\u00a0<strong>dissabte 5 de novembre<\/strong>\u00a0a les<strong>\u00a015h<\/strong> tenim programat el tradicional Taller de Panellets en el marc de la castanyada.<\/p>\n<p><strong>Lloc : <\/strong>La Maison Ouverte de Montreuil, 17 rue Hoche &#8211; Montreuil<strong><br \/>\nMetro: <\/strong>Mairie de Montreuil<strong><br \/>\nHora: <\/strong>15h00<\/p>\n<p><u><strong>Reserva anticipada imprescindible.<\/strong><\/u><\/p>\n<p><strong>Preu:<\/strong><br \/>\n5 \u20ac per persona (soci)<br \/>\n10 \u20ac per persona (no soci)<br \/>\nAquest preu inclou el taller i el berenar. La jovenalla fins a 12 anys tindran una beguda inclosa. Gratuit pels xics fins a 2 anys.<\/p>\n<p><strong>Reserves<\/strong> via <a href=\"https:\/\/www.helloasso.com\/associations\/casal-de-catalunya-de-paris\/evenements\/castanyada-taller-de-panellets-2022\">l&#8217;enlla\u00e7 helloasso<\/a><\/p>\n<p>&nbsp;<\/p>\n<p>**** Un deixem un record de la castanyada. Ens van quedar un panellets bonissims i les castanyes cuites al punt! Moltes gr\u00e0cies per la vostra assist\u00e8ncia, gr\u00e0cies a les cuineres i a tots els que ens vau ajudar a muntar i desmuntar la paradeta. ****<\/p>\n<p><img loading=\"lazy\" decoding=\"async\" class=\"alignnone size-medium wp-image-2398\" src=\"http:\/\/casalparis.cat\/wp-content\/uploads\/2022\/11\/IMG-20221106-WA0012-01-300x225.jpeg\" alt=\"\" width=\"300\" height=\"225\" srcset=\"https:\/\/casalparis.cat\/wp-content\/uploads\/2022\/11\/IMG-20221106-WA0012-01-300x225.jpeg 300w, https:\/\/casalparis.cat\/wp-content\/uploads\/2022\/11\/IMG-20221106-WA0012-01-1024x768.jpeg 1024w, https:\/\/casalparis.cat\/wp-content\/uploads\/2022\/11\/IMG-20221106-WA0012-01-768x576.jpeg 768w, https:\/\/casalparis.cat\/wp-content\/uploads\/2022\/11\/IMG-20221106-WA0012-01-1536x1152.jpeg 1536w, https:\/\/casalparis.cat\/wp-content\/uploads\/2022\/11\/IMG-20221106-WA0012-01-400x300.jpeg 400w, https:\/\/casalparis.cat\/wp-content\/uploads\/2022\/11\/IMG-20221106-WA0012-01.jpeg 1920w\" sizes=\"auto, (max-width: 300px) 100vw, 300px\" \/> <img loading=\"lazy\" decoding=\"async\" class=\"alignnone size-medium wp-image-2399\" src=\"http:\/\/casalparis.cat\/wp-content\/uploads\/2022\/11\/IMG-20221106-WA0008-01-225x300.jpeg\" alt=\"\" width=\"225\" height=\"300\" srcset=\"https:\/\/casalparis.cat\/wp-content\/uploads\/2022\/11\/IMG-20221106-WA0008-01-225x300.jpeg 225w, https:\/\/casalparis.cat\/wp-content\/uploads\/2022\/11\/IMG-20221106-WA0008-01-768x1024.jpeg 768w, https:\/\/casalparis.cat\/wp-content\/uploads\/2022\/11\/IMG-20221106-WA0008-01-1152x1536.jpeg 1152w, https:\/\/casalparis.cat\/wp-content\/uploads\/2022\/11\/IMG-20221106-WA0008-01.jpeg 1440w\" sizes=\"auto, (max-width: 225px) 100vw, 225px\" \/> <img loading=\"lazy\" decoding=\"async\" class=\"alignnone size-medium wp-image-2400\" src=\"http:\/\/casalparis.cat\/wp-content\/uploads\/2022\/11\/IMG-20221106-WA0003-01-300x197.jpeg\" alt=\"\" width=\"300\" height=\"197\" srcset=\"https:\/\/casalparis.cat\/wp-content\/uploads\/2022\/11\/IMG-20221106-WA0003-01-300x197.jpeg 300w, https:\/\/casalparis.cat\/wp-content\/uploads\/2022\/11\/IMG-20221106-WA0003-01-1024x674.jpeg 1024w, https:\/\/casalparis.cat\/wp-content\/uploads\/2022\/11\/IMG-20221106-WA0003-01-768x505.jpeg 768w, https:\/\/casalparis.cat\/wp-content\/uploads\/2022\/11\/IMG-20221106-WA0003-01-1536x1011.jpeg 1536w, https:\/\/casalparis.cat\/wp-content\/uploads\/2022\/11\/IMG-20221106-WA0003-01-456x300.jpeg 456w, https:\/\/casalparis.cat\/wp-content\/uploads\/2022\/11\/IMG-20221106-WA0003-01.jpeg 1824w\" sizes=\"auto, (max-width: 300px) 100vw, 300px\" \/> <img loading=\"lazy\" decoding=\"async\" class=\"alignnone size-medium wp-image-2401\" src=\"http:\/\/casalparis.cat\/wp-content\/uploads\/2022\/11\/IMG-20221106-WA0006-01-222x300.jpeg\" alt=\"\" width=\"222\" height=\"300\" srcset=\"https:\/\/casalparis.cat\/wp-content\/uploads\/2022\/11\/IMG-20221106-WA0006-01-222x300.jpeg 222w, https:\/\/casalparis.cat\/wp-content\/uploads\/2022\/11\/IMG-20221106-WA0006-01-759x1024.jpeg 759w, https:\/\/casalparis.cat\/wp-content\/uploads\/2022\/11\/IMG-20221106-WA0006-01-768x1036.jpeg 768w, https:\/\/casalparis.cat\/wp-content\/uploads\/2022\/11\/IMG-20221106-WA0006-01.jpeg 1109w\" sizes=\"auto, (max-width: 222px) 100vw, 222px\" \/> <img loading=\"lazy\" decoding=\"async\" class=\"alignnone size-medium wp-image-2402\" src=\"http:\/\/casalparis.cat\/wp-content\/uploads\/2022\/11\/IMG-20221106-WA0005-01-300x235.jpeg\" alt=\"\" width=\"300\" height=\"235\" srcset=\"https:\/\/casalparis.cat\/wp-content\/uploads\/2022\/11\/IMG-20221106-WA0005-01-300x235.jpeg 300w, https:\/\/casalparis.cat\/wp-content\/uploads\/2022\/11\/IMG-20221106-WA0005-01-1024x802.jpeg 1024w, https:\/\/casalparis.cat\/wp-content\/uploads\/2022\/11\/IMG-20221106-WA0005-01-768x602.jpeg 768w, https:\/\/casalparis.cat\/wp-content\/uploads\/2022\/11\/IMG-20221106-WA0005-01-1536x1204.jpeg 1536w, https:\/\/casalparis.cat\/wp-content\/uploads\/2022\/11\/IMG-20221106-WA0005-01-383x300.jpeg 383w, https:\/\/casalparis.cat\/wp-content\/uploads\/2022\/11\/IMG-20221106-WA0005-01.jpeg 1692w\" sizes=\"auto, (max-width: 300px) 100vw, 300px\" \/> <img loading=\"lazy\" decoding=\"async\" class=\"alignnone size-medium wp-image-2403\" src=\"http:\/\/casalparis.cat\/wp-content\/uploads\/2022\/11\/IMG-20221106-WA0002-01-300x189.jpeg\" alt=\"\" width=\"300\" height=\"189\" srcset=\"https:\/\/casalparis.cat\/wp-content\/uploads\/2022\/11\/IMG-20221106-WA0002-01-300x189.jpeg 300w, https:\/\/casalparis.cat\/wp-content\/uploads\/2022\/11\/IMG-20221106-WA0002-01-1024x646.jpeg 1024w, https:\/\/casalparis.cat\/wp-content\/uploads\/2022\/11\/IMG-20221106-WA0002-01-768x484.jpeg 768w, https:\/\/casalparis.cat\/wp-content\/uploads\/2022\/11\/IMG-20221106-WA0002-01-1536x968.jpeg 1536w, https:\/\/casalparis.cat\/wp-content\/uploads\/2022\/11\/IMG-20221106-WA0002-01-476x300.jpeg 476w, https:\/\/casalparis.cat\/wp-content\/uploads\/2022\/11\/IMG-20221106-WA0002-01.jpeg 1737w\" sizes=\"auto, (max-width: 300px) 100vw, 300px\" \/> <img loading=\"lazy\" decoding=\"async\" class=\"alignnone size-medium wp-image-2404\" src=\"http:\/\/casalparis.cat\/wp-content\/uploads\/2022\/11\/IMG-20221106-WA0010-01-225x300.jpeg\" alt=\"\" width=\"225\" height=\"300\" srcset=\"https:\/\/casalparis.cat\/wp-content\/uploads\/2022\/11\/IMG-20221106-WA0010-01-225x300.jpeg 225w, https:\/\/casalparis.cat\/wp-content\/uploads\/2022\/11\/IMG-20221106-WA0010-01-768x1024.jpeg 768w, https:\/\/casalparis.cat\/wp-content\/uploads\/2022\/11\/IMG-20221106-WA0010-01-1152x1536.jpeg 1152w, https:\/\/casalparis.cat\/wp-content\/uploads\/2022\/11\/IMG-20221106-WA0010-01.jpeg 1440w\" sizes=\"auto, (max-width: 225px) 100vw, 225px\" \/> <img loading=\"lazy\" decoding=\"async\" class=\"alignnone size-medium wp-image-2405\" src=\"http:\/\/casalparis.cat\/wp-content\/uploads\/2022\/11\/IMG-20221106-WA0011-01-225x300.jpeg\" alt=\"\" width=\"225\" height=\"300\" srcset=\"https:\/\/casalparis.cat\/wp-content\/uploads\/2022\/11\/IMG-20221106-WA0011-01-225x300.jpeg 225w, https:\/\/casalparis.cat\/wp-content\/uploads\/2022\/11\/IMG-20221106-WA0011-01-768x1024.jpeg 768w, https:\/\/casalparis.cat\/wp-content\/uploads\/2022\/11\/IMG-20221106-WA0011-01-1152x1536.jpeg 1152w, https:\/\/casalparis.cat\/wp-content\/uploads\/2022\/11\/IMG-20221106-WA0011-01.jpeg 1440w\" sizes=\"auto, (max-width: 225px) 100vw, 225px\" \/> <img loading=\"lazy\" decoding=\"async\" class=\"alignnone size-medium wp-image-2406\" src=\"http:\/\/casalparis.cat\/wp-content\/uploads\/2022\/11\/IMG-20221106-WA0013-01-232x300.jpeg\" alt=\"\" width=\"232\" height=\"300\" srcset=\"https:\/\/casalparis.cat\/wp-content\/uploads\/2022\/11\/IMG-20221106-WA0013-01-232x300.jpeg 232w, https:\/\/casalparis.cat\/wp-content\/uploads\/2022\/11\/IMG-20221106-WA0013-01-792x1024.jpeg 792w, https:\/\/casalparis.cat\/wp-content\/uploads\/2022\/11\/IMG-20221106-WA0013-01-768x993.jpeg 768w, https:\/\/casalparis.cat\/wp-content\/uploads\/2022\/11\/IMG-20221106-WA0013-01-1188x1536.jpeg 1188w, https:\/\/casalparis.cat\/wp-content\/uploads\/2022\/11\/IMG-20221106-WA0013-01.jpeg 1319w\" sizes=\"auto, (max-width: 232px) 100vw, 232px\" \/><\/p>","excerpt":"","slug":"05-11-2022-castanyada-taller-de-panellets","image":{"url":"https:\/\/casalparis.cat\/wp-content\/uploads\/2022\/11\/Mint-Green-Sparkle-Citation-du-jour-Motivation-Minimalist-Instagram-Post-5-1.png","id":2383,"extension":"png","width":1080,"height":1080,"sizes":{"medium":{"width":300,"height":300,"mime-type":"image\/png","url":"https:\/\/casalparis.cat\/wp-content\/uploads\/2022\/11\/Mint-Green-Sparkle-Citation-du-jour-Motivation-Minimalist-Instagram-Post-5-1-300x300.png"},"large":{"width":1024,"height":1024,"mime-type":"image\/png","url":"https:\/\/casalparis.cat\/wp-content\/uploads\/2022\/11\/Mint-Green-Sparkle-Citation-du-jour-Motivation-Minimalist-Instagram-Post-5-1-1024x1024.png"},"thumbnail":{"width":150,"height":150,"mime-type":"image\/png","url":"https:\/\/casalparis.cat\/wp-content\/uploads\/2022\/11\/Mint-Green-Sparkle-Citation-du-jour-Motivation-Minimalist-Instagram-Post-5-1-150x150.png"},"medium_large":{"width":768,"height":768,"mime-type":"image\/png","url":"https:\/\/casalparis.cat\/wp-content\/uploads\/2022\/11\/Mint-Green-Sparkle-Citation-du-jour-Motivation-Minimalist-Instagram-Post-5-1-768x768.png"},"post-thumbnail":{"width":1000,"height":288,"mime-type":"image\/png","url":"https:\/\/casalparis.cat\/wp-content\/uploads\/2022\/11\/Mint-Green-Sparkle-Citation-du-jour-Motivation-Minimalist-Instagram-Post-5-1-1000x288.png"},"large-feature":{"width":1000,"height":288,"mime-type":"image\/png","url":"https:\/\/casalparis.cat\/wp-content\/uploads\/2022\/11\/Mint-Green-Sparkle-Citation-du-jour-Motivation-Minimalist-Instagram-Post-5-1-1000x288.png"},"small-feature":{"width":300,"height":300,"mime-type":"image\/png","url":"https:\/\/casalparis.cat\/wp-content\/uploads\/2022\/11\/Mint-Green-Sparkle-Citation-du-jour-Motivation-Minimalist-Instagram-Post-5-1-300x300.png"}}},"all_day":false,"start_date":"2022-11-05 15:00:00","start_date_details":{"year":"2022","month":"11","day":"05","hour":"15","minutes":"00","seconds":"00"},"end_date":"2022-11-05 18:00:00","end_date_details":{"year":"2022","month":"11","day":"05","hour":"18","minutes":"00","seconds":"00"},"utc_start_date":"2022-11-05 14:00:00","utc_start_date_details":{"year":"2022","month":"11","day":"05","hour":"14","minutes":"00","seconds":"00"},"utc_end_date":"2022-11-05 17:00:00","utc_end_date_details":{"year":"2022","month":"11","day":"05","hour":"17","minutes":"00","seconds":"00"},"timezone":"Europe\/Paris","timezone_abbr":"CET","cost":"","cost_details":{"currency_symbol":"","currency_code":"","currency_position":"prefix","values":[]},"website":"https:\/\/www.helloasso.com\/associations\/casal-de-catalunya-de-paris\/evenements\/concer-lluis-gavalda-i-joan-pau-chaves","show_map":true,"show_map_link":false,"hide_from_listings":false,"sticky":false,"featured":false,"categories":[{"name":"Agenda","slug":"agenda","term_group":0,"term_taxonomy_id":68,"taxonomy":"tribe_events_cat","description":"","parent":0,"count":211,"filter":"raw","id":68,"urls":{"self":"https:\/\/casalparis.cat\/index.php?rest_route=\/tribe\/events\/v1\/categories\/68","collection":"https:\/\/casalparis.cat\/index.php?rest_route=\/tribe\/events\/v1\/categories"}}],"tags":[{"name":"Agenda","slug":"agenda","term_group":0,"term_taxonomy_id":67,"taxonomy":"post_tag","description":"","parent":0,"count":212,"filter":"raw","id":67,"urls":{"self":"https:\/\/casalparis.cat\/index.php?rest_route=\/tribe\/events\/v1\/tags\/67","collection":"https:\/\/casalparis.cat\/index.php?rest_route=\/tribe\/events\/v1\/tags"}},{"name":"casalparis","slug":"casalparis","term_group":0,"term_taxonomy_id":23,"taxonomy":"post_tag","description":"","parent":0,"count":166,"filter":"raw","id":23,"urls":{"self":"https:\/\/casalparis.cat\/index.php?rest_route=\/tribe\/events\/v1\/tags\/23","collection":"https:\/\/casalparis.cat\/index.php?rest_route=\/tribe\/events\/v1\/tags"}},{"name":"castanyada","slug":"castanyada","term_group":0,"term_taxonomy_id":20,"taxonomy":"post_tag","description":"","parent":0,"count":5,"filter":"raw","id":20,"urls":{"self":"https:\/\/casalparis.cat\/index.php?rest_route=\/tribe\/events\/v1\/tags\/20","collection":"https:\/\/casalparis.cat\/index.php?rest_route=\/tribe\/events\/v1\/tags"}},{"name":"panellets","slug":"panellets","term_group":0,"term_taxonomy_id":21,"taxonomy":"post_tag","description":"","parent":0,"count":6,"filter":"raw","id":21,"urls":{"self":"https:\/\/casalparis.cat\/index.php?rest_route=\/tribe\/events\/v1\/tags\/21","collection":"https:\/\/casalparis.cat\/index.php?rest_route=\/tribe\/events\/v1\/tags"}},{"name":"somcasal","slug":"somcasal","term_group":0,"term_taxonomy_id":22,"taxonomy":"post_tag","description":"","parent":0,"count":167,"filter":"raw","id":22,"urls":{"self":"https:\/\/casalparis.cat\/index.php?rest_route=\/tribe\/events\/v1\/tags\/22","collection":"https:\/\/casalparis.cat\/index.php?rest_route=\/tribe\/events\/v1\/tags"}},{"name":"tradicions","slug":"tradicions","term_group":0,"term_taxonomy_id":352,"taxonomy":"post_tag","description":"","parent":0,"count":12,"filter":"raw","id":352,"urls":{"self":"https:\/\/casalparis.cat\/index.php?rest_route=\/tribe\/events\/v1\/tags\/352","collection":"https:\/\/casalparis.cat\/index.php?rest_route=\/tribe\/events\/v1\/tags"}}],"venue":{"id":260,"author":"1","status":"publish","date":"2019-01-13 00:56:01","date_utc":"2019-01-12 23:56:01","modified":"2019-01-13 00:56:01","modified_utc":"2019-01-12 23:56:01","url":"https:\/\/casalparis.cat\/?tribe_venue=maison-ouverte-de-montreuil","venue":"Maison ouverte de Montreuil","slug":"maison-ouverte-de-montreuil","address":"17 Rue Hoche","city":"Montreuil","country":"Fran\u00e7a","zip":"93100","json_ld":{"@type":"Place","name":"Maison ouverte de Montreuil","description":"","url":"","address":{"@type":"PostalAddress","streetAddress":"17 Rue Hoche","addressLocality":"Montreuil","postalCode":"93100","addressCountry":"Fran\u00e7a"},"telephone":"","sameAs":""},"show_map":true,"show_map_link":true,"global_id":"casalparis.cat?id=260","global_id_lineage":["casalparis.cat?id=260"]},"organizer":[{"id":190,"author":"1","status":"publish","date":"2018-10-09 00:15:27","date_utc":"2018-10-08 22:15:27","modified":"2018-10-09 00:15:27","modified_utc":"2018-10-08 22:15:27","url":"https:\/\/casalparis.cat\/?tribe_organizer=casal-de-catalunya-de-paris","organizer":"Casal de Catalunya de Paris","slug":"casal-de-catalunya-de-paris","json_ld":{"@type":"Person","name":"Casal de Catalunya de Paris","description":"","url":"","telephone":"","email":"","sameAs":""},"global_id":"casalparis.cat?id=190","global_id_lineage":["casalparis.cat?id=190"]}],"custom_fields":[],"json_ld":{"@context":"http:\/\/schema.org","@type":"Event","name":"05\/11\/2022 &#8211; Castanyada \/ Taller de panellets","description":"&lt;p&gt;Pel\u00a0dissabte 5 de novembre\u00a0a les\u00a015h tenim programat el tradicional Taller de Panellets en el marc de la castanyada. Lloc : La Maison Ouverte de Montreuil, 17 rue Hoche - Montreuil Metro: Mairie de Montreuil Hora: 15h00 Reserva anticipada imprescindible. Preu: &hellip; &lt;a href=&quot;https:\/\/casalparis.cat\/?tribe_events=05-11-2022-castanyada-taller-de-panellets&quot;&gt;Continua llegint &lt;span class=&quot;meta-nav&quot;&gt;&rarr;&lt;\/span&gt;&lt;\/a&gt;&lt;\/p&gt;\\n","image":"https:\/\/casalparis.cat\/wp-content\/uploads\/2022\/11\/Mint-Green-Sparkle-Citation-du-jour-Motivation-Minimalist-Instagram-Post-5-1.png","url":"https:\/\/casalparis.cat\/?tribe_events=05-11-2022-castanyada-taller-de-panellets","eventAttendanceMode":"https:\/\/schema.org\/OfflineEventAttendanceMode","eventStatus":"https:\/\/schema.org\/EventScheduled","startDate":"2022-11-05T15:00:00+01:00","endDate":"2022-11-05T18:00:00+01:00","location":{"@type":"Place","name":"Maison ouverte de Montreuil","description":"","url":"","address":{"@type":"PostalAddress","streetAddress":"17 Rue Hoche","addressLocality":"Montreuil","postalCode":"93100","addressCountry":"Fran\u00e7a"},"telephone":"","sameAs":""},"organizer":{"@type":"Person","name":"Casal de Catalunya de Paris","description":"","url":"","telephone":"","email":"","sameAs":""},"performer":"Organization"}}