{"id":1867,"global_id":"casalparis.cat?id=1867","global_id_lineage":["casalparis.cat?id=1867"],"author":"1","status":"publish","date":"2021-07-25 20:04:46","date_utc":"2021-07-25 18:04:46","modified":"2021-07-25 20:04:46","modified_utc":"2021-07-25 18:04:46","url":"https:\/\/casalparis.cat\/?tribe_events=la-vie-secrete-guanya-el-dvd-concurs","rest_url":"https:\/\/casalparis.cat\/index.php?rest_route=\/tribe\/events\/v1\/events\/1867","title":"&#8220;La vie secr\u00e8te&#8221;, guanya el DVD &#8211; concurs","description":"<div class=\"kvgmc6g5 cxmmr5t8 oygrvhab hcukyx3x c1et5uql ii04i59q\">\n<div dir=\"auto\" style=\"text-align: left;\">Teniu temps fins dimarts al vespre per guanyar un DVD!<\/div>\n<div dir=\"auto\">Respon correctament a la pregunta i envia un mail amb la resposta a casal@casalparis.cat abans del 27 de juliol. Entre els participants que hagin encertat la resposta sortejarem un DVD.<\/div>\n<div dir=\"auto\">En un moment del video de presentaci\u00f3 de la pel.licula el personatge fa una creu en una data del calendari? De quin dia i quin mes es tracta?<\/div>\n<div dir=\"auto\"><a class=\"oajrlxb2 g5ia77u1 qu0x051f esr5mh6w e9989ue4 r7d6kgcz rq0escxv nhd2j8a9 nc684nl6 p7hjln8o kvgmc6g5 cxmmr5t8 oygrvhab hcukyx3x jb3vyjys rz4wbd8a qt6c0cv9 a8nywdso i1ao9s8h esuyzwwr f1sip0of lzcic4wl py34i1dx gpro0wi8\" tabindex=\"0\" role=\"link\" href=\"https:\/\/youtu.be\/OjOHSWE0rGc?fbclid=IwAR1bcvEkx5vBasi9Hoh6Hygl0dTH595OuOH8V8Dmj2h70DWtkOJabrKexaI\" target=\"_blank\" rel=\"nofollow noopener\">https:\/\/youtu.be\/OjOHSWE0rGc<\/a><\/div>\n<\/div>\n<div dir=\"auto\"><\/div>\n<div dir=\"auto\"><img loading=\"lazy\" decoding=\"async\" class=\"alignnone size-medium wp-image-1868\" src=\"http:\/\/casalparis.cat\/wp-content\/uploads\/2021\/07\/220780456_4484698038215360_5569092015941438828_n-300x251.png\" alt=\"\" width=\"300\" height=\"251\" srcset=\"https:\/\/casalparis.cat\/wp-content\/uploads\/2021\/07\/220780456_4484698038215360_5569092015941438828_n-300x251.png 300w, https:\/\/casalparis.cat\/wp-content\/uploads\/2021\/07\/220780456_4484698038215360_5569092015941438828_n-768x644.png 768w, https:\/\/casalparis.cat\/wp-content\/uploads\/2021\/07\/220780456_4484698038215360_5569092015941438828_n-358x300.png 358w, https:\/\/casalparis.cat\/wp-content\/uploads\/2021\/07\/220780456_4484698038215360_5569092015941438828_n.png 940w\" sizes=\"auto, (max-width: 300px) 100vw, 300px\" \/><\/div>\n<div class=\"o9v6fnle cxmmr5t8 oygrvhab hcukyx3x c1et5uql ii04i59q\">\n<div dir=\"auto\">LA VIE SECRETE (titol original: La trinchera infinita), una pel.licula de Aitor Arregi, Jon Gara\u00f1o et Jose Mari Goenaga, amb Antonio de la Torre, Bel\u00e9n Cuesta, Vicente Vergara.<\/div>\n<div dir=\"auto\"><\/div>\n<\/div>\n<div class=\"o9v6fnle cxmmr5t8 oygrvhab hcukyx3x c1et5uql ii04i59q\">\n<div dir=\"auto\">Encara no l&#8217;has vist? No t&#8217;ho perdis, la distribuidora <a class=\"oajrlxb2 g5ia77u1 qu0x051f esr5mh6w e9989ue4 r7d6kgcz rq0escxv nhd2j8a9 nc684nl6 p7hjln8o kvgmc6g5 cxmmr5t8 oygrvhab hcukyx3x jb3vyjys rz4wbd8a qt6c0cv9 a8nywdso i1ao9s8h esuyzwwr f1sip0of lzcic4wl q66pz984 gpro0wi8 b1v8xokw\" tabindex=\"0\" role=\"link\" href=\"https:\/\/www.facebook.com\/hashtag\/epicentre?__eep__=6&amp;__cft__[0]=AZVTbxem4GQWXjgoIIAqHwYJT0RA89HjgiPicLjvCyWPHuv0EiOJRZLvKTzBltCKKwznnsfXscCtEVuLSEiL5sct1YIh7Q6t_AuLPIo8kjjCe2oN_4iCa4XCP8COdFLuZ3x0JgtTayQJ5Fm1jhvd2SPDRlwYetLCdvsvE5VjaFRhBA&amp;__tn__=*NK-R\">#Epicentre<\/a> Films ha preparat la sortida a Fran\u00e7a del DVD el 20 de juliol.<\/div>\n<div dir=\"auto\"><\/div>\n<\/div>\n<div class=\"o9v6fnle cxmmr5t8 oygrvhab hcukyx3x c1et5uql ii04i59q\">\n<div dir=\"auto\">Sembla que tornem als escenaris de la nostra hist\u00f2ria recent i m\u00e9s tr\u00e0gica, la guerra civil. Per\u00f2 aquesta pel\u00b7l\u00edcula \u00e9s aix\u00f2 i molt m\u00e9s.<\/div>\n<div dir=\"auto\">Tracta el tema dels \u201ctopos\u201d, republicans que durant o despr\u00e9s de la guerra es van amagar sense saber que la dictadura duraria 40 anys. Moltes persones, sobretot al centre i al sud d&#8217;Espanya van viure amagades durant m\u00e9s de 30 anys, una barbaritat, fins a l&#8217;amnistia del 1969, que va perdonar els \u201cdelictes\u201d comesos abans del 1939 a la guerra civil. Hem de recordar que la repressi\u00f3 judicial just despr\u00e9s de la guerra va empresonar milers de ciutadans a llargues penes nom\u00e9s pel fet de ser sospitosos, o sigui d\u2019haver tingut la intenci\u00f3 de conspirar, gr\u00e0cies a l&#8217;ajuda dels delators.<\/div>\n<div dir=\"auto\">Espagne, 1936. Aquest \u00e9s el cas de l&#8217;Higinio, republic\u00e0, que veu la seva vida amena\u00e7ada amb l&#8217;arribada de les tropes franquistes. Amb l&#8217;ajuda de la seva dona, la Rosa, decideix amagar-se a casa seva. La por de les represalies i l&#8217;amor d&#8217;un per l&#8217;altre condemnen la parella a viure en captivitat.<\/div>\n<div dir=\"auto\"><\/div>\n<div dir=\"auto\">Guanyadora als premis Goya i al Festival de Cine de San Sebastian, segur que passareu un bon moment cin\u00e8fil des del sof\u00e0.<\/div>\n<\/div>","excerpt":"","slug":"la-vie-secrete-guanya-el-dvd-concurs","image":{"url":"https:\/\/casalparis.cat\/wp-content\/uploads\/2021\/07\/220780456_4484698038215360_5569092015941438828_n.png","id":1868,"extension":"png","width":940,"height":788,"sizes":{"medium":{"width":300,"height":251,"mime-type":"image\/png","url":"https:\/\/casalparis.cat\/wp-content\/uploads\/2021\/07\/220780456_4484698038215360_5569092015941438828_n-300x251.png"},"thumbnail":{"width":150,"height":150,"mime-type":"image\/png","url":"https:\/\/casalparis.cat\/wp-content\/uploads\/2021\/07\/220780456_4484698038215360_5569092015941438828_n-150x150.png"},"medium_large":{"width":768,"height":644,"mime-type":"image\/png","url":"https:\/\/casalparis.cat\/wp-content\/uploads\/2021\/07\/220780456_4484698038215360_5569092015941438828_n-768x644.png"},"post-thumbnail":{"width":940,"height":288,"mime-type":"image\/png","url":"https:\/\/casalparis.cat\/wp-content\/uploads\/2021\/07\/220780456_4484698038215360_5569092015941438828_n-940x288.png"},"large-feature":{"width":940,"height":288,"mime-type":"image\/png","url":"https:\/\/casalparis.cat\/wp-content\/uploads\/2021\/07\/220780456_4484698038215360_5569092015941438828_n-940x288.png"},"small-feature":{"width":358,"height":300,"mime-type":"image\/png","url":"https:\/\/casalparis.cat\/wp-content\/uploads\/2021\/07\/220780456_4484698038215360_5569092015941438828_n-358x300.png"}}},"all_day":false,"start_date":"2021-07-25 08:00:00","start_date_details":{"year":"2021","month":"07","day":"25","hour":"08","minutes":"00","seconds":"00"},"end_date":"2021-07-27 23:30:00","end_date_details":{"year":"2021","month":"07","day":"27","hour":"23","minutes":"30","seconds":"00"},"utc_start_date":"2021-07-25 06:00:00","utc_start_date_details":{"year":"2021","month":"07","day":"25","hour":"06","minutes":"00","seconds":"00"},"utc_end_date":"2021-07-27 21:30:00","utc_end_date_details":{"year":"2021","month":"07","day":"27","hour":"21","minutes":"30","seconds":"00"},"timezone":"Europe\/Paris","timezone_abbr":"CEST","cost":"","cost_details":{"currency_symbol":"","currency_code":"","currency_position":"prefix","values":[]},"website":"","show_map":false,"show_map_link":false,"hide_from_listings":false,"sticky":false,"featured":false,"categories":[{"name":"Agenda","slug":"agenda","term_group":0,"term_taxonomy_id":68,"taxonomy":"tribe_events_cat","description":"","parent":0,"count":211,"filter":"raw","id":68,"urls":{"self":"https:\/\/casalparis.cat\/index.php?rest_route=\/tribe\/events\/v1\/categories\/68","collection":"https:\/\/casalparis.cat\/index.php?rest_route=\/tribe\/events\/v1\/categories"}}],"tags":[{"name":"Agenda","slug":"agenda","term_group":0,"term_taxonomy_id":67,"taxonomy":"post_tag","description":"","parent":0,"count":212,"filter":"raw","id":67,"urls":{"self":"https:\/\/casalparis.cat\/index.php?rest_route=\/tribe\/events\/v1\/tags\/67","collection":"https:\/\/casalparis.cat\/index.php?rest_route=\/tribe\/events\/v1\/tags"}},{"name":"casalparis","slug":"casalparis","term_group":0,"term_taxonomy_id":23,"taxonomy":"post_tag","description":"","parent":0,"count":166,"filter":"raw","id":23,"urls":{"self":"https:\/\/casalparis.cat\/index.php?rest_route=\/tribe\/events\/v1\/tags\/23","collection":"https:\/\/casalparis.cat\/index.php?rest_route=\/tribe\/events\/v1\/tags"}},{"name":"cinema","slug":"cinema","term_group":0,"term_taxonomy_id":37,"taxonomy":"post_tag","description":"","parent":0,"count":24,"filter":"raw","id":37,"urls":{"self":"https:\/\/casalparis.cat\/index.php?rest_route=\/tribe\/events\/v1\/tags\/37","collection":"https:\/\/casalparis.cat\/index.php?rest_route=\/tribe\/events\/v1\/tags"}},{"name":"concurs","slug":"concurs","term_group":0,"term_taxonomy_id":49,"taxonomy":"post_tag","description":"","parent":0,"count":10,"filter":"raw","id":49,"urls":{"self":"https:\/\/casalparis.cat\/index.php?rest_route=\/tribe\/events\/v1\/tags\/49","collection":"https:\/\/casalparis.cat\/index.php?rest_route=\/tribe\/events\/v1\/tags"}},{"name":"somcasal","slug":"somcasal","term_group":0,"term_taxonomy_id":22,"taxonomy":"post_tag","description":"","parent":0,"count":167,"filter":"raw","id":22,"urls":{"self":"https:\/\/casalparis.cat\/index.php?rest_route=\/tribe\/events\/v1\/tags\/22","collection":"https:\/\/casalparis.cat\/index.php?rest_route=\/tribe\/events\/v1\/tags"}}],"venue":[],"organizer":[{"id":190,"author":"1","status":"publish","date":"2018-10-09 00:15:27","date_utc":"2018-10-08 22:15:27","modified":"2018-10-09 00:15:27","modified_utc":"2018-10-08 22:15:27","url":"https:\/\/casalparis.cat\/?tribe_organizer=casal-de-catalunya-de-paris","organizer":"Casal de Catalunya de Paris","slug":"casal-de-catalunya-de-paris","json_ld":{"@type":"Person","name":"Casal de Catalunya de Paris","description":"","url":"","telephone":"","email":"","sameAs":""},"global_id":"casalparis.cat?id=190","global_id_lineage":["casalparis.cat?id=190"]}],"custom_fields":[],"json_ld":{"@context":"http:\/\/schema.org","@type":"Event","name":"&#8220;La vie secr\u00e8te&#8221;, guanya el DVD &#8211; concurs","description":"&lt;p&gt;Teniu temps fins dimarts al vespre per guanyar un DVD! Respon correctament a la pregunta i envia un mail amb la resposta a casal@casalparis.cat abans del 27 de juliol. Entre els participants que hagin encertat la resposta sortejarem un DVD. &hellip; &lt;a href=&quot;https:\/\/casalparis.cat\/?tribe_events=la-vie-secrete-guanya-el-dvd-concurs&quot;&gt;Continua llegint &lt;span class=&quot;meta-nav&quot;&gt;&rarr;&lt;\/span&gt;&lt;\/a&gt;&lt;\/p&gt;\\n","image":"https:\/\/casalparis.cat\/wp-content\/uploads\/2021\/07\/220780456_4484698038215360_5569092015941438828_n.png","url":"https:\/\/casalparis.cat\/?tribe_events=la-vie-secrete-guanya-el-dvd-concurs","eventAttendanceMode":"https:\/\/schema.org\/OfflineEventAttendanceMode","eventStatus":"https:\/\/schema.org\/EventScheduled","startDate":"2021-07-25T08:00:00+02:00","endDate":"2021-07-27T23:30:00+02:00","organizer":{"@type":"Person","name":"Casal de Catalunya de Paris","description":"","url":"","telephone":"","email":"","sameAs":""},"performer":"Organization"}}