{"id":755,"date":"2019-07-31T09:37:44","date_gmt":"2019-07-31T07:37:44","guid":{"rendered":"http:\/\/casalparis.cat\/?p=755"},"modified":"2019-07-31T09:37:51","modified_gmt":"2019-07-31T07:37:51","slug":"delegacio-de-la-generalitat-a-franca-actualitzacio-de-dades","status":"publish","type":"post","link":"http:\/\/casalparis.cat\/?p=755","title":{"rendered":"Delegaci\u00f3 de la Generalitat a Fran\u00e7a &#8211; Actualitzaci\u00f3 de dades"},"content":{"rendered":"\n<p>La Delegaci\u00f3 de la Generalitat a Fran\u00e7a actualitza la seva <strong>base de dades<\/strong>, at\u00e8s que la darrera actualitzaci\u00f3 data de la  tardor de 2017. Tenint en compte el nou Reglament (UE) 2016\/679 del  Parlament Europeu i del Consell, que va entrar en vigor des del maig de  2018 durant el per\u00edode de tancament d\u2019aquesta Delegaci\u00f3,  us informem que us podeu inscriure en aquesta base de dades per estar al dia de tota l&#8217;activitat de la Delegaci\u00f3 i informacions \u00fatils per la comunitat catalana a l\u2019exterior, i  especialment a Fran\u00e7a. <\/p>\n\n\n\n<p>Per tots  aquells que desitgin inscriure\u2019s a la base de dades de la Delegaci\u00f3 o  necessitin actualitzar la seva informaci\u00f3, ho poden fer mitjan\u00e7ant  correu electr\u00f2nic a <a rel=\"noreferrer noopener\" href=\"mailto:france@gencat.cat\" target=\"_blank\">france@gencat.cat<\/a>, indicant: Nom, Cognom, Email de contacte, Ciutat de resid\u00e8ncia, i Consentiment expr\u00e8s que autoritzi  la Delegaci\u00f3 a utilitzar les seves dades amb la finalitat de rebre \u00fanicament i  exclusiva informaci\u00f3 d\u2019activitats i d\u2019inter\u00e8s per les comunitats  catalanes.<\/p>\n","protected":false},"excerpt":{"rendered":"<p>La Delegaci\u00f3 de la Generalitat a Fran\u00e7a actualitza la seva base de dades, at\u00e8s que la darrera actualitzaci\u00f3 data de la tardor de 2017. Tenint en compte el nou Reglament (UE) 2016\/679 del Parlament Europeu i del Consell, que va &hellip; <a href=\"http:\/\/casalparis.cat\/?p=755\">Continua llegint <span class=\"meta-nav\">&rarr;<\/span><\/a><\/p>\n","protected":false},"author":1,"featured_media":0,"comment_status":"closed","ping_status":"closed","sticky":false,"template":"","format":"standard","meta":{"footnotes":""},"categories":[31],"tags":[27,71,36,29],"class_list":["post-755","post","type-post","status-publish","format-standard","hentry","category-noticies","tag-27","tag-delegacio","tag-generalitat","tag-noticies"],"_links":{"self":[{"href":"http:\/\/casalparis.cat\/index.php?rest_route=\/wp\/v2\/posts\/755","targetHints":{"allow":["GET"]}}],"collection":[{"href":"http:\/\/casalparis.cat\/index.php?rest_route=\/wp\/v2\/posts"}],"about":[{"href":"http:\/\/casalparis.cat\/index.php?rest_route=\/wp\/v2\/types\/post"}],"author":[{"embeddable":true,"href":"http:\/\/casalparis.cat\/index.php?rest_route=\/wp\/v2\/users\/1"}],"replies":[{"embeddable":true,"href":"http:\/\/casalparis.cat\/index.php?rest_route=%2Fwp%2Fv2%2Fcomments&post=755"}],"version-history":[{"count":1,"href":"http:\/\/casalparis.cat\/index.php?rest_route=\/wp\/v2\/posts\/755\/revisions"}],"predecessor-version":[{"id":756,"href":"http:\/\/casalparis.cat\/index.php?rest_route=\/wp\/v2\/posts\/755\/revisions\/756"}],"wp:attachment":[{"href":"http:\/\/casalparis.cat\/index.php?rest_route=%2Fwp%2Fv2%2Fmedia&parent=755"}],"wp:term":[{"taxonomy":"category","embeddable":true,"href":"http:\/\/casalparis.cat\/index.php?rest_route=%2Fwp%2Fv2%2Fcategories&post=755"},{"taxonomy":"post_tag","embeddable":true,"href":"http:\/\/casalparis.cat\/index.php?rest_route=%2Fwp%2Fv2%2Ftags&post=755"}],"curies":[{"name":"wp","href":"https:\/\/api.w.org\/{rel}","templated":true}]}}