{"id":687,"date":"2019-05-16T22:06:42","date_gmt":"2019-05-16T20:06:42","guid":{"rendered":"http:\/\/casalparis.cat\/?p=687"},"modified":"2019-05-16T22:06:47","modified_gmt":"2019-05-16T20:06:47","slug":"palestine-es-la-nova-canco-de-zoo-un-homenatge-a-la-resistencia-popular-palestina-amb-un-rotund-beat-de-pollet","status":"publish","type":"post","link":"http:\/\/casalparis.cat\/?p=687","title":{"rendered":"\u201cPalestine\u201d \u00e9s la nova can\u00e7\u00f3 de ZOO, un homenatge a la resist\u00e8ncia popular palestina amb un rotund beat de Pollet"},"content":{"rendered":"\n<table class=\"wp-block-table\"><tbody><tr><td><strong>El  llan\u00e7ament del nou tema arriba acompanyat d\u2019un clip que recull imatges  de la gira de ZOO, el passat mes de setembre a Nabl\u00fas, Betlem i  Jerusalem, juntament amb l\u2019ONG Festiclown<\/strong><\/td><\/tr><\/tbody><\/table>\n\n\n\n<figure class=\"wp-block-embed-youtube wp-block-embed is-type-video is-provider-youtube wp-embed-aspect-16-9 wp-has-aspect-ratio\"><div class=\"wp-block-embed__wrapper\">\n<iframe loading=\"lazy\" title=\"ZOO - Palestine (#ZooZonaZero)\" width=\"584\" height=\"329\" src=\"https:\/\/www.youtube.com\/embed\/nJ73_eRyvSI?feature=oembed\" frameborder=\"0\" allow=\"accelerometer; autoplay; clipboard-write; encrypted-media; gyroscope; picture-in-picture; web-share\" referrerpolicy=\"strict-origin-when-cross-origin\" allowfullscreen><\/iframe>\n<\/div><\/figure>\n\n\n\n<p>Setembre de 2018.&nbsp;<strong>ZOO<\/strong>&nbsp;viatgen a&nbsp;<strong>Palestina<\/strong>&nbsp;per participar al&nbsp;<strong>Festiclown<\/strong>.\n Durant uns dies, els valencians recorren diferents ciutats palestines i\n camps de refugiats, on actuen davant de centenars de xiquets i on viuen\n una experi\u00e8ncia \u00fanica. Una experi\u00e8ncia que, en eixe moment, decideixen \ndocumentar amb l\u2019inestimable ajuda d\u2019<strong>Enrique Carrillo (Refugio Creativo)<\/strong>. Ara, totes les imatges gravades, acompanyen en forma de videoclip, aquest nou tema de la banda:&nbsp;<strong>\u201cPalestine (#ZooZonaZero)\u201d<\/strong>, produ\u00eft, mesclat i masteritzat en Gandia, pel t\u00e8cnic de directes de la banda,&nbsp;<strong>Yon Mikel<\/strong>.&nbsp;<br><br>\nInfluenciats per totes les viv\u00e8ncies que el viatge per&nbsp;<strong>Nablus<\/strong>,&nbsp;<strong>Betlem<\/strong>&nbsp;i&nbsp;<strong>Jerusalem<\/strong>&nbsp;els va regalar,&nbsp;<strong>ZOO<\/strong>&nbsp;sorprenen amb aquesta nova can\u00e7\u00f3, amb una producci\u00f3 pr\u00f2pia del saxofonista i percussionista de la banda,&nbsp;<strong>Toni Fort \u201cPollet\u201d<\/strong>,\n que ha parit un beat amb melodies que ens traslladen directament a eixa\n latitud del m\u00f3n en disputa: l\u2019Orient Pr\u00f2xim. La m\u00fasica de&nbsp;<strong>\u201cPalestine (#ZooZonaZero)\u201d<\/strong>&nbsp;serveix de llan\u00e7adora per una nova lletra de&nbsp;<strong>Panxo<\/strong>&nbsp;que, a m\u00e9s a m\u00e9s, reflexa a la perfecci\u00f3 el dia a dia del poble palest\u00ed, exiliat i expulsat del seu llar. I \u00e9s que amb&nbsp;<strong>\u201cPalestine\u201d<\/strong>,&nbsp;<strong>ZOO<\/strong>&nbsp;reten\n homenatge a la resist\u00e8ncia popular palestina i, al mateix temps, \nagraeixen a totes les persones que all\u00e0 els van acollir, tancant aix\u00ed \nuna experi\u00e8ncia tan personal i un viatge tan especial.&nbsp;<br><br>\nAquesta experi\u00e8ncia tan marcada a foc dintre dels membres de la banda, t\u00e9 el seu propi reflex en aquesta can\u00e7\u00f3, en&nbsp;<strong>\u201cPalestine\u201d<\/strong>, llan\u00e7ament que ha coincidit finalment amb el dia de la&nbsp;<strong>Nakba<\/strong>. A m\u00e9s a m\u00e9s, la banda actua aquest&nbsp;<strong>dissabte 18 de maig en la Sala Repvblicca de Val\u00e8ncia<\/strong>, lloc en el que es celebra el&nbsp;<strong>Festival Solidari amb Palestina<\/strong>, organitzat per&nbsp;<strong>BDS Pa\u00eds Valenci\u00e0<\/strong>. Per aquesta cita excepcional de solidaritat internacional s\u2019han sumat altres bandes i artistes com com&nbsp;<strong>El Diluvi<\/strong>,&nbsp;<strong>Cactus Troop<\/strong>,&nbsp;<strong>Pupil.les<\/strong>,&nbsp;<strong>The Mediaplayers<\/strong>&nbsp;i&nbsp;<strong>Carraixet<\/strong>, entre altres.<\/p>\n","protected":false},"excerpt":{"rendered":"<p>El llan\u00e7ament del nou tema arriba acompanyat d\u2019un clip que recull imatges de la gira de ZOO, el passat mes de setembre a Nabl\u00fas, Betlem i Jerusalem, juntament amb l\u2019ONG Festiclown Setembre de 2018.&nbsp;ZOO&nbsp;viatgen a&nbsp;Palestina&nbsp;per participar al&nbsp;Festiclown. Durant uns dies, &hellip; <a href=\"http:\/\/casalparis.cat\/?p=687\">Continua llegint <span class=\"meta-nav\">&rarr;<\/span><\/a><\/p>\n","protected":false},"author":1,"featured_media":0,"comment_status":"closed","ping_status":"closed","sticky":false,"template":"","format":"standard","meta":{"footnotes":""},"categories":[31],"tags":[27,77,89,88],"class_list":["post-687","post","type-post","status-publish","format-standard","hentry","category-noticies","tag-27","tag-musica","tag-valencia","tag-zoo"],"_links":{"self":[{"href":"http:\/\/casalparis.cat\/index.php?rest_route=\/wp\/v2\/posts\/687","targetHints":{"allow":["GET"]}}],"collection":[{"href":"http:\/\/casalparis.cat\/index.php?rest_route=\/wp\/v2\/posts"}],"about":[{"href":"http:\/\/casalparis.cat\/index.php?rest_route=\/wp\/v2\/types\/post"}],"author":[{"embeddable":true,"href":"http:\/\/casalparis.cat\/index.php?rest_route=\/wp\/v2\/users\/1"}],"replies":[{"embeddable":true,"href":"http:\/\/casalparis.cat\/index.php?rest_route=%2Fwp%2Fv2%2Fcomments&post=687"}],"version-history":[{"count":1,"href":"http:\/\/casalparis.cat\/index.php?rest_route=\/wp\/v2\/posts\/687\/revisions"}],"predecessor-version":[{"id":688,"href":"http:\/\/casalparis.cat\/index.php?rest_route=\/wp\/v2\/posts\/687\/revisions\/688"}],"wp:attachment":[{"href":"http:\/\/casalparis.cat\/index.php?rest_route=%2Fwp%2Fv2%2Fmedia&parent=687"}],"wp:term":[{"taxonomy":"category","embeddable":true,"href":"http:\/\/casalparis.cat\/index.php?rest_route=%2Fwp%2Fv2%2Fcategories&post=687"},{"taxonomy":"post_tag","embeddable":true,"href":"http:\/\/casalparis.cat\/index.php?rest_route=%2Fwp%2Fv2%2Ftags&post=687"}],"curies":[{"name":"wp","href":"https:\/\/api.w.org\/{rel}","templated":true}]}}