{"id":494,"date":"2019-03-23T21:05:31","date_gmt":"2019-03-23T20:05:31","guid":{"rendered":"http:\/\/casalparis.cat\/?p=494"},"modified":"2019-03-23T21:05:34","modified_gmt":"2019-03-23T20:05:34","slug":"cartell-dia-internacional-de-la-catalunya-exterior-2019","status":"publish","type":"post","link":"http:\/\/casalparis.cat\/?p=494","title":{"rendered":"Cartell Dia Internacional de la Catalunya Exterior 2019"},"content":{"rendered":"\n<p><strong>La Federaci\u00f3 Internacional d\u2019Entitats Catalanes (FIEC) <\/strong>convoca\n concurs p\u00fablic per a l\u2019elaboraci\u00f3 del cartell del Dia Internacional de \nla Catalunya Exterior 2019, d\u2019acord amb les seg\u00fcents bases:<\/p>\n\n\n\n<p><strong>1)<\/strong> Cada participant podr\u00e0 presentar un m\u00e0xim d\u2019una proposta.<\/p>\n\n\n\n<p><strong>2)<\/strong>\n El contingut del cartell \u00e9s lliure per\u00f2 haur\u00e0 d\u2019haver-hi necess\u00e0riament\n la inscripci\u00f3 \u201cDia Internacional de la Catalunya Exterior\u201d i la data \nd\u2019aquesta jornada que, enguany, \u00e9s el 28 d\u2019abril de 2019.<\/p>\n\n\n\n<p><strong>3)<\/strong> El cartell guanyador quedar\u00e0 en propietat de la FIEC, la qual indicar\u00e0 sempre que sigui possible l\u2019autoria de l\u2019obra.<\/p>\n\n\n\n<p><strong>4)<\/strong> Els participants hauran de trametre les seves propostes per correu electr\u00f2nic en format jpg a <a href=\"mailto:fiec@fiecweb.cat\" target=\"_blank\" rel=\"noreferrer noopener\">fiec@fiecweb.cat<\/a> . La data m\u00e0xima de recepci\u00f3 d\u2019originals \u00e9s el dia 8 d\u2019abril de 2019.<\/p>\n\n\n\n<p><strong>5)<\/strong> Els cartells del Dia Internacional de la Catalunya Exterior 1998-2018 estan disponibles al website de la FIEC (<a href=\"http:\/\/www.fiecweb.cat\" target=\"_blank\" rel=\"noreferrer noopener\">www.fiecweb.cat<\/a>). <\/p>\n\n\n\n<p>El\n Dia Internacional de la Catalunya Exterior es va instituir per part de \nla FIEC per recordar els centenars de milers de catalans que viuen fora \ndel pa\u00eds. <\/p>\n\n\n\n<p><strong>Secretaria de la Federaci\u00f3 Internacional d\u2019Entitats Catalanes<\/strong><\/p>\n\n\n\n<p><a href=\"http:\/\/www.fiecweb.cat\/\" target=\"_blank\" rel=\"noreferrer noopener\">www.fiecweb.cat<\/a><\/p>\n\n\n\n<p><a href=\"mailto:fiec@fiecweb.cat\" target=\"_blank\" rel=\"noreferrer noopener\">fiec@fiecweb.cat<\/a><\/p>\n\n\n\n<p>Facebook: <a href=\"http:\/\/www.facebook.com\/#!\/pages\/Federaci%C3%B3InternacionaldEntitats-Catalanes-FIEC\/320516139060?fref=ts\" target=\"_blank\" rel=\"noreferrer noopener\">http:\/\/www.facebook.com\/#!\/pages\/Federaci%C3%B3InternacionaldEntitats-Catalanes-FIEC\/320516139060?fref=ts<\/a><\/p>\n\n\n\n<p>Twitter: @FIEC1<\/p>\n\n\n\n<p>Tel\u00e8fon: +34-934123294<\/p>\n","protected":false},"excerpt":{"rendered":"<p>La Federaci\u00f3 Internacional d\u2019Entitats Catalanes (FIEC) convoca concurs p\u00fablic per a l\u2019elaboraci\u00f3 del cartell del Dia Internacional de la Catalunya Exterior 2019, d\u2019acord amb les seg\u00fcents bases: 1) Cada participant podr\u00e0 presentar un m\u00e0xim d\u2019una proposta. 2) El contingut del &hellip; <a href=\"http:\/\/casalparis.cat\/?p=494\">Continua llegint <span class=\"meta-nav\">&rarr;<\/span><\/a><\/p>\n","protected":false},"author":1,"featured_media":0,"comment_status":"open","ping_status":"open","sticky":false,"template":"","format":"standard","meta":{"footnotes":""},"categories":[31],"tags":[27,49,33],"class_list":["post-494","post","type-post","status-publish","format-standard","hentry","category-noticies","tag-27","tag-concurs","tag-fiec"],"_links":{"self":[{"href":"http:\/\/casalparis.cat\/index.php?rest_route=\/wp\/v2\/posts\/494","targetHints":{"allow":["GET"]}}],"collection":[{"href":"http:\/\/casalparis.cat\/index.php?rest_route=\/wp\/v2\/posts"}],"about":[{"href":"http:\/\/casalparis.cat\/index.php?rest_route=\/wp\/v2\/types\/post"}],"author":[{"embeddable":true,"href":"http:\/\/casalparis.cat\/index.php?rest_route=\/wp\/v2\/users\/1"}],"replies":[{"embeddable":true,"href":"http:\/\/casalparis.cat\/index.php?rest_route=%2Fwp%2Fv2%2Fcomments&post=494"}],"version-history":[{"count":1,"href":"http:\/\/casalparis.cat\/index.php?rest_route=\/wp\/v2\/posts\/494\/revisions"}],"predecessor-version":[{"id":495,"href":"http:\/\/casalparis.cat\/index.php?rest_route=\/wp\/v2\/posts\/494\/revisions\/495"}],"wp:attachment":[{"href":"http:\/\/casalparis.cat\/index.php?rest_route=%2Fwp%2Fv2%2Fmedia&parent=494"}],"wp:term":[{"taxonomy":"category","embeddable":true,"href":"http:\/\/casalparis.cat\/index.php?rest_route=%2Fwp%2Fv2%2Fcategories&post=494"},{"taxonomy":"post_tag","embeddable":true,"href":"http:\/\/casalparis.cat\/index.php?rest_route=%2Fwp%2Fv2%2Ftags&post=494"}],"curies":[{"name":"wp","href":"https:\/\/api.w.org\/{rel}","templated":true}]}}