{"id":3598,"date":"2026-01-21T00:02:06","date_gmt":"2026-01-20T23:02:06","guid":{"rendered":"https:\/\/casalparis.cat\/?p=3598"},"modified":"2026-01-21T00:02:10","modified_gmt":"2026-01-20T23:02:10","slug":"universitat-sorbonne-nouvelle-jpo-portes-obertes-i-oferta-formativa","status":"publish","type":"post","link":"http:\/\/casalparis.cat\/?p=3598","title":{"rendered":"Universitat Sorbonne Nouvelle &#8211; JPO (Portes obertes) i oferta formativa"},"content":{"rendered":"\n<p>La universitat de la Sorbonna Nouvelle proposa una especialitat en lleng\u00fces i cultures de la pen\u00ednsula ib\u00e8rica dins de diversos plans d\u2019estudis (licence d\u2019espagnol, licence en sciences du language) que est\u00e0 parcialment finan\u00e7ada per institucions com l&#8217;Institut Ramon Llull, el Institut Etxepare i la Xunta de Galicia i aix\u00ed pret\u00e9n donar resposta a un complement disciplinari fins ara inexistent en els plans d&#8217;estudi de les universitats franceses.<\/p>\n\n\n\n<p>D\u2019aquesta manera, l\u2019alumnat rebr\u00e0 una formaci\u00f3 de qualitat en llengua, literatura i hist\u00f2ria, complementada per un conjunt d\u2019assignatures que li permetran descobrir noves lleng\u00fces o aprofundir en els seus coneixements ling\u00fc\u00edstics i culturals. Aquest tipus de formaci\u00f3 pot ser especialment interessant per a les fam\u00edlies catalanes establertes a Fran\u00e7a que volen mantenir un vincle ling\u00fc\u00edstic, cultural i professional amb els seus or\u00edgens, per\u00f2 tamb\u00e9 per a qualsevol persona que visqui a Catalunya i vulgui especialitzar-se en \u00e0mbits com la doc\u00e8ncia del catal\u00e0 i del castell\u00e0 a Fran\u00e7a, les relacions culturals, institucionals o comercials, o les humanitats.<\/p>\n\n\n\n<p>A m\u00e9s dels m\u00faltiples convenis internacionals, la Universitat t\u00e9 acords amb universitats del nostre domini ling\u00fc\u00edstic, com ara Alacant, Barcelona, Girona, Lleida o Val\u00e8ncia.<\/p>\n\n\n\n<p>Jornada de portes obertes (JPO) el 7 de febrer de 9h30 a 17h (8 Avenue Saint-Mand\u00e9, 75012, Paris).<\/p>\n\n\n\n<div data-wp-interactive=\"core\/file\" class=\"wp-block-file\"><object data-wp-bind--hidden=\"!state.hasPdfPreview\" hidden class=\"wp-block-file__embed\" data=\"https:\/\/casalparis.cat\/wp-content\/uploads\/2026\/01\/brochure-mineures-langues-et-cultures-regionales-de-la-peninsule-iberique.pdf\" type=\"application\/pdf\" style=\"width:100%;height:600px\" aria-label=\"Incrustaci\u00f3 del fitxer brochure-mineures-langues-et-cultures-regionales-de-la-peninsule-iberique.\"><\/object><a id=\"wp-block-file--media-ad122136-042b-441d-b85b-a10126735aa2\" href=\"https:\/\/casalparis.cat\/wp-content\/uploads\/2026\/01\/brochure-mineures-langues-et-cultures-regionales-de-la-peninsule-iberique.pdf\">brochure-mineures-langues-et-cultures-regionales-de-la-peninsule-iberique<\/a><a href=\"https:\/\/casalparis.cat\/wp-content\/uploads\/2026\/01\/brochure-mineures-langues-et-cultures-regionales-de-la-peninsule-iberique.pdf\" class=\"wp-block-file__button wp-element-button\" download aria-describedby=\"wp-block-file--media-ad122136-042b-441d-b85b-a10126735aa2\">Baixa<\/a><\/div>\n\n\n\n<div data-wp-interactive=\"core\/file\" class=\"wp-block-file\"><object data-wp-bind--hidden=\"!state.hasPdfPreview\" hidden class=\"wp-block-file__embed\" data=\"https:\/\/casalparis.cat\/wp-content\/uploads\/2026\/01\/2025-licence-sciences-du-langage.pdf\" type=\"application\/pdf\" style=\"width:100%;height:600px\" aria-label=\"Incrustaci\u00f3 del fitxer 2025-licence-sciences-du-langage.\"><\/object><a id=\"wp-block-file--media-1611fba0-1f79-4b01-a629-25f5d92f81a3\" href=\"https:\/\/casalparis.cat\/wp-content\/uploads\/2026\/01\/2025-licence-sciences-du-langage.pdf\">2025-licence-sciences-du-langage<\/a><a href=\"https:\/\/casalparis.cat\/wp-content\/uploads\/2026\/01\/2025-licence-sciences-du-langage.pdf\" class=\"wp-block-file__button wp-element-button\" download aria-describedby=\"wp-block-file--media-1611fba0-1f79-4b01-a629-25f5d92f81a3\">Baixa<\/a><\/div>\n\n\n\n<div data-wp-interactive=\"core\/file\" class=\"wp-block-file\"><object data-wp-bind--hidden=\"!state.hasPdfPreview\" hidden class=\"wp-block-file__embed\" data=\"https:\/\/casalparis.cat\/wp-content\/uploads\/2026\/01\/2025-licence-espagnol.pdf\" type=\"application\/pdf\" style=\"width:100%;height:600px\" aria-label=\"Incrustaci\u00f3 del fitxer 2025-licence-espagnol.\"><\/object><a id=\"wp-block-file--media-94e41c19-e8ec-40c5-b2a0-bbc8501013de\" href=\"https:\/\/casalparis.cat\/wp-content\/uploads\/2026\/01\/2025-licence-espagnol.pdf\">2025-licence-espagnol<\/a><a href=\"https:\/\/casalparis.cat\/wp-content\/uploads\/2026\/01\/2025-licence-espagnol.pdf\" class=\"wp-block-file__button wp-element-button\" download aria-describedby=\"wp-block-file--media-94e41c19-e8ec-40c5-b2a0-bbc8501013de\">Baixa<\/a><\/div>\n","protected":false},"excerpt":{"rendered":"<p>La universitat de la Sorbonna Nouvelle proposa una especialitat en lleng\u00fces i cultures de la pen\u00ednsula ib\u00e8rica dins de diversos plans d\u2019estudis (licence d\u2019espagnol, licence en sciences du language) que est\u00e0 parcialment finan\u00e7ada per institucions com l&#8217;Institut Ramon Llull, el &hellip; <a href=\"http:\/\/casalparis.cat\/?p=3598\">Continua llegint <span class=\"meta-nav\">&rarr;<\/span><\/a><\/p>\n","protected":false},"author":1,"featured_media":0,"comment_status":"open","ping_status":"open","sticky":false,"template":"","format":"standard","meta":{"footnotes":""},"categories":[1,31],"tags":[600,97,16,572,599,38,598],"class_list":["post-3598","post","type-post","status-publish","format-standard","hentry","category-general","category-noticies","tag-aprendrecatala","tag-catala","tag-cultura","tag-estudis","tag-licence","tag-paris","tag-universitatsorbonnenouvelle"],"_links":{"self":[{"href":"http:\/\/casalparis.cat\/index.php?rest_route=\/wp\/v2\/posts\/3598","targetHints":{"allow":["GET"]}}],"collection":[{"href":"http:\/\/casalparis.cat\/index.php?rest_route=\/wp\/v2\/posts"}],"about":[{"href":"http:\/\/casalparis.cat\/index.php?rest_route=\/wp\/v2\/types\/post"}],"author":[{"embeddable":true,"href":"http:\/\/casalparis.cat\/index.php?rest_route=\/wp\/v2\/users\/1"}],"replies":[{"embeddable":true,"href":"http:\/\/casalparis.cat\/index.php?rest_route=%2Fwp%2Fv2%2Fcomments&post=3598"}],"version-history":[{"count":1,"href":"http:\/\/casalparis.cat\/index.php?rest_route=\/wp\/v2\/posts\/3598\/revisions"}],"predecessor-version":[{"id":3602,"href":"http:\/\/casalparis.cat\/index.php?rest_route=\/wp\/v2\/posts\/3598\/revisions\/3602"}],"wp:attachment":[{"href":"http:\/\/casalparis.cat\/index.php?rest_route=%2Fwp%2Fv2%2Fmedia&parent=3598"}],"wp:term":[{"taxonomy":"category","embeddable":true,"href":"http:\/\/casalparis.cat\/index.php?rest_route=%2Fwp%2Fv2%2Fcategories&post=3598"},{"taxonomy":"post_tag","embeddable":true,"href":"http:\/\/casalparis.cat\/index.php?rest_route=%2Fwp%2Fv2%2Ftags&post=3598"}],"curies":[{"name":"wp","href":"https:\/\/api.w.org\/{rel}","templated":true}]}}