{"id":3571,"date":"2025-11-29T08:35:02","date_gmt":"2025-11-29T07:35:02","guid":{"rendered":"https:\/\/casalparis.cat\/?p=3571"},"modified":"2026-01-20T23:14:06","modified_gmt":"2026-01-20T22:14:06","slug":"exposicio-els-camins-de-lexili-1937-1939-du-9-12-2025-au-24-01-2026","status":"publish","type":"post","link":"http:\/\/casalparis.cat\/?p=3571","title":{"rendered":"Exposici\u00f3 Els camins de l&#8217;exili 1937\/1939 *** prolongaci\u00f3 fins el 13 de mar\u00e7 ***"},"content":{"rendered":"\n<div class=\"wp-block-group\"><div class=\"wp-block-group__inner-container is-layout-constrained wp-block-group-is-layout-constrained\">\n<p>L&#8217;associaci\u00f3 24 ao\u00fbt 1944 i l&#8217;Institut Cervantes de Paris us conviden a visitar l&#8217;exposi\u00f3.<\/p>\n\n\n\n<p><strong>Els camins de l&#8217;exili 1937\/1939 <\/strong>(fotografies de Philippe Gaussot) del <strong>9 de desembre al 13 de mar\u00e7<\/strong> a la sala d&#8217;exposicions de l&#8217;Institut Cervantes de Paris.<\/p>\n\n\n\n<p>Una vintena de fotografies testimonien, d&#8217;una banda, l&#8217;acollida a Fran\u00e7a dels infants bascos i catalans enviats per escapar de les atrocitats de la guerra, i de l&#8217;altra, la Retirada dels antifeixistes espanyols al febrer de 1939 i la seva arribada als camps de refugiats a les platges franceses.<\/p>\n\n\n\n<p>L&#8217;exposici\u00f3, produ\u00efda per l&#8217;associaci\u00f3 24-Ao\u00fbt-1944 i pel aleshores anomenat Departament de la Mem\u00f2ria Hist\u00f2rica, es va presentar per primera vegada a Madrid el 2019 i va rec\u00f3rrer diverses ciutats europees abans d&#8217;arribar a Par\u00eds.<\/p>\n\n\n\n<p><strong>Inauguraci\u00f3: Dimarts 9 de desembre, de 18:30 a 21:00<\/strong><\/p>\n\n\n\n<p>Presentaci\u00f3 a c\u00e0rrec de Jos\u00e9 Mar\u00eda Mart\u00ednez, director de l&#8217;Institut Cervantes, i de l&#8217;associaci\u00f3 24-Ao\u00fbt-1944.<\/p>\n\n\n\n<p><strong>Lloc: INSTITUTO CERVANTES DE PARIS. 7 rue Quentin Bauchard 75008 Paris<\/strong><\/p>\n\n\n\n<p><a href=\"https:\/\/www.24-aout-1944.org\/newsletter\/Programme%20Fr.pdf\">Programa en franc\u00e8s<\/a><\/p>\n\n\n\n<p>************************<\/p>\n\n\n\n<p>L\u2019association 24 ao\u00fbt 1944 &amp; l&#8217;Institut Cervantes de Paris vous invitent \u00e0 visiter l&#8217;exposition :<\/p>\n<\/div><\/div>\n\n\n\n<div class=\"wp-block-group\"><div class=\"wp-block-group__inner-container is-layout-constrained wp-block-group-is-layout-constrained\">\n<div class=\"wp-block-group\"><div class=\"wp-block-group__inner-container is-layout-constrained wp-block-group-is-layout-constrained\">\n<p><strong>Les Chemins de l&#8217;exil 1937\/1939<\/strong> (Photographies de Philippe Gaussot) <strong>du 9 d\u00e9cembre au 13 mars <\/strong>\u00e0 la salle d&#8217;expositions de l&#8217;Institut Cervantes de Paris.<\/p>\n<\/div><\/div>\n<\/div><\/div>\n\n\n\n<p>Une centaine de photographies t\u00e9moignent, d\u2019une part, de l\u2019accueil en France des enfants basques et catalans envoy\u00e9s pour \u00e9chapper aux horreurs de la guerre, et d\u2019autre part, de la Retirada des antifascistes espagnols en f\u00e9vrier 1939 et de leur arriv\u00e9e dans les camps de r\u00e9fugi\u00e9s sur les plages fran\u00e7aises.<\/p>\n\n\n\n<p>L\u2019exposition, produite par l\u2019association 24-Ao\u00fbt-1944 et par l\u2019alors D\u00e9partement de la M\u00e9moire Historique, a \u00e9t\u00e9 pr\u00e9sent\u00e9e pour la premi\u00e8re fois \u00e0 Madrid en 2019 et a parcouru plusieurs villes europ\u00e9ennes avant d\u2019arriver \u00e0 Paris.<\/p>\n\n\n\n<div class=\"wp-block-group\"><div class=\"wp-block-group__inner-container is-layout-constrained wp-block-group-is-layout-constrained\">\n<p><strong>INAUGURATION :<\/strong> <strong><em>Mardi 9 d\u00e9cembre, de 18h30 \u00e0 21h00<\/em><\/strong><\/p>\n<\/div><\/div>\n\n\n\n<p>Pr\u00e9sentation par Jos\u00e9 Mar\u00eda Mart\u00ednez, directeur de l\u2019Institut Cervantes, et par l\u2019association 24-Ao\u00fbt-1944.<\/p>\n\n\n\n<div class=\"wp-block-group\"><div class=\"wp-block-group__inner-container is-layout-constrained wp-block-group-is-layout-constrained\">\n<p><strong>Site: INSTITUTO CERVANTES DE PARIS. 7 rue Quentin Bauchard 75008 Paris<\/strong><\/p>\n<\/div><\/div>\n\n\n\n<p><a href=\"https:\/\/www.24-aout-1944.org\/newsletter\/Programme%20Fr.pdf\">Programme<\/a><\/p>\n\n\n\n<p><\/p>\n","protected":false},"excerpt":{"rendered":"<p>L&#8217;associaci\u00f3 24 ao\u00fbt 1944 i l&#8217;Institut Cervantes de Paris us conviden a visitar l&#8217;exposi\u00f3. Els camins de l&#8217;exili 1937\/1939 (fotografies de Philippe Gaussot) del 9 de desembre al 13 de mar\u00e7 a la sala d&#8217;exposicions de l&#8217;Institut Cervantes de Paris. &hellip; <a href=\"http:\/\/casalparis.cat\/?p=3571\">Continua llegint <span class=\"meta-nav\">&rarr;<\/span><\/a><\/p>\n","protected":false},"author":1,"featured_media":0,"comment_status":"open","ping_status":"open","sticky":false,"template":"","format":"standard","meta":{"footnotes":""},"categories":[1,31],"tags":[513,66,53,316,487,38,124],"class_list":["post-3571","post","type-post","status-publish","format-standard","hentry","category-general","category-noticies","tag-associacio24aout1944","tag-exili","tag-exposicio","tag-historiadecatalunya","tag-institutocervantes","tag-paris","tag-retirada"],"_links":{"self":[{"href":"http:\/\/casalparis.cat\/index.php?rest_route=\/wp\/v2\/posts\/3571","targetHints":{"allow":["GET"]}}],"collection":[{"href":"http:\/\/casalparis.cat\/index.php?rest_route=\/wp\/v2\/posts"}],"about":[{"href":"http:\/\/casalparis.cat\/index.php?rest_route=\/wp\/v2\/types\/post"}],"author":[{"embeddable":true,"href":"http:\/\/casalparis.cat\/index.php?rest_route=\/wp\/v2\/users\/1"}],"replies":[{"embeddable":true,"href":"http:\/\/casalparis.cat\/index.php?rest_route=%2Fwp%2Fv2%2Fcomments&post=3571"}],"version-history":[{"count":2,"href":"http:\/\/casalparis.cat\/index.php?rest_route=\/wp\/v2\/posts\/3571\/revisions"}],"predecessor-version":[{"id":3597,"href":"http:\/\/casalparis.cat\/index.php?rest_route=\/wp\/v2\/posts\/3571\/revisions\/3597"}],"wp:attachment":[{"href":"http:\/\/casalparis.cat\/index.php?rest_route=%2Fwp%2Fv2%2Fmedia&parent=3571"}],"wp:term":[{"taxonomy":"category","embeddable":true,"href":"http:\/\/casalparis.cat\/index.php?rest_route=%2Fwp%2Fv2%2Fcategories&post=3571"},{"taxonomy":"post_tag","embeddable":true,"href":"http:\/\/casalparis.cat\/index.php?rest_route=%2Fwp%2Fv2%2Ftags&post=3571"}],"curies":[{"name":"wp","href":"https:\/\/api.w.org\/{rel}","templated":true}]}}