{"id":2078,"date":"2022-02-01T00:03:39","date_gmt":"2022-01-31T23:03:39","guid":{"rendered":"https:\/\/casalparis.cat\/?p=2078"},"modified":"2022-02-01T00:03:41","modified_gmt":"2022-01-31T23:03:41","slug":"radio-rab-qui-som","status":"publish","type":"post","link":"http:\/\/casalparis.cat\/?p=2078","title":{"rendered":"R\u00e0dio RAB &#8220;Qui Som&#8221;"},"content":{"rendered":"\n<figure class=\"wp-block-image size-full\"><img loading=\"lazy\" decoding=\"async\" width=\"960\" height=\"540\" src=\"https:\/\/casalparis.cat\/wp-content\/uploads\/2022\/02\/image.png\" alt=\"\" class=\"wp-image-2079\" srcset=\"https:\/\/casalparis.cat\/wp-content\/uploads\/2022\/02\/image.png 960w, https:\/\/casalparis.cat\/wp-content\/uploads\/2022\/02\/image-300x169.png 300w, https:\/\/casalparis.cat\/wp-content\/uploads\/2022\/02\/image-768x432.png 768w, https:\/\/casalparis.cat\/wp-content\/uploads\/2022\/02\/image-500x281.png 500w\" sizes=\"auto, (max-width: 960px) 100vw, 960px\" \/><\/figure>\n\n\n\n<p>A l&#8217;horari habitual ( 14 hores PST \/ 16 h de M\u00e8xic \/ 17 h d&#8217;Equador i Col\u00f2mbia , 19 h d&#8217;Argentina i Brasil i 23 h als Pa\u00efsos Catalans.), al &#8220;Qui Som&#8221;\u00a0 d&#8217;aquest dimarts 1 de febrer tindrem amb nosaltres la guardonada escriptora\u00a0de la Catalunya exterior Roser Caminals, que ens parlar\u00e0 entre altres coses de la seva darrera novel\u00b7la sobre l&#8217;espia catal\u00e0 que va canviar el curs de la segona guerra mundial. Afegim tamb\u00e9 que la Roser \u00e9s representant dels casals d&#8217;Estats Units i Canad\u00e0 al recentment constitu\u00eft Consell de la Catalunya Exterior.\u00a0 Com sempre hi podreu participar en directe per Zoom i l&#8217;activitat ser\u00e0 transmesa per les xarxes (canals de youtube\/ facebook) dels\u00a0Casals\u00a0de Quito, Guayaquil, Paran\u00e0 i la Plata. El programa ser\u00e0 em\u00e8s en diferit per la R\u00e0dio Am\u00e8rica Barcelona.Us hi esperem!<br>LINK DE ZOOM:<\/p>\n\n\n\n<p><a rel=\"noreferrer noopener\" href=\"https:\/\/us02web.zoom.us\/webinar\/register\/9816434177375\/WN_X1x_UPjWQ0yd6Un183Gaxw?fbclid=IwAR286PtxfOTGeEkWXc3yadkAOT9j3z2UNPQw9iBdIYh-mlcBKOkqox1Iuzg\" target=\"_blank\">https:\/\/us02web.zoom.us\/webinar\/register\/9816434177375\/WN_X1x_UPjWQ0yd6Un183Gaxw?fbclid=IwAR286PtxfOTGeEkWXc3yadkAOT9j3z2UNPQw9iBdIYh-mlcBKOkqox1Iuzg<\/a><\/p>\n\n\n\n<p>PUNT DE TROBADADIJOUS 3 DE FEBRER 17 H EQUADOR\/ 23 H PA\u00cfSOS CATALANS<\/p>\n","protected":false},"excerpt":{"rendered":"<p>A l&#8217;horari habitual ( 14 hores PST \/ 16 h de M\u00e8xic \/ 17 h d&#8217;Equador i Col\u00f2mbia , 19 h d&#8217;Argentina i Brasil i 23 h als Pa\u00efsos Catalans.), al &#8220;Qui Som&#8221;\u00a0 d&#8217;aquest dimarts 1 de febrer tindrem amb &hellip; <a href=\"http:\/\/casalparis.cat\/?p=2078\">Continua llegint <span class=\"meta-nav\">&rarr;<\/span><\/a><\/p>\n","protected":false},"author":1,"featured_media":2079,"comment_status":"closed","ping_status":"closed","sticky":false,"template":"","format":"standard","meta":{"footnotes":""},"categories":[1,31],"tags":[317,212,29,383,382,384],"class_list":["post-2078","post","type-post","status-publish","format-standard","has-post-thumbnail","hentry","category-general","category-noticies","tag-activitatsenlinia","tag-catalunyaexterior","tag-noticies","tag-quisom","tag-rab","tag-radio"],"_links":{"self":[{"href":"http:\/\/casalparis.cat\/index.php?rest_route=\/wp\/v2\/posts\/2078","targetHints":{"allow":["GET"]}}],"collection":[{"href":"http:\/\/casalparis.cat\/index.php?rest_route=\/wp\/v2\/posts"}],"about":[{"href":"http:\/\/casalparis.cat\/index.php?rest_route=\/wp\/v2\/types\/post"}],"author":[{"embeddable":true,"href":"http:\/\/casalparis.cat\/index.php?rest_route=\/wp\/v2\/users\/1"}],"replies":[{"embeddable":true,"href":"http:\/\/casalparis.cat\/index.php?rest_route=%2Fwp%2Fv2%2Fcomments&post=2078"}],"version-history":[{"count":1,"href":"http:\/\/casalparis.cat\/index.php?rest_route=\/wp\/v2\/posts\/2078\/revisions"}],"predecessor-version":[{"id":2080,"href":"http:\/\/casalparis.cat\/index.php?rest_route=\/wp\/v2\/posts\/2078\/revisions\/2080"}],"wp:featuredmedia":[{"embeddable":true,"href":"http:\/\/casalparis.cat\/index.php?rest_route=\/wp\/v2\/media\/2079"}],"wp:attachment":[{"href":"http:\/\/casalparis.cat\/index.php?rest_route=%2Fwp%2Fv2%2Fmedia&parent=2078"}],"wp:term":[{"taxonomy":"category","embeddable":true,"href":"http:\/\/casalparis.cat\/index.php?rest_route=%2Fwp%2Fv2%2Fcategories&post=2078"},{"taxonomy":"post_tag","embeddable":true,"href":"http:\/\/casalparis.cat\/index.php?rest_route=%2Fwp%2Fv2%2Ftags&post=2078"}],"curies":[{"name":"wp","href":"https:\/\/api.w.org\/{rel}","templated":true}]}}