{"id":2030,"date":"2021-12-07T23:59:25","date_gmt":"2021-12-07T22:59:25","guid":{"rendered":"https:\/\/casalparis.cat\/?p=2030"},"modified":"2021-12-07T23:59:26","modified_gmt":"2021-12-07T22:59:26","slug":"sagrada-familia-neix-un-nou-estel-a-barcelona","status":"publish","type":"post","link":"http:\/\/casalparis.cat\/?p=2030","title":{"rendered":"Sagrada Familia &#8211; Neix un nou estel a Barcelona"},"content":{"rendered":"\n<p>Estem molt a prop de veure la torre de la Mare de D\u00e9u il\u00b7luminada. Plegats hem il\u00b7luminat la base i el fust de la torre per primer cop!El dia 8 il\u00b7luminarem la torre de la Mare de D\u00e9u amb l\u2019estel a les 19.40 h. Ho podr\u00e0s seguir en directe des de tot el m\u00f3n aqu\u00ed: <a rel=\"noreferrer noopener\" href=\"http:\/\/estel.sagradafamilia.org\/?fbclid=IwAR3qCJ9tSxT_0DZJnvb5x761GN7ULltvjdwNDmXOLNWKKMkCPPsd8Z_eViQ\" target=\"_blank\">estel.sagradafamilia.org<\/a><\/p>\n\n\n\n<p>https:\/\/www.facebook.com\/plugins\/post.php?href=https%3A%2F%2Fwww.facebook.com%2FBasilicadelaSagradaFamilia%2Fposts%2F4691496867574650&#038;show_text=true&#038;width=500<\/p>\n","protected":false},"excerpt":{"rendered":"<p>Estem molt a prop de veure la torre de la Mare de D\u00e9u il\u00b7luminada. Plegats hem il\u00b7luminat la base i el fust de la torre per primer cop!El dia 8 il\u00b7luminarem la torre de la Mare de D\u00e9u amb l\u2019estel &hellip; <a href=\"http:\/\/casalparis.cat\/?p=2030\">Continua llegint <span class=\"meta-nav\">&rarr;<\/span><\/a><\/p>\n","protected":false},"author":1,"featured_media":0,"comment_status":"closed","ping_status":"closed","sticky":false,"template":"","format":"standard","meta":{"footnotes":""},"categories":[31],"tags":[303,146,29,304,347],"class_list":["post-2030","post","type-post","status-publish","format-standard","hentry","category-noticies","tag-barcelona","tag-nadal","tag-noticies","tag-turisme","tag-visites"],"_links":{"self":[{"href":"http:\/\/casalparis.cat\/index.php?rest_route=\/wp\/v2\/posts\/2030","targetHints":{"allow":["GET"]}}],"collection":[{"href":"http:\/\/casalparis.cat\/index.php?rest_route=\/wp\/v2\/posts"}],"about":[{"href":"http:\/\/casalparis.cat\/index.php?rest_route=\/wp\/v2\/types\/post"}],"author":[{"embeddable":true,"href":"http:\/\/casalparis.cat\/index.php?rest_route=\/wp\/v2\/users\/1"}],"replies":[{"embeddable":true,"href":"http:\/\/casalparis.cat\/index.php?rest_route=%2Fwp%2Fv2%2Fcomments&post=2030"}],"version-history":[{"count":1,"href":"http:\/\/casalparis.cat\/index.php?rest_route=\/wp\/v2\/posts\/2030\/revisions"}],"predecessor-version":[{"id":2031,"href":"http:\/\/casalparis.cat\/index.php?rest_route=\/wp\/v2\/posts\/2030\/revisions\/2031"}],"wp:attachment":[{"href":"http:\/\/casalparis.cat\/index.php?rest_route=%2Fwp%2Fv2%2Fmedia&parent=2030"}],"wp:term":[{"taxonomy":"category","embeddable":true,"href":"http:\/\/casalparis.cat\/index.php?rest_route=%2Fwp%2Fv2%2Fcategories&post=2030"},{"taxonomy":"post_tag","embeddable":true,"href":"http:\/\/casalparis.cat\/index.php?rest_route=%2Fwp%2Fv2%2Ftags&post=2030"}],"curies":[{"name":"wp","href":"https:\/\/api.w.org\/{rel}","templated":true}]}}