{"id":2011,"date":"2021-12-05T15:48:20","date_gmt":"2021-12-05T14:48:20","guid":{"rendered":"http:\/\/casalparis.cat\/?p=2011"},"modified":"2021-12-05T15:48:22","modified_gmt":"2021-12-05T14:48:22","slug":"museu-nacional-dart-de-catalunya-2","status":"publish","type":"post","link":"http:\/\/casalparis.cat\/?p=2011","title":{"rendered":"Museu Nacional d&#8217;Art de Catalunya"},"content":{"rendered":"\n<p>Ja has visitat la nova exposici\u00f3  &#8220;Gaudi&#8221;?<\/p>\n\n\n\n<p>El MNAC et convida a una exposici\u00f3 de gran format per mostrar l&#8217;obra i traject\u00f2ria de l&#8217;arquitecte en tota la seva complexitat i lluny dels t\u00f2pics que sovint l&#8217;acompanyen. Ni era un geni a\u00efllat ni tampoc un m\u00edstic, sin\u00f3 que va ser un personatge pol\u00edtic present com pocs a la Barcelona del tombant del segle XIX, una ciutat immersa en la lluita de classes.<\/p>\n\n\n\n<p>La mostra reuneix m\u00e9s de 650 elements -obres d&#8217;art, objectes arquitect\u00f2nics, de disseny i mobiliari, documentaci\u00f3, pl\u00e0nols i fotografies- procedents<br>de col\u00b7leccions nacionals i internacionals, inclosa la del Museu.<\/p>\n\n\n\n<p>Submergeix-te en l&#8217;univers Gaud\u00ed amb una museografia basada en la teatralitat i l&#8217;acumulaci\u00f3 d&#8217;objectes, com si es tract\u00e9s del taller que l&#8217;arquitecte tenia a la Sagrada Fam\u00edlia.<\/p>\n\n\n\n<p><strong>Tens temps per veure-la fins al 6 de mar\u00e7;<br>despr\u00e9s aquesta exposici\u00f3 viatjar\u00e0 al Mus\u00e9e d&#8217;Orsay de Par\u00eds.<\/strong><\/p>\n\n\n\n<p>Visites guiades, exposici\u00f3  narrada, tallers per a families, &#8230; M\u00e9s informacio<a href=\"https:\/\/www.museunacional.cat\/crm\/20211201_CA.html\"> aqu\u00ed  <\/a><\/p>\n","protected":false},"excerpt":{"rendered":"<p>Ja has visitat la nova exposici\u00f3 &#8220;Gaudi&#8221;? El MNAC et convida a una exposici\u00f3 de gran format per mostrar l&#8217;obra i traject\u00f2ria de l&#8217;arquitecte en tota la seva complexitat i lluny dels t\u00f2pics que sovint l&#8217;acompanyen. Ni era un geni &hellip; <a href=\"http:\/\/casalparis.cat\/?p=2011\">Continua llegint <span class=\"meta-nav\">&rarr;<\/span><\/a><\/p>\n","protected":false},"author":1,"featured_media":0,"comment_status":"closed","ping_status":"closed","sticky":false,"template":"","format":"standard","meta":{"footnotes":""},"categories":[31],"tags":[10,16,328,29,304,347],"class_list":["post-2011","post","type-post","status-publish","format-standard","hentry","category-noticies","tag-catalunya","tag-cultura","tag-museus","tag-noticies","tag-turisme","tag-visites"],"_links":{"self":[{"href":"http:\/\/casalparis.cat\/index.php?rest_route=\/wp\/v2\/posts\/2011","targetHints":{"allow":["GET"]}}],"collection":[{"href":"http:\/\/casalparis.cat\/index.php?rest_route=\/wp\/v2\/posts"}],"about":[{"href":"http:\/\/casalparis.cat\/index.php?rest_route=\/wp\/v2\/types\/post"}],"author":[{"embeddable":true,"href":"http:\/\/casalparis.cat\/index.php?rest_route=\/wp\/v2\/users\/1"}],"replies":[{"embeddable":true,"href":"http:\/\/casalparis.cat\/index.php?rest_route=%2Fwp%2Fv2%2Fcomments&post=2011"}],"version-history":[{"count":1,"href":"http:\/\/casalparis.cat\/index.php?rest_route=\/wp\/v2\/posts\/2011\/revisions"}],"predecessor-version":[{"id":2012,"href":"http:\/\/casalparis.cat\/index.php?rest_route=\/wp\/v2\/posts\/2011\/revisions\/2012"}],"wp:attachment":[{"href":"http:\/\/casalparis.cat\/index.php?rest_route=%2Fwp%2Fv2%2Fmedia&parent=2011"}],"wp:term":[{"taxonomy":"category","embeddable":true,"href":"http:\/\/casalparis.cat\/index.php?rest_route=%2Fwp%2Fv2%2Fcategories&post=2011"},{"taxonomy":"post_tag","embeddable":true,"href":"http:\/\/casalparis.cat\/index.php?rest_route=%2Fwp%2Fv2%2Ftags&post=2011"}],"curies":[{"name":"wp","href":"https:\/\/api.w.org\/{rel}","templated":true}]}}