{"id":1847,"date":"2021-06-13T22:23:21","date_gmt":"2021-06-13T20:23:21","guid":{"rendered":"http:\/\/casalparis.cat\/?p=1847"},"modified":"2021-06-13T22:36:31","modified_gmt":"2021-06-13T20:36:31","slug":"pel-licula-tornarem-de-felip-sole","status":"publish","type":"post","link":"http:\/\/casalparis.cat\/?p=1847","title":{"rendered":"Pel-l\u00edcula TORNAREM de Felip Sol\u00e9"},"content":{"rendered":"\n<figure class=\"wp-block-image size-large\"><img loading=\"lazy\" decoding=\"async\" width=\"822\" height=\"797\" src=\"http:\/\/casalparis.cat\/wp-content\/uploads\/2021\/06\/Screenshot-2021-06-13-22.21.16.png\" alt=\"\" class=\"wp-image-1849\" srcset=\"https:\/\/casalparis.cat\/wp-content\/uploads\/2021\/06\/Screenshot-2021-06-13-22.21.16.png 822w, https:\/\/casalparis.cat\/wp-content\/uploads\/2021\/06\/Screenshot-2021-06-13-22.21.16-300x291.png 300w, https:\/\/casalparis.cat\/wp-content\/uploads\/2021\/06\/Screenshot-2021-06-13-22.21.16-768x745.png 768w, https:\/\/casalparis.cat\/wp-content\/uploads\/2021\/06\/Screenshot-2021-06-13-22.21.16-309x300.png 309w\" sizes=\"auto, (max-width: 822px) 100vw, 822px\" \/><\/figure>\n\n\n\n<p>L&#8217;associaci\u00f3 &#8220;<em><strong>24 ao\u00fbt 1944<\/strong><\/em>&#8221; ens convida a la projecci\u00f3 de la pel-l\u00edcula <strong><em>Tornarem.<\/em><\/strong><\/p>\n\n\n\n<p>La projecci\u00f3 s&#8217;organitza en dos dies consecutius, el <strong>dijous dia 1 i divendres dia 2 de juliol<\/strong> a les 19h al &#8220;Centre d&#8217;animation place des f\u00eates&#8221; Paris XIX. Despr\u00e9s de la projecci\u00f3 hi haur\u00e0 una xerrada amb el director, Felip Sol\u00e9.<\/p>\n\n\n\n<p>Es tracta d&#8217;un drama hist\u00f2ric ambientat el 1944 que narra la hist\u00f2ria de La Nou, una companyia de republicans espanyols que van haver d&#8217;exiliar-se a Fran\u00e7a durant la Guerra Civil espanyola i que van combatre en la Segona Guerra Mundial.<\/p>\n\n\n\n<p>La ficci\u00f3 recrea la hist\u00f2ria de republicans espanyols que despr\u00e9s de perdre la Guerra Civil van poder exiliar-se a Fran\u00e7a i participar en la Segona Guerra Mundial per a intentar posar fi al feixisme a Europa. En aquest context hist\u00f2ric una hist\u00f2ria d&#8217;amor succeeix entre Par\u00eds i Barcelona. Fugint de les tropes franquistes que entren a Barcelona al final de la Guerra Civil, Lola i Felip veuen com la seva filla Mar\u00eda \u00e9s segrestada pels falangistes. Obligats a seguir el seu cam\u00ed cap a l&#8217;exili, la parella \u00e9s reclosa al camp de concentraci\u00f3 d&#8217;Argelers. Quan aconsegueixen sortir, Felip tornar\u00e0 a Barcelona per a recuperar a la seva filla, encara que una s\u00e8rie de fets ho portaran a lluitar a \u00c0frica durant cinc anys a les ordres del general Leclerc. Mentrestant, a Fran\u00e7a, Lola coneixer\u00e0 a Manel, un passador de refugiats del qual no podr\u00e0 evitar enamorar-se.<\/p>\n\n\n\n<p><strong>Aquesta pel-l\u00edcula s&#8217;organitza en dos episodis (indissociables) de 1h22\u2019 pel primer i  1h32\u2019 pel segon.<\/strong> \u00c9s&nbsp; per aquesta ra\u00f3 que han organitzat la projecci\u00f3 dos vespres consecutius.<\/p>\n\n\n\n<p><strong>Entrada gratu\u00efta per\u00f2 cal pre-inscripci\u00f3 per tal de respectar la capacitat d&#8217;acollida autoritzada.<\/strong><\/p>\n\n\n\n<p>Per reservar les places, truqueu als n\u00fameros: <strong>0651728618 ou 0686841684<\/strong><\/p>\n\n\n\n<div class=\"wp-block-file\"><a href=\"http:\/\/casalparis.cat\/wp-content\/uploads\/2021\/06\/tornarem.pdf\">tornarem<\/a><a href=\"http:\/\/casalparis.cat\/wp-content\/uploads\/2021\/06\/tornarem.pdf\" class=\"wp-block-file__button\" download>Baixa<\/a><\/div>\n","protected":false},"excerpt":{"rendered":"<p>L&#8217;associaci\u00f3 &#8220;24 ao\u00fbt 1944&#8221; ens convida a la projecci\u00f3 de la pel-l\u00edcula Tornarem. La projecci\u00f3 s&#8217;organitza en dos dies consecutius, el dijous dia 1 i divendres dia 2 de juliol a les 19h al &#8220;Centre d&#8217;animation place des f\u00eates&#8221; Paris &hellip; <a href=\"http:\/\/casalparis.cat\/?p=1847\">Continua llegint <span class=\"meta-nav\">&rarr;<\/span><\/a><\/p>\n","protected":false},"author":1,"featured_media":1849,"comment_status":"closed","ping_status":"closed","sticky":false,"template":"","format":"standard","meta":{"footnotes":""},"categories":[1,31],"tags":[255,97,38,308],"class_list":["post-1847","post","type-post","status-publish","format-standard","has-post-thumbnail","hentry","category-general","category-noticies","tag-associacio-aout-1944","tag-catala","tag-paris","tag-pel-licula"],"_links":{"self":[{"href":"http:\/\/casalparis.cat\/index.php?rest_route=\/wp\/v2\/posts\/1847","targetHints":{"allow":["GET"]}}],"collection":[{"href":"http:\/\/casalparis.cat\/index.php?rest_route=\/wp\/v2\/posts"}],"about":[{"href":"http:\/\/casalparis.cat\/index.php?rest_route=\/wp\/v2\/types\/post"}],"author":[{"embeddable":true,"href":"http:\/\/casalparis.cat\/index.php?rest_route=\/wp\/v2\/users\/1"}],"replies":[{"embeddable":true,"href":"http:\/\/casalparis.cat\/index.php?rest_route=%2Fwp%2Fv2%2Fcomments&post=1847"}],"version-history":[{"count":2,"href":"http:\/\/casalparis.cat\/index.php?rest_route=\/wp\/v2\/posts\/1847\/revisions"}],"predecessor-version":[{"id":1851,"href":"http:\/\/casalparis.cat\/index.php?rest_route=\/wp\/v2\/posts\/1847\/revisions\/1851"}],"wp:featuredmedia":[{"embeddable":true,"href":"http:\/\/casalparis.cat\/index.php?rest_route=\/wp\/v2\/media\/1849"}],"wp:attachment":[{"href":"http:\/\/casalparis.cat\/index.php?rest_route=%2Fwp%2Fv2%2Fmedia&parent=1847"}],"wp:term":[{"taxonomy":"category","embeddable":true,"href":"http:\/\/casalparis.cat\/index.php?rest_route=%2Fwp%2Fv2%2Fcategories&post=1847"},{"taxonomy":"post_tag","embeddable":true,"href":"http:\/\/casalparis.cat\/index.php?rest_route=%2Fwp%2Fv2%2Ftags&post=1847"}],"curies":[{"name":"wp","href":"https:\/\/api.w.org\/{rel}","templated":true}]}}