{"id":1800,"date":"2021-05-10T10:53:19","date_gmt":"2021-05-10T08:53:19","guid":{"rendered":"http:\/\/casalparis.cat\/?p=1800"},"modified":"2021-05-10T10:53:25","modified_gmt":"2021-05-10T08:53:25","slug":"dali-i-gaudi-a-latelier-de-lumieres","status":"publish","type":"post","link":"http:\/\/casalparis.cat\/?p=1800","title":{"rendered":"Dal\u00ed i Gaud\u00ed a &#8220;l&#8217;Atelier de lumi\u00e8res&#8221;"},"content":{"rendered":"\n<p>L&#8217;atelier de Lumi\u00e8res a Par\u00eds obrir\u00e0 les portes el 19 de maig amb una exposici\u00f3 dedicada als artistes catalans Dal\u00ed i Gaud\u00ed.<\/p>\n\n\n\n<figure class=\"wp-block-image size-large\"><img loading=\"lazy\" decoding=\"async\" width=\"1024\" height=\"684\" src=\"http:\/\/casalparis.cat\/wp-content\/uploads\/2021\/05\/dali-1024x684.jpg\" alt=\"\" class=\"wp-image-1801\" srcset=\"https:\/\/casalparis.cat\/wp-content\/uploads\/2021\/05\/dali-1024x684.jpg 1024w, https:\/\/casalparis.cat\/wp-content\/uploads\/2021\/05\/dali-300x200.jpg 300w, https:\/\/casalparis.cat\/wp-content\/uploads\/2021\/05\/dali-768x513.jpg 768w, https:\/\/casalparis.cat\/wp-content\/uploads\/2021\/05\/dali-1536x1025.jpg 1536w, https:\/\/casalparis.cat\/wp-content\/uploads\/2021\/05\/dali-449x300.jpg 449w, https:\/\/casalparis.cat\/wp-content\/uploads\/2021\/05\/dali.jpg 2000w\" sizes=\"auto, (max-width: 1024px) 100vw, 1024px\" \/><\/figure>\n\n\n\n<p><a href=\"https:\/\/www.atelier-lumieres.com\/fr\/home\">https:\/\/www.atelier-lumieres.com\/fr\/home<\/a><\/p>\n","protected":false},"excerpt":{"rendered":"<p>L&#8217;atelier de Lumi\u00e8res a Par\u00eds obrir\u00e0 les portes el 19 de maig amb una exposici\u00f3 dedicada als artistes catalans Dal\u00ed i Gaud\u00ed. https:\/\/www.atelier-lumieres.com\/fr\/home<\/p>\n","protected":false},"author":1,"featured_media":1801,"comment_status":"closed","ping_status":"closed","sticky":false,"template":"","format":"standard","meta":{"footnotes":""},"categories":[1,31],"tags":[314,269,29,38],"class_list":["post-1800","post","type-post","status-publish","format-standard","has-post-thumbnail","hentry","category-general","category-noticies","tag-culturacatalana","tag-exposicions","tag-noticies","tag-paris"],"_links":{"self":[{"href":"http:\/\/casalparis.cat\/index.php?rest_route=\/wp\/v2\/posts\/1800","targetHints":{"allow":["GET"]}}],"collection":[{"href":"http:\/\/casalparis.cat\/index.php?rest_route=\/wp\/v2\/posts"}],"about":[{"href":"http:\/\/casalparis.cat\/index.php?rest_route=\/wp\/v2\/types\/post"}],"author":[{"embeddable":true,"href":"http:\/\/casalparis.cat\/index.php?rest_route=\/wp\/v2\/users\/1"}],"replies":[{"embeddable":true,"href":"http:\/\/casalparis.cat\/index.php?rest_route=%2Fwp%2Fv2%2Fcomments&post=1800"}],"version-history":[{"count":1,"href":"http:\/\/casalparis.cat\/index.php?rest_route=\/wp\/v2\/posts\/1800\/revisions"}],"predecessor-version":[{"id":1802,"href":"http:\/\/casalparis.cat\/index.php?rest_route=\/wp\/v2\/posts\/1800\/revisions\/1802"}],"wp:featuredmedia":[{"embeddable":true,"href":"http:\/\/casalparis.cat\/index.php?rest_route=\/wp\/v2\/media\/1801"}],"wp:attachment":[{"href":"http:\/\/casalparis.cat\/index.php?rest_route=%2Fwp%2Fv2%2Fmedia&parent=1800"}],"wp:term":[{"taxonomy":"category","embeddable":true,"href":"http:\/\/casalparis.cat\/index.php?rest_route=%2Fwp%2Fv2%2Fcategories&post=1800"},{"taxonomy":"post_tag","embeddable":true,"href":"http:\/\/casalparis.cat\/index.php?rest_route=%2Fwp%2Fv2%2Ftags&post=1800"}],"curies":[{"name":"wp","href":"https:\/\/api.w.org\/{rel}","templated":true}]}}