{"id":1796,"date":"2021-05-01T17:07:37","date_gmt":"2021-05-01T15:07:37","guid":{"rendered":"http:\/\/casalparis.cat\/?p=1796"},"modified":"2021-05-01T17:07:42","modified_gmt":"2021-05-01T15:07:42","slug":"documental-racons","status":"publish","type":"post","link":"http:\/\/casalparis.cat\/?p=1796","title":{"rendered":"Documental RACONS"},"content":{"rendered":"\n<p>Documental RACONSVoleu con\u00e8ixer com viuen els catalans arreu del mon? <\/p>\n\n\n\n<p>La Claudia i en Joan en els \u00faltims mesos han estat implicats amb molta il\u00b7lusi\u00f3 en l&#8217;edici\u00f3 del documental RACONS que inclou una aproximaci\u00f3 audiovisual a la Societat de Benefic\u00e8ncia de Naturals de Catalunya (L&#8217;Havana) &#8211; el casal m\u00e9s antic del m\u00f3n-, a l&#8217;Orfe\u00f3 Catal\u00e0 de M\u00e8xic (Ciutat de M\u00e8xic) i al Casal Catal\u00e0 de la Pen\u00ednsula de Yucat\u00e1n (M\u00e9rida), tres casals ben diferents l&#8217;un de l&#8217;altre vinculats, entre d&#8217;altres, per la proximitat geogr\u00e0fica i per l&#8217;amor a la cultura catalana. <\/p>\n\n\n\n<p>Ens conviden aquest <strong>diumenge 2 de maig<\/strong> a con\u00e8ixer aquests tres racons catalans establerts a Llatinoam\u00e8rica a trav\u00e9s d&#8217;una presentaci\u00f3 virtual del documental RACONS (Zoom). L&#8217;horari establert \u00e9s a les 10am (M\u00e8xic) \/ <strong>5pm<\/strong> (Catalunya\/Fran\u00e7a). <\/p>\n\n\n\n<p>Si us interessa participar-hi heu d&#8217;enviar un correu a <strong>casal.catala.yucatan@gmail.com<\/strong> el m\u00e9s aviat possible. Durant el cap de setmana, rebreu les dades per a poder accedir-hi.<\/p>\n\n\n\n<figure class=\"wp-block-image size-large\"><img loading=\"lazy\" decoding=\"async\" width=\"1024\" height=\"768\" src=\"http:\/\/casalparis.cat\/wp-content\/uploads\/2021\/05\/IMG_20201125_133944-1024x768.jpg\" alt=\"\" class=\"wp-image-1797\" srcset=\"https:\/\/casalparis.cat\/wp-content\/uploads\/2021\/05\/IMG_20201125_133944-1024x768.jpg 1024w, https:\/\/casalparis.cat\/wp-content\/uploads\/2021\/05\/IMG_20201125_133944-300x225.jpg 300w, https:\/\/casalparis.cat\/wp-content\/uploads\/2021\/05\/IMG_20201125_133944-768x576.jpg 768w, https:\/\/casalparis.cat\/wp-content\/uploads\/2021\/05\/IMG_20201125_133944-1536x1152.jpg 1536w, https:\/\/casalparis.cat\/wp-content\/uploads\/2021\/05\/IMG_20201125_133944-2048x1536.jpg 2048w, https:\/\/casalparis.cat\/wp-content\/uploads\/2021\/05\/IMG_20201125_133944-400x300.jpg 400w\" sizes=\"auto, (max-width: 1024px) 100vw, 1024px\" \/><\/figure>\n","protected":false},"excerpt":{"rendered":"<p>Documental RACONSVoleu con\u00e8ixer com viuen els catalans arreu del mon? La Claudia i en Joan en els \u00faltims mesos han estat implicats amb molta il\u00b7lusi\u00f3 en l&#8217;edici\u00f3 del documental RACONS que inclou una aproximaci\u00f3 audiovisual a la Societat de Benefic\u00e8ncia &hellip; <a href=\"http:\/\/casalparis.cat\/?p=1796\">Continua llegint <span class=\"meta-nav\">&rarr;<\/span><\/a><\/p>\n","protected":false},"author":1,"featured_media":1797,"comment_status":"closed","ping_status":"closed","sticky":false,"template":"","format":"standard","meta":{"footnotes":""},"categories":[31],"tags":[251,29,327],"class_list":["post-1796","post","type-post","status-publish","format-standard","has-post-thumbnail","hentry","category-noticies","tag-casalsenxarxa","tag-noticies","tag-racons"],"_links":{"self":[{"href":"http:\/\/casalparis.cat\/index.php?rest_route=\/wp\/v2\/posts\/1796","targetHints":{"allow":["GET"]}}],"collection":[{"href":"http:\/\/casalparis.cat\/index.php?rest_route=\/wp\/v2\/posts"}],"about":[{"href":"http:\/\/casalparis.cat\/index.php?rest_route=\/wp\/v2\/types\/post"}],"author":[{"embeddable":true,"href":"http:\/\/casalparis.cat\/index.php?rest_route=\/wp\/v2\/users\/1"}],"replies":[{"embeddable":true,"href":"http:\/\/casalparis.cat\/index.php?rest_route=%2Fwp%2Fv2%2Fcomments&post=1796"}],"version-history":[{"count":1,"href":"http:\/\/casalparis.cat\/index.php?rest_route=\/wp\/v2\/posts\/1796\/revisions"}],"predecessor-version":[{"id":1798,"href":"http:\/\/casalparis.cat\/index.php?rest_route=\/wp\/v2\/posts\/1796\/revisions\/1798"}],"wp:featuredmedia":[{"embeddable":true,"href":"http:\/\/casalparis.cat\/index.php?rest_route=\/wp\/v2\/media\/1797"}],"wp:attachment":[{"href":"http:\/\/casalparis.cat\/index.php?rest_route=%2Fwp%2Fv2%2Fmedia&parent=1796"}],"wp:term":[{"taxonomy":"category","embeddable":true,"href":"http:\/\/casalparis.cat\/index.php?rest_route=%2Fwp%2Fv2%2Fcategories&post=1796"},{"taxonomy":"post_tag","embeddable":true,"href":"http:\/\/casalparis.cat\/index.php?rest_route=%2Fwp%2Fv2%2Ftags&post=1796"}],"curies":[{"name":"wp","href":"https:\/\/api.w.org\/{rel}","templated":true}]}}