{"id":1744,"date":"2021-04-17T17:30:00","date_gmt":"2021-04-17T15:30:00","guid":{"rendered":"http:\/\/casalparis.cat\/?p=1744"},"modified":"2021-04-17T17:38:58","modified_gmt":"2021-04-17T15:38:58","slug":"xocolata-i-contes-casals-damerica","status":"publish","type":"post","link":"http:\/\/casalparis.cat\/?p=1744","title":{"rendered":"Xocolata i contes &#8211; Casals d&#8217;Am\u00e8rica"},"content":{"rendered":"\n<figure class=\"wp-block-table\"><table><tbody><tr><td>Diumenge 25 d\u2019abril a les 8:00 de Vancouver, 11:00 h Equador\/ 10:00 de M\u00e8xic , 13:00 Argentina i 17: 00 h ens proposen participar al programa XOCOLATA I CONTES, dedicat a un dels personatges de la setmana: el drac. L&#8217;antagonista de\u00a0<a rel=\"noreferrer noopener\" href=\"https:\/\/www.ccluxemburg.cat\/?mailpoet_router&amp;endpoint=track&amp;action=click&amp;data=WyIyMzk1IiwiMTc3Y3IyMzB2dXJrc2NzczR3Y284Y2M0d2Njd2M0YzQiLCIxMDAiLCIzMzZkMmJhOWY0NzciLGZhbHNlXQ\" target=\"_blank\">Sant Jordi<\/a>\u00a0ser\u00e0 el fil conductor d&#8217;una hora d&#8217;activitats molt diverses per a tota la fam\u00edlia, en connexi\u00f3 a tot el m\u00f3n gr\u00e0cies a Zoom i als casals catalans en xarxa. A m\u00e9s de la xocolata desfeta i els contes, tindrem manualitats, endevinalles i les can\u00e7ons d&#8217;\u00c0ngel Daban i No\u00e8 Rivas.<br><\/td><\/tr><\/tbody><\/table><figcaption>Per participar-hi us heu d&#8217;inscriure a partir\u00a0<a rel=\"noreferrer noopener\" href=\"https:\/\/www.ccluxemburg.cat\/?mailpoet_router&amp;endpoint=track&amp;action=click&amp;data=WyIyMzk1IiwiMTc3Y3IyMzB2dXJrc2NzczR3Y284Y2M0d2Njd2M0YzQiLCIxMDAiLCJkMmNhYjhjYmQxNmIiLGZhbHNlXQ\" target=\"_blank\">d&#8217;aquest enlla\u00e7<\/a>.<\/figcaption><\/figure>\n\n\n\n<figure class=\"wp-block-image size-large\"><img loading=\"lazy\" decoding=\"async\" width=\"1024\" height=\"576\" src=\"http:\/\/casalparis.cat\/wp-content\/uploads\/2021\/04\/xocolata-i-contes-25042021-1024x576.jpg\" alt=\"\" class=\"wp-image-1774\" srcset=\"https:\/\/casalparis.cat\/wp-content\/uploads\/2021\/04\/xocolata-i-contes-25042021-1024x576.jpg 1024w, https:\/\/casalparis.cat\/wp-content\/uploads\/2021\/04\/xocolata-i-contes-25042021-300x169.jpg 300w, https:\/\/casalparis.cat\/wp-content\/uploads\/2021\/04\/xocolata-i-contes-25042021-768x432.jpg 768w, https:\/\/casalparis.cat\/wp-content\/uploads\/2021\/04\/xocolata-i-contes-25042021-500x281.jpg 500w, https:\/\/casalparis.cat\/wp-content\/uploads\/2021\/04\/xocolata-i-contes-25042021.jpg 1280w\" sizes=\"auto, (max-width: 1024px) 100vw, 1024px\" \/><\/figure>\n","protected":false},"excerpt":{"rendered":"<p>Diumenge 25 d\u2019abril a les 8:00 de Vancouver, 11:00 h Equador\/ 10:00 de M\u00e8xic , 13:00 Argentina i 17: 00 h ens proposen participar al programa XOCOLATA I CONTES, dedicat a un dels personatges de la setmana: el drac. L&#8217;antagonista &hellip; <a href=\"http:\/\/casalparis.cat\/?p=1744\">Continua llegint <span class=\"meta-nav\">&rarr;<\/span><\/a><\/p>\n","protected":false},"author":1,"featured_media":1774,"comment_status":"closed","ping_status":"closed","sticky":false,"template":"","format":"standard","meta":{"footnotes":""},"categories":[31],"tags":[97,288,197,310],"class_list":["post-1744","post","type-post","status-publish","format-standard","has-post-thumbnail","hentry","category-noticies","tag-catala","tag-somcasals","tag-xics","tag-xocolataicontes"],"_links":{"self":[{"href":"http:\/\/casalparis.cat\/index.php?rest_route=\/wp\/v2\/posts\/1744","targetHints":{"allow":["GET"]}}],"collection":[{"href":"http:\/\/casalparis.cat\/index.php?rest_route=\/wp\/v2\/posts"}],"about":[{"href":"http:\/\/casalparis.cat\/index.php?rest_route=\/wp\/v2\/types\/post"}],"author":[{"embeddable":true,"href":"http:\/\/casalparis.cat\/index.php?rest_route=\/wp\/v2\/users\/1"}],"replies":[{"embeddable":true,"href":"http:\/\/casalparis.cat\/index.php?rest_route=%2Fwp%2Fv2%2Fcomments&post=1744"}],"version-history":[{"count":3,"href":"http:\/\/casalparis.cat\/index.php?rest_route=\/wp\/v2\/posts\/1744\/revisions"}],"predecessor-version":[{"id":1775,"href":"http:\/\/casalparis.cat\/index.php?rest_route=\/wp\/v2\/posts\/1744\/revisions\/1775"}],"wp:featuredmedia":[{"embeddable":true,"href":"http:\/\/casalparis.cat\/index.php?rest_route=\/wp\/v2\/media\/1774"}],"wp:attachment":[{"href":"http:\/\/casalparis.cat\/index.php?rest_route=%2Fwp%2Fv2%2Fmedia&parent=1744"}],"wp:term":[{"taxonomy":"category","embeddable":true,"href":"http:\/\/casalparis.cat\/index.php?rest_route=%2Fwp%2Fv2%2Fcategories&post=1744"},{"taxonomy":"post_tag","embeddable":true,"href":"http:\/\/casalparis.cat\/index.php?rest_route=%2Fwp%2Fv2%2Ftags&post=1744"}],"curies":[{"name":"wp","href":"https:\/\/api.w.org\/{rel}","templated":true}]}}