{"id":1540,"date":"2020-11-10T00:03:35","date_gmt":"2020-11-09T23:03:35","guid":{"rendered":"http:\/\/casalparis.cat\/?p=1540"},"modified":"2020-11-10T00:03:37","modified_gmt":"2020-11-09T23:03:37","slug":"les-dones-de-les-brigades-internacionals-conferencia","status":"publish","type":"post","link":"http:\/\/casalparis.cat\/?p=1540","title":{"rendered":"Les dones de les brigades internacionals &#8211; Confer\u00e8ncia"},"content":{"rendered":"\n<p><strong>Dimecres 18 de novembre<\/strong> a les <strong>18.30 <\/strong>el Centre Catal\u00e0 de Luxemburg presenta la confer\u00e8ncia \u00abLes dones de les Brigades Internacionals\u00bb a c\u00e0rrec de l\u2019historiador Jordi Mart\u00ed-Rueda. <\/p>\n\n\n\n<figure class=\"wp-block-image size-medium\"><img loading=\"lazy\" decoding=\"async\" width=\"212\" height=\"300\" src=\"http:\/\/casalparis.cat\/wp-content\/uploads\/2020\/11\/unnamed6-1-212x300.jpg\" alt=\"\" class=\"wp-image-1542\" srcset=\"https:\/\/casalparis.cat\/wp-content\/uploads\/2020\/11\/unnamed6-1-212x300.jpg 212w, https:\/\/casalparis.cat\/wp-content\/uploads\/2020\/11\/unnamed6-1-724x1024.jpg 724w, https:\/\/casalparis.cat\/wp-content\/uploads\/2020\/11\/unnamed6-1-768x1086.jpg 768w, https:\/\/casalparis.cat\/wp-content\/uploads\/2020\/11\/unnamed6-1-1087x1536.jpg 1087w, https:\/\/casalparis.cat\/wp-content\/uploads\/2020\/11\/unnamed6-1.jpg 1240w\" sizes=\"auto, (max-width: 212px) 100vw, 212px\" \/><\/figure>\n\n\n\n<p>Ateses les restriccions sanit\u00e0ries vigents, es proposa la xerrada a trav\u00e9s de l\u2019aplicaci\u00f3 Zoom.<\/p>\n\n\n\n<p>Tothom ha sentit a parlar dels brigadistes, per\u00f2 el paper de les dones en aquelles Brigades Internacionals \u00e9s for\u00e7a menys conegut. Per aquest motiu, parlarem amb un expert de la Guerra Civil que ha estudiat a fons la q\u00fcesti\u00f3.<\/p>\n\n\n\n<p>Es tracta d\u2019una col\u00b7laboraci\u00f3 entre el CCL, el Cercle Catal\u00e0 de Madrid, el Casal Catal\u00e0 de Brussel\u00b7les, el Casal Catal\u00e0 de Lisboa, el Casal Catal\u00e0 de Munic, el Casal Catal\u00e0 de Frankfurt, el Cercle Catal\u00e0 d\u2019Araba, el Casal Catal\u00e0 de Stuttgart i ABI-L, que rep el suport de Memorial Democr\u00e0tic i de la Delegaci\u00f3 de la Generalitat davant la UE. El Casal de Catalunya de Paris tamb\u00e9 hi vol donar suport.<\/p>\n\n\n\n<p>Per motius d\u2019organitzaci\u00f3, aquesta vegada \u00e9s imprescindible una i<strong>nscripci\u00f3 pr\u00e8via per mail a contacte@ccluxemburg.cat<\/strong>. A m\u00e9s, posaran a disposici\u00f3 la interpretaci\u00f3 al castell\u00e0 i al franc\u00e8s.<\/p>\n\n\n\n<p>Jordi Mart\u00ed-Rueda \u00e9s historiador, especialitzat en la Guerra Civil espanyola, i ha publicat dues monografies sobre aquest tema: Tocats pel vent. Cinc hist\u00f2ries humanes de les Brigades Internacionals i la Guerra Civil (Pag\u00e8s Editors, 2014) i Brigadistes.. Vides per la llibertat (Tigre de Paper, 2020).<\/p>\n\n\n\n<p>(Exempci\u00f3 de responsabilitat: durant la celebraci\u00f3 d&#8217;aquesta activitat es podr\u00eden fer captures de pantalla que, posteriorment, podr\u00edem compartir a les xarxes socials i al resum anual d&#8217;activitats. Si no voleu figurar-hi, us demanem que desactiveu l&#8217;opci\u00f3 de v\u00eddeo a Zoom.)<\/p>\n","protected":false},"excerpt":{"rendered":"<p>Dimecres 18 de novembre a les 18.30 el Centre Catal\u00e0 de Luxemburg presenta la confer\u00e8ncia \u00abLes dones de les Brigades Internacionals\u00bb a c\u00e0rrec de l\u2019historiador Jordi Mart\u00ed-Rueda. Ateses les restriccions sanit\u00e0ries vigents, es proposa la xerrada a trav\u00e9s de l\u2019aplicaci\u00f3 &hellip; <a href=\"http:\/\/casalparis.cat\/?p=1540\">Continua llegint <span class=\"meta-nav\">&rarr;<\/span><\/a><\/p>\n","protected":false},"author":1,"featured_media":1542,"comment_status":"closed","ping_status":"closed","sticky":false,"template":"","format":"standard","meta":{"footnotes":""},"categories":[31],"tags":[23,271,165,265,252,195,261],"class_list":["post-1540","post","type-post","status-publish","format-standard","has-post-thumbnail","hentry","category-noticies","tag-casalparis","tag-ccl","tag-conferencia-2","tag-en-linia","tag-historia","tag-xarxa-casals-cce","tag-zoom"],"_links":{"self":[{"href":"http:\/\/casalparis.cat\/index.php?rest_route=\/wp\/v2\/posts\/1540","targetHints":{"allow":["GET"]}}],"collection":[{"href":"http:\/\/casalparis.cat\/index.php?rest_route=\/wp\/v2\/posts"}],"about":[{"href":"http:\/\/casalparis.cat\/index.php?rest_route=\/wp\/v2\/types\/post"}],"author":[{"embeddable":true,"href":"http:\/\/casalparis.cat\/index.php?rest_route=\/wp\/v2\/users\/1"}],"replies":[{"embeddable":true,"href":"http:\/\/casalparis.cat\/index.php?rest_route=%2Fwp%2Fv2%2Fcomments&post=1540"}],"version-history":[{"count":1,"href":"http:\/\/casalparis.cat\/index.php?rest_route=\/wp\/v2\/posts\/1540\/revisions"}],"predecessor-version":[{"id":1543,"href":"http:\/\/casalparis.cat\/index.php?rest_route=\/wp\/v2\/posts\/1540\/revisions\/1543"}],"wp:featuredmedia":[{"embeddable":true,"href":"http:\/\/casalparis.cat\/index.php?rest_route=\/wp\/v2\/media\/1542"}],"wp:attachment":[{"href":"http:\/\/casalparis.cat\/index.php?rest_route=%2Fwp%2Fv2%2Fmedia&parent=1540"}],"wp:term":[{"taxonomy":"category","embeddable":true,"href":"http:\/\/casalparis.cat\/index.php?rest_route=%2Fwp%2Fv2%2Fcategories&post=1540"},{"taxonomy":"post_tag","embeddable":true,"href":"http:\/\/casalparis.cat\/index.php?rest_route=%2Fwp%2Fv2%2Ftags&post=1540"}],"curies":[{"name":"wp","href":"https:\/\/api.w.org\/{rel}","templated":true}]}}