{"id":1308,"date":"2020-05-08T17:36:48","date_gmt":"2020-05-08T15:36:48","guid":{"rendered":"http:\/\/casalparis.cat\/?p=1308"},"modified":"2020-05-08T17:38:14","modified_gmt":"2020-05-08T15:38:14","slug":"joemquedoacasa-una-mica-mes","status":"publish","type":"post","link":"http:\/\/casalparis.cat\/?p=1308","title":{"rendered":"#Joemquedoacasa &#8230; una mica m\u00e9s"},"content":{"rendered":"\n<p>Estimats socis,&nbsp;s\u00f2cies, amics i amigues,<\/p>\n\n\n\n<p>Esperem que estigueu en bona salut.<br>La setmana vinent ja comen\u00e7a la primera etapa de sortida del confinament&nbsp;per\u00f2, de ben segur, molts de nosaltres encara haurem de quedar-nos a casa. Les portes de l&#8217;escola no estaran obertes per a tots els infants i tots els recursos&nbsp;s\u00f3n&nbsp;bons per ocupar les hores.<\/p>\n\n\n\n<p>Ens han arribat m\u00e9s propostes per descobrir la cultura catalana disponible a la xarxa i us la volem compartir.<\/p>\n\n\n\n<p>Us proposem:<br><br><strong>PALAU DE LA MUSICA<\/strong><br>Un avan\u00e7ament de la temporada 2020-2021 del Palau de la M\u00fasica.\u00a0A trav\u00e9s d\u2019un\u00a0web\u00a0habilitat\u00a0exclusivament\u00a0per a l\u2019ocasi\u00f3,\u00a0podreu\u00a0accedir a:<br>&#8211; una\u00a0llista de\u00a0reproducci\u00f3\u00a0amb m\u00e9s de 6\u00a0hores de la m\u00fasica que\u00a0sonar\u00e0 durant la propera\u00a0temporada i\u00a0que t\u00e9 com a eix\u00a0central Bach i l\u2019exploraci\u00f3 de\u00a0les fronteres musicals<br>&#8211; el\u00a0llibre electr\u00f2nic de la\u00a0temporada, on trobareu els\u00a0objectius, els noms m\u00e9s\u00a0destacats i tota la\u00a0programaci\u00f3.<br>Us espera una temporada plena de sorpreses i grans noms de la m\u00fasica: Petrenko, Currentzis, les filharm\u00f2niques de Berl\u00edn, Dresden i Hong Kong, els compositors convidats Kaija Saariaho i Marc\u00a0Tim\u00f3n, una retrospectiva del cineasta Pere Portabella, la celebraci\u00f3 del centenari de l\u2019estrena de la\u00a0\u2018Passi\u00f3 segons Sant Mateu\u2019, de J. S. Bach, guiada per l\u2019Orfe\u00f3 Catal\u00e0, i molt m\u00e9s.<\/p>\n\n\n\n<p><br><strong>FIRA DEL COMIC<\/strong><br>Comiqueja a casa amb #comicOnDemand<br>Les circumst\u00e0ncies actuals han obligat a ajornar fins l\u2019any vinent la 38a edici\u00f3 del Comic Barcelona,\u00a0per\u00f2 l\u2019organitzaci\u00f3 ha posat en marxa el\u00a0\u00a0Comic Barcelona On Demand \u00a0i comparteix contingut\u00a0virtual\u00a0perqu\u00e8 en\u00a0pugueu gaudir des de casa. Els\u00a0propers\u00a08 i 15 de maig\u00a0hi haur\u00e0 una trobada amb el dibuixant\u00a0David Rub\u00edn\u00a0i una altra amb la il\u00b7lustradora\u00a0Ana Oncina,\u00a0respectivament.<br>Podeu recuperar\u00a0tots els actes especials del C\u00f2mic Barcelona en una\u00a0llista de reproducci\u00f3\u00a0habilitada al seu canal de YouTube que els agrupa.<br>A partir del 5 de maig tots els actes tindran lloc\u00a0en directe\u00a0a les 17.00 hores. A l\u2019apartat\u00a0\u2018comic kids\u2019\u00a0del seu web tamb\u00e9 trobareu activitats sobre c\u00f2mic per als m\u00e9s petits de casa.<\/p>\n\n\n\n<p><strong>FOTOGRAFIA I CONFINAMENT AL PATI LLIMONA<\/strong><br>El Pati Llimona, un dels centres c\u00edvics especialitzats en fotografia de la ciutat de Barcelona, fa una&nbsp;crida a la ciutadania a participar en la creaci\u00f3 d\u2019un \u00e0lbum d\u2019imatges i escrits sobre el confinament. A&nbsp;partir de la pregunta&nbsp;Com recordarem aquests dies excepcionals?&nbsp;ens animen a compartir&nbsp;pensaments, experi\u00e8ncies i sensacions per conformar un document col\u00b7lectiu de mem\u00f2ria d\u2019aquest&nbsp;moment.<br>Podeu participar i col\u00b7laborar:<br>\u2013 Instagram: quan publiqueu a trav\u00e9s d\u2019Instagram, etiqueteu i segueix el compte @albumconfinament i utilitzeu qualsevol d\u2019aquests hashtags:<br>#albumconfinament #albumconfinamiento #albumpatillimona #memoriaconfinament<\/p>\n\n\n\n<p><strong>UNIVERSITAT OBERTA DE CATALUNYA<\/strong><br>La Universitat Oberta de Catalunya ha creat un apartat al seu web amb diversos&nbsp; continguts per reflexionar i aprendre des de casa. D\u2019una banda, la llista de reproducci\u00f3&nbsp;Amb la UOC #quedatiapren&nbsp;al seu canal canal de YouTube que agrupa un seguit de confer\u00e8ncies suggeridores per als dies de confinament. Hi trobareu xerrades de figures com la fil\u00f2sofa i assagista&nbsp;Marina Garc\u00e9s&nbsp;o el director de cinema&nbsp;Guillermo del Toro<strong>.<\/strong><br>Tamb\u00e9 haobert l\u2019acc\u00e9s a gaireb\u00e9&nbsp;<a href=\"https:\/\/casalparis.us20.list-manage.com\/track\/click?u=96a9db3e75b82e56483f6ec68&amp;id=7a009d7340&amp;e=644cfcf319\" target=\"_blank\" rel=\"noreferrer noopener\">una vintena de \u201cwebinars\u201d<\/a>&nbsp;fins ara restringits a la comunitat Alumni de graduats de la universitat i&nbsp;ha posat a lliure disposici\u00f3 del p\u00fablic la col\u00b7lecci\u00f3 de&nbsp;<a href=\"https:\/\/casalparis.us20.list-manage.com\/track\/click?u=96a9db3e75b82e56483f6ec68&amp;id=fad37aedda&amp;e=644cfcf319\" target=\"_blank\" rel=\"noreferrer noopener\">llibres electr\u00f2nics de l\u2019Editorial UOC<\/a>, un conjunt de 79 t\u00edtols en l\u2019\u00e0mbit de les ci\u00e8ncies socials.<\/p>\n\n\n\n<p><strong>INFANTIL<\/strong><\/p>\n\n\n\n<p><strong>25 recursos educatius \u2018on line&#8217; per descobrir durant el confinament<\/strong><br>Recull de 25 recursos fant\u00e0stics i gratu\u00efts,&nbsp;avaluats per l&#8217;equip del&nbsp;Portal d&#8217;Activitats Educatives de Catalunya&nbsp;i&nbsp;classificats en 5 categories: Ci\u00e8ncia, Lleng\u00fces, Matem\u00e0tiques, Benestar f\u00edsic i autoconeixement i Formaci\u00f3 human\u00edstica: art, cultura i hist\u00f2ria.&nbsp;Podeu trobar jocs, apps de la NASA, un explorador del cel, projectes sobre animals en catal\u00e0\u2026 Molt \u00fatil&nbsp;!!!&nbsp;&nbsp;<a href=\"https:\/\/casalparis.us20.list-manage.com\/track\/click?u=96a9db3e75b82e56483f6ec68&amp;id=f49e7b4f23&amp;e=644cfcf319\" target=\"_blank\" rel=\"noreferrer noopener\">https:\/\/diarieducacio.cat\/25-recursos-educatius-on-line-per-descobrir-durant-el-confinament\/<\/a><\/p>\n\n\n\n<p><strong>Jocs educatius on line<\/strong><br>Plataforma amb recursos per a l&#8217;aprenentatge a trav\u00e9s del joc. Les activitats estan classificades per mat\u00e8ries i tem\u00e0tiques, i s&#8217;adrecen a l\u2019educaci\u00f3 infantil i prim\u00e0ria.&nbsp;<br><a href=\"https:\/\/casalparis.us20.list-manage.com\/track\/click?u=96a9db3e75b82e56483f6ec68&amp;id=76b557d4bf&amp;e=644cfcf319\" target=\"_blank\" rel=\"noreferrer noopener\">http:\/\/www.cristic.com\/?lang=ca<\/a><\/p>\n\n\n\n<p><strong>Jove Teatre Regina &#8211; &#8220;Gats&#8221;, de la companyia La Trepa<\/strong><br>L\u2019espectacle, estrenat l\u2019any 2010, ressalta, d\u2019una manera senzilla i emocionant, la import\u00e0ncia de la conviv\u00e8ncia i de l\u2019amistat, aix\u00ed com l\u2019acceptaci\u00f3 de la difer\u00e8ncia per al creixement de les persones i la construcci\u00f3 d\u2019una societat m\u00e9s justa i solid\u00e0ria. Cadascun dels gats que formen el grup respon a un perfil diferent \u2013hi ha la gata somiadora, el gat l\u00edder o el llest i saberut, entre d\u2019altres\u2013, perfectament identificable per al p\u00fablic menut. I, tots plegats, ens regalen una bona estona d\u2019aventures i can\u00e7ons amb un missatge de toler\u00e0ncia al rerefons.<br>Amb argument i m\u00fasica completament originals,&nbsp;<strong>Gats&nbsp;<\/strong>\u00e9s nom\u00e9s un dels espectacles que podreu veure sencers al&nbsp;<a href=\"https:\/\/casalparis.us20.list-manage.com\/track\/click?u=96a9db3e75b82e56483f6ec68&amp;id=115367eea0&amp;e=644cfcf319\" rel=\"noreferrer noopener\" target=\"_blank\">canal de&nbsp;<strong>YouTube del Jove Teatre Regina<\/strong><\/a>. Entreu-hi i descobriu-hi altres \u00e8xits de La Trepa, com ara&nbsp;<em>El conte de Nadal<\/em>, tot un cl\u00e0ssic de la sala,&nbsp;<em>La gallina dels ous d\u2019or<\/em>&nbsp;o&nbsp;<em>El somni d\u2019una nit d\u2019estiu<\/em>, una de les seves darreres produccions.<\/p>\n\n\n\n<p>I com sempre, si teniu propostes feu-nos-les arribar i les compartirem.<\/p>\n\n\n\n<p>Salut i Casal!<\/p>\n\n\n\n<p>La junta del Casal de Catalunya de Paris<\/p>\n","protected":false},"excerpt":{"rendered":"<p>Estimats socis,&nbsp;s\u00f2cies, amics i amigues, Esperem que estigueu en bona salut.La setmana vinent ja comen\u00e7a la primera etapa de sortida del confinament&nbsp;per\u00f2, de ben segur, molts de nosaltres encara haurem de quedar-nos a casa. Les portes de l&#8217;escola no estaran &hellip; <a href=\"http:\/\/casalparis.cat\/?p=1308\">Continua llegint <span class=\"meta-nav\">&rarr;<\/span><\/a><\/p>\n","protected":false},"author":1,"featured_media":0,"comment_status":"closed","ping_status":"closed","sticky":false,"template":"","format":"standard","meta":{"footnotes":""},"categories":[31],"tags":[209,208,29,216,22,195],"class_list":["post-1308","post","type-post","status-publish","format-standard","hentry","category-noticies","tag-confinats","tag-joemquedoacasa","tag-noticies","tag-propostes","tag-somcasal","tag-xarxa-casals-cce"],"_links":{"self":[{"href":"http:\/\/casalparis.cat\/index.php?rest_route=\/wp\/v2\/posts\/1308","targetHints":{"allow":["GET"]}}],"collection":[{"href":"http:\/\/casalparis.cat\/index.php?rest_route=\/wp\/v2\/posts"}],"about":[{"href":"http:\/\/casalparis.cat\/index.php?rest_route=\/wp\/v2\/types\/post"}],"author":[{"embeddable":true,"href":"http:\/\/casalparis.cat\/index.php?rest_route=\/wp\/v2\/users\/1"}],"replies":[{"embeddable":true,"href":"http:\/\/casalparis.cat\/index.php?rest_route=%2Fwp%2Fv2%2Fcomments&post=1308"}],"version-history":[{"count":1,"href":"http:\/\/casalparis.cat\/index.php?rest_route=\/wp\/v2\/posts\/1308\/revisions"}],"predecessor-version":[{"id":1309,"href":"http:\/\/casalparis.cat\/index.php?rest_route=\/wp\/v2\/posts\/1308\/revisions\/1309"}],"wp:attachment":[{"href":"http:\/\/casalparis.cat\/index.php?rest_route=%2Fwp%2Fv2%2Fmedia&parent=1308"}],"wp:term":[{"taxonomy":"category","embeddable":true,"href":"http:\/\/casalparis.cat\/index.php?rest_route=%2Fwp%2Fv2%2Fcategories&post=1308"},{"taxonomy":"post_tag","embeddable":true,"href":"http:\/\/casalparis.cat\/index.php?rest_route=%2Fwp%2Fv2%2Ftags&post=1308"}],"curies":[{"name":"wp","href":"https:\/\/api.w.org\/{rel}","templated":true}]}}