{"id":1294,"date":"2020-05-03T19:42:16","date_gmt":"2020-05-03T17:42:16","guid":{"rendered":"http:\/\/casalparis.cat\/?p=1294"},"modified":"2020-05-08T15:55:55","modified_gmt":"2020-05-08T13:55:55","slug":"joemquedoacasa-una-setmana-mes","status":"publish","type":"post","link":"http:\/\/casalparis.cat\/?p=1294","title":{"rendered":"#Joemquedoacasa &#8230; una setmana m\u00e9s"},"content":{"rendered":"\n<p>Amics, amigues, socis i s\u00f2cies del Casal,<\/p>\n\n\n\n<p>Ens preparem per una setmana m\u00e9s de resist\u00e8ncia a aquest virus que ens mant\u00e9 tancats a casa. Desitgem que la salut us acompanyi i seguiu animats preparant la sortida de tota aquesta situaci\u00f3.<\/p>\n\n\n\n<p>Tal com us vam dir, les Comunitats Catalanes a Europa, treballant en xarxa, han editat un <strong>recull pdf amb tots els textos que van participar al Concurs de Narrativa<\/strong> el darrer mes d&#8217;abril.&nbsp;<\/p>\n\n\n\n<p>Podeu baixar-vos el document a la nostra p\u00e0gina web:<br><a href=\"http:\/\/casalparis.cat\/?p=1292\" target=\"_blank\" rel=\"noreferrer noopener\">http:\/\/casalparis.cat\/?p=1292<\/a><\/p>\n\n\n\n<p>Ens han arribat algunes propostes per fer-nos m\u00e9s f\u00e0cil aquesta darrera l\u00ednia recta cap a la sortida del confinament. Entre altres:<\/p>\n\n\n\n<p><strong>El joc de la oca esportiu<\/strong><br>Si encara no l&#8217;heu probat, animeu-vos a fer-ho en fam\u00edlia. Estem segurs que dormireu plans!<\/p>\n\n\n\n<figure class=\"wp-block-image\"><a href=\"https:\/\/mcusercontent.com\/96a9db3e75b82e56483f6ec68\/images\/2e85d4b6-03ac-46b5-9fa6-1f7a30bf9d74.jpeg\" target=\"_blank\" rel=\"noreferrer noopener\"><img decoding=\"async\" src=\"https:\/\/mcusercontent.com\/96a9db3e75b82e56483f6ec68\/images\/2e85d4b6-03ac-46b5-9fa6-1f7a30bf9d74.jpeg\" alt=\"JocdelaOca\"\/><\/a><\/figure>\n\n\n\n<p><a href=\"https:\/\/mcusercontent.com\/96a9db3e75b82e56483f6ec68\/images\/2e85d4b6-03ac-46b5-9fa6-1f7a30bf9d74.jpeg\">https:\/\/mcusercontent.com\/96a9db3e75b82e56483f6ec68\/images\/2e85d4b6-03ac-46b5-9fa6-1f7a30bf9d74.jpeg<\/a><\/p>\n\n\n\n<p>Tamb\u00e9 ens han arribat <strong>propostes de teatre<\/strong>, entre altres:<\/p>\n\n\n\n<p><em><strong>El mercader de Ven\u00e8cia<\/strong><\/em> de la companyia Dau al Sec.<br>Aquesta companyia del Poble Sec de Barcelona, comparteix un dels seus espectacles m\u00e9s aplaudits. Una versi\u00f3 del Mercader de Ven\u00e8cia signada per Konrad Zschiedrich.<br>En aquest enlla\u00e7 hi trobareu l&#8217;espectacle complet.<br><a href=\"https:\/\/vimeo.com\/330703280\/de83b0d38d\">https:\/\/vimeo.com\/330703280\/de83b0d38d.<br><\/a><br>En aquest mateix caire, <em><strong>la companyia La Calorica<\/strong><\/em>, ens proposa a la xarxa el seu espectacle <em><strong>Fairfly.<\/strong><\/em> En ple confinament, la companyia a ha rebut el Premi de la cr\u00edtica Serra d&#8217;Or per deu anys de traject\u00f2ria allunyada de les modes del moment.<br>Fairfly. <em>Quatre amics intenten organitzar-se despr\u00e9s que l\u2019empresa on treballen els comuniqui l\u2019obertura d\u2019un ERO. La primera idea \u00e9s lluitar per defensar els seus llocs de feina, \u00e9s clar. Per\u00f2 de quina manera? I de qu\u00e8 servir\u00e0? Realment val la pena lluitar per aquesta feina que tenen? No seria millor que ho deixessin estar i intentessin convertir en realitat aquella brillant idea que van tenir uns anys enrere?<\/em><br>L&#8217;enlla\u00e7:<br><a href=\"https:\/\/vimeo.com\/213113293\">https:\/\/vimeo.com\/213113293<br><\/a><br>En un altre caire, si teniu temps de cuinar, podeu probar una de les<strong> receptes que proposa l&#8217;Associaci\u00f3 d&#8217;Hostalatge de la Garrotxa.&nbsp;<\/strong><br>&#8211; Pizza de Parma<br>&#8211; Gaspatxo de p\u00e8sols amb musclos i gambes<br>&#8211; Xia amb llet de coco i torrada amb alvocat<br>&#8211; Patates d&#8217;Olot farcides de calamars<br>&#8230;.&nbsp;<br>En aquest enlla\u00e7 hi trobareu videos explicatius per a grans i petits.<br><a href=\"https:\/\/www.garrotxahostalatge.cat\/ca\/videos\/receptes\">https:\/\/www.garrotxahostalatge.cat\/ca\/videos\/receptes<br><br><\/a>I si voleu veure el cel com si estiguessiu al cor de Catalunya, l<strong>&#8216;Observatori Astron\u00f2mic de Castelltallat <\/strong>us proposa uns videos molt interessants. Potser us donar\u00e0 idea de visita per aquest estiu:<br><a href=\"https:\/\/www.youtube.com\/channel\/UCz87Q2swsvfMeMs7l7Fdrow\">https:\/\/www.youtube.com\/channel\/UCz87Q2swsvfMeMs7l7Fdrow<br><br><\/a>Fins i tot, un noi d&#8217;Oix, en Manelic Sentis Franc\u00e9s, germ\u00e0 d&#8217;un amic del Casal, cada dia publica una can\u00e7\u00f3 al seu compte facebook. Son can\u00e7ons en catal\u00e0, en castell\u00e0 on en franc\u00e8s dep\u00e8n dels dies. Podeu fer-hi una ullada.<\/p>\n\n\n\n<p>Si teniu propostes per compartir, o una passi\u00f3 que us agradaria donar a con\u00e8ixer, feu-nos-ho saber. Entre tots ens en sortirem!<\/p>\n\n\n\n<p>Salut i Casal!<\/p>\n\n\n\n<p>La junta del Casal de Catalunya de Par\u00eds<\/p>\n","protected":false},"excerpt":{"rendered":"<p>Amics, amigues, socis i s\u00f2cies del Casal, Ens preparem per una setmana m\u00e9s de resist\u00e8ncia a aquest virus que ens mant\u00e9 tancats a casa. Desitgem que la salut us acompanyi i seguiu animats preparant la sortida de tota aquesta situaci\u00f3. &hellip; <a href=\"http:\/\/casalparis.cat\/?p=1294\">Continua llegint <span class=\"meta-nav\">&rarr;<\/span><\/a><\/p>\n","protected":false},"author":1,"featured_media":0,"comment_status":"closed","ping_status":"closed","sticky":false,"template":"","format":"standard","meta":{"footnotes":""},"categories":[31],"tags":[209,208,29,216,22],"class_list":["post-1294","post","type-post","status-publish","format-standard","hentry","category-noticies","tag-confinats","tag-joemquedoacasa","tag-noticies","tag-propostes","tag-somcasal"],"_links":{"self":[{"href":"http:\/\/casalparis.cat\/index.php?rest_route=\/wp\/v2\/posts\/1294","targetHints":{"allow":["GET"]}}],"collection":[{"href":"http:\/\/casalparis.cat\/index.php?rest_route=\/wp\/v2\/posts"}],"about":[{"href":"http:\/\/casalparis.cat\/index.php?rest_route=\/wp\/v2\/types\/post"}],"author":[{"embeddable":true,"href":"http:\/\/casalparis.cat\/index.php?rest_route=\/wp\/v2\/users\/1"}],"replies":[{"embeddable":true,"href":"http:\/\/casalparis.cat\/index.php?rest_route=%2Fwp%2Fv2%2Fcomments&post=1294"}],"version-history":[{"count":3,"href":"http:\/\/casalparis.cat\/index.php?rest_route=\/wp\/v2\/posts\/1294\/revisions"}],"predecessor-version":[{"id":1306,"href":"http:\/\/casalparis.cat\/index.php?rest_route=\/wp\/v2\/posts\/1294\/revisions\/1306"}],"wp:attachment":[{"href":"http:\/\/casalparis.cat\/index.php?rest_route=%2Fwp%2Fv2%2Fmedia&parent=1294"}],"wp:term":[{"taxonomy":"category","embeddable":true,"href":"http:\/\/casalparis.cat\/index.php?rest_route=%2Fwp%2Fv2%2Fcategories&post=1294"},{"taxonomy":"post_tag","embeddable":true,"href":"http:\/\/casalparis.cat\/index.php?rest_route=%2Fwp%2Fv2%2Ftags&post=1294"}],"curies":[{"name":"wp","href":"https:\/\/api.w.org\/{rel}","templated":true}]}}