{"id":1267,"date":"2020-04-26T12:28:00","date_gmt":"2020-04-26T10:28:00","guid":{"rendered":"http:\/\/casalparis.cat\/?p=1267"},"modified":"2020-04-26T12:28:03","modified_gmt":"2020-04-26T10:28:03","slug":"1r-festival-microrelats-i-narrativa-palmares","status":"publish","type":"post","link":"http:\/\/casalparis.cat\/?p=1267","title":{"rendered":"1r Festival Microrelats i narrativa &#8211; Palmar\u00e8s"},"content":{"rendered":"\n<p>Aprofitem aquest article per felicitar-vos per la participaci\u00f3 al 1r Concurs de microrelats i poesia que va organitzar la Delegaci\u00f3 del Govern a Par\u00eds. El jurat va tenir feina per escollir el palmar\u00e8s per a cada categoria. <\/p>\n\n\n\n<p>Podreu trobar un fitxer els textos guanyadors aqui adjunts. Val la pena donar-hi una ullada \u2026 Hi ha un munt de talents per descobrir.<\/p>\n\n\n\n<p>Els finalistes del festival \u201c<strong>Des de la finestra, un Sant Jordi indiscret<\/strong>\u201d per cada categoria son:<\/p>\n\n\n\n<p><strong>Categoria Microrelats i poesia, m\u00e9s de 13 anys<\/strong><br>\ud83e\udd47Pilar, d\u00e9sde la finestra mira el mar, S.Viret [Fr]<br>\ud83e\udd48Lo Vagamaond, M. Lehmann [Oc]<br>\ud83e\udd49Le chat, H. Bonet-Giraudier [Fr]<\/p>\n\n\n\n<div class=\"wp-block-file\"><a href=\"http:\/\/casalparis.cat\/wp-content\/uploads\/2020\/04\/Pilar_MR12.pdf\">Pilar_MR12<\/a><a href=\"http:\/\/casalparis.cat\/wp-content\/uploads\/2020\/04\/Pilar_MR12.pdf\" class=\"wp-block-file__button\" download>Baixa<\/a><\/div>\n\n\n\n<p><strong>Categoria Microrelats i poesia, menors de 13 anys<\/strong><br>\ud83e\udd47C\u2019est l\u2019histoire de Fran\u00e7ois, L. Costa Otero [Fr]<br>\ud83e\udd48La Solidarit\u00e9, M. de Bodinat [Fr]<br>\ud83e\udd49Qu\u00e8 li passa al fum?, L. Gil Strigiotti [Cat]<\/p>\n\n\n\n<div class=\"wp-block-file\"><a href=\"http:\/\/casalparis.cat\/wp-content\/uploads\/2020\/04\/Cest-lhistoire-de-Fran\u00e7ois_MR-12.pdf\">Cest-lhistoire-de-Fran\u00e7ois_MR-12<\/a><a href=\"http:\/\/casalparis.cat\/wp-content\/uploads\/2020\/04\/Cest-lhistoire-de-Fran\u00e7ois_MR-12.pdf\" class=\"wp-block-file__button\" download>Baixa<\/a><\/div>\n\n\n\n<p><strong>Categoria Il.lustraci\u00f3 infantil<\/strong><br>\ud83e\udd47C. Letoqueux<br>\ud83e\udd48S. Gelman Boggio<br>\ud83e\udd49N. de Bodinat<\/p>\n\n\n\n<div class=\"wp-block-file\"><a href=\"http:\/\/casalparis.cat\/wp-content\/uploads\/2020\/04\/dibuix12.jpg\">dibuix12<\/a><a href=\"http:\/\/casalparis.cat\/wp-content\/uploads\/2020\/04\/dibuix12.jpg\" class=\"wp-block-file__button\" download>Baixa<\/a><\/div>\n\n\n\n<p><strong>Categoria Tuit-relat<\/strong><br>\ud83e\udd47@CecSorbonne [Cat]<br>\ud83e\udd48@PoilGrand [Fr]<\/p>\n\n\n\n<div class=\"wp-block-file\"><a href=\"http:\/\/casalparis.cat\/wp-content\/uploads\/2020\/04\/Tuitrelats.pdf\">Tuitrelats<\/a><a href=\"http:\/\/casalparis.cat\/wp-content\/uploads\/2020\/04\/Tuitrelats.pdf\" class=\"wp-block-file__button\" download>Baixa<\/a><\/div>\n\n\n\n<p>Moltes felicitats als guanyadors!!!<\/p>\n\n\n\n<p><\/p>\n","protected":false},"excerpt":{"rendered":"<p>Aprofitem aquest article per felicitar-vos per la participaci\u00f3 al 1r Concurs de microrelats i poesia que va organitzar la Delegaci\u00f3 del Govern a Par\u00eds. El jurat va tenir feina per escollir el palmar\u00e8s per a cada categoria. Podreu trobar un &hellip; <a href=\"http:\/\/casalparis.cat\/?p=1267\">Continua llegint <span class=\"meta-nav\">&rarr;<\/span><\/a><\/p>\n","protected":false},"author":1,"featured_media":1233,"comment_status":"closed","ping_status":"closed","sticky":false,"template":"","format":"standard","meta":{"footnotes":""},"categories":[42],"tags":[173,210,108,122,72],"class_list":["post-1267","post","type-post","status-publish","format-standard","has-post-thumbnail","hentry","category-llegir-i-escriure","tag-concurs-relats","tag-confinatsperollibres","tag-delegacio-2","tag-llegir-i-escriure","tag-sant-jordi"],"_links":{"self":[{"href":"http:\/\/casalparis.cat\/index.php?rest_route=\/wp\/v2\/posts\/1267","targetHints":{"allow":["GET"]}}],"collection":[{"href":"http:\/\/casalparis.cat\/index.php?rest_route=\/wp\/v2\/posts"}],"about":[{"href":"http:\/\/casalparis.cat\/index.php?rest_route=\/wp\/v2\/types\/post"}],"author":[{"embeddable":true,"href":"http:\/\/casalparis.cat\/index.php?rest_route=\/wp\/v2\/users\/1"}],"replies":[{"embeddable":true,"href":"http:\/\/casalparis.cat\/index.php?rest_route=%2Fwp%2Fv2%2Fcomments&post=1267"}],"version-history":[{"count":1,"href":"http:\/\/casalparis.cat\/index.php?rest_route=\/wp\/v2\/posts\/1267\/revisions"}],"predecessor-version":[{"id":1272,"href":"http:\/\/casalparis.cat\/index.php?rest_route=\/wp\/v2\/posts\/1267\/revisions\/1272"}],"wp:featuredmedia":[{"embeddable":true,"href":"http:\/\/casalparis.cat\/index.php?rest_route=\/wp\/v2\/media\/1233"}],"wp:attachment":[{"href":"http:\/\/casalparis.cat\/index.php?rest_route=%2Fwp%2Fv2%2Fmedia&parent=1267"}],"wp:term":[{"taxonomy":"category","embeddable":true,"href":"http:\/\/casalparis.cat\/index.php?rest_route=%2Fwp%2Fv2%2Fcategories&post=1267"},{"taxonomy":"post_tag","embeddable":true,"href":"http:\/\/casalparis.cat\/index.php?rest_route=%2Fwp%2Fv2%2Ftags&post=1267"}],"curies":[{"name":"wp","href":"https:\/\/api.w.org\/{rel}","templated":true}]}}