{"id":1252,"date":"2020-04-08T17:29:49","date_gmt":"2020-04-08T15:29:49","guid":{"rendered":"http:\/\/casalparis.cat\/?p=1252"},"modified":"2020-04-14T02:19:27","modified_gmt":"2020-04-14T00:19:27","slug":"1252","status":"publish","type":"post","link":"http:\/\/casalparis.cat\/?p=1252","title":{"rendered":"CONCURS DE RELATS CURTS I NARRATIVA &#8211; St Jordi 2020"},"content":{"rendered":"\n<p>ANIMEU-VOS A PARTICIPAR AL FESTIVAL DE MICRORELATS &#8230; EL GUANYADOR DEL TEXT EN CATAL\u00c0 TINDR\u00c0 LA OPORTUNITAT DE GUANYAR LA FINAL EUROPEA ORGANITZADA PER LES CCE.<\/p>\n\n\n\n<figure class=\"wp-block-image\"><img loading=\"lazy\" decoding=\"async\" width=\"724\" height=\"1024\" src=\"http:\/\/casalparis.cat\/wp-content\/uploads\/2020\/04\/CCE_Concurs-relats-curts-724x1024.jpg\" alt=\"\" class=\"wp-image-1253\" srcset=\"https:\/\/casalparis.cat\/wp-content\/uploads\/2020\/04\/CCE_Concurs-relats-curts-724x1024.jpg 724w, https:\/\/casalparis.cat\/wp-content\/uploads\/2020\/04\/CCE_Concurs-relats-curts-212x300.jpg 212w, https:\/\/casalparis.cat\/wp-content\/uploads\/2020\/04\/CCE_Concurs-relats-curts-768x1086.jpg 768w, https:\/\/casalparis.cat\/wp-content\/uploads\/2020\/04\/CCE_Concurs-relats-curts.jpg 905w\" sizes=\"auto, (max-width: 724px) 100vw, 724px\" \/><\/figure>\n\n\n\n<p>La Delegaci\u00f3 del Govern de la Generalitat a Fran\u00e7a ens presenta el 1<sup>r<\/sup> Festival de textos curts i d\u2019il\u00b7lustraci\u00f3 infantil \u201c<strong>Des de la finestra, un Sant Jordi indiscret<\/strong>\u201d.<\/p>\n\n\n\n<p>Els Joves i menuts (menos de 12 anys) tamb\u00e9 tenen dues categories par participar-hi. Animeu-los a participar-hi! El Casal proposa al guanyador un disc del grup &#8220;Reggae per Xics&#8221;&#8230; <\/p>\n\n\n\n<p>Aquesta iniciativa neix amb el desig de celebrar amb tots vosaltres \nla diada de Sant Jordi, obrint les portes de casa i sortint a un \nexterior virtual i com\u00fa, de manera segura, en aquests dies de refugi \ninterior.<\/p>\n\n\n\n<p>Amb aquesta convocat\u00f2ria us conviden a desplegar i compartir el \nvostre talent i creativitat per escriure un text curt que inclogui la \nparaula \u201c<strong>solidaritat<\/strong>\u201d o paraules de la mateixa fam\u00edlia \nl\u00e8xica. Als petits de la casa, tamb\u00e9 els proposen fer un dibuix inspirat\n en els valors solidaris. M\u00e9s enll\u00e0 de <strong>la comunitat catalana resident a Fran\u00e7a<\/strong> que segueix celebrant Sant Jordi lluny de casa, hi ha un desitg d\u2019obrir aquesta iniciativa a <strong>totes aquelles persones, dins de la Fran\u00e7a Metropolitana<\/strong>, que estan interessades en promoure la literatura, l\u2019escriptura i la cultura en general; com tamb\u00e9 <strong>als francesos i les franceses residents a Catalunya<\/strong>.<\/p>\n\n\n\n<p>Per consultar les bases de participaci\u00f3 cliqueu <a href=\"http:\/\/exteriors.gencat.cat\/web\/.content\/saeue\/afers_exteriors_cooperacio\/05_representacio_exterior\/delegacio_franca\/agenda\/2020\/Bases-Festival-Sant-Jordi-2020-.pdf\"> aqu\u00ed<\/a><\/p>\n\n\n\n<p>A m\u00e9s a m\u00e9s, les Comunitats Catalanes a Europa (CCE) ens hem organitzat per proposar una final europea. El guanyador de cada entitat organitzadora participar\u00e0 a una final europea. El jurat est\u00e0 format per tres coneguts escriptors: David Castillo, Mart\u00ed Gironell i Gemma Pascual.<\/p>\n\n\n\n<p>Amb tots els relats s&#8217;editar\u00e0 un PDF i es far\u00e0 un streaming amb lectura de les obres guardonades.<\/p>\n\n\n\n<p>Desitjant-vos en aquests temps una bona salut i un bon confinament a tots, i recordeu, <strong>Confinats per\u00f2 Llibres&nbsp;!<\/strong><\/p>\n\n\n\n<p><strong>#ConfinatsPer\u00f2Llibres<\/strong><\/p>\n\n\n\n<p><strong>#SantJordi2020<\/strong><\/p>\n\n\n\n<figure class=\"wp-block-image\"><img loading=\"lazy\" decoding=\"async\" width=\"400\" height=\"283\" src=\"http:\/\/casalparis.cat\/wp-content\/uploads\/2020\/03\/image004.jpg\" alt=\"\" class=\"wp-image-1233\" srcset=\"https:\/\/casalparis.cat\/wp-content\/uploads\/2020\/03\/image004.jpg 400w, https:\/\/casalparis.cat\/wp-content\/uploads\/2020\/03\/image004-300x212.jpg 300w\" sizes=\"auto, (max-width: 400px) 100vw, 400px\" \/><\/figure>\n","protected":false},"excerpt":{"rendered":"<p>ANIMEU-VOS A PARTICIPAR AL FESTIVAL DE MICRORELATS &#8230; EL GUANYADOR DEL TEXT EN CATAL\u00c0 TINDR\u00c0 LA OPORTUNITAT DE GUANYAR LA FINAL EUROPEA ORGANITZADA PER LES CCE. La Delegaci\u00f3 del Govern de la Generalitat a Fran\u00e7a ens presenta el 1r Festival &hellip; <a href=\"http:\/\/casalparis.cat\/?p=1252\">Continua llegint <span class=\"meta-nav\">&rarr;<\/span><\/a><\/p>\n","protected":false},"author":1,"featured_media":1253,"comment_status":"closed","ping_status":"closed","sticky":false,"template":"","format":"standard","meta":{"footnotes":""},"categories":[42],"tags":[71,122,38,72,22,195],"class_list":["post-1252","post","type-post","status-publish","format-standard","has-post-thumbnail","hentry","category-llegir-i-escriure","tag-delegacio","tag-llegir-i-escriure","tag-paris","tag-sant-jordi","tag-somcasal","tag-xarxa-casals-cce"],"_links":{"self":[{"href":"http:\/\/casalparis.cat\/index.php?rest_route=\/wp\/v2\/posts\/1252","targetHints":{"allow":["GET"]}}],"collection":[{"href":"http:\/\/casalparis.cat\/index.php?rest_route=\/wp\/v2\/posts"}],"about":[{"href":"http:\/\/casalparis.cat\/index.php?rest_route=\/wp\/v2\/types\/post"}],"author":[{"embeddable":true,"href":"http:\/\/casalparis.cat\/index.php?rest_route=\/wp\/v2\/users\/1"}],"replies":[{"embeddable":true,"href":"http:\/\/casalparis.cat\/index.php?rest_route=%2Fwp%2Fv2%2Fcomments&post=1252"}],"version-history":[{"count":4,"href":"http:\/\/casalparis.cat\/index.php?rest_route=\/wp\/v2\/posts\/1252\/revisions"}],"predecessor-version":[{"id":1260,"href":"http:\/\/casalparis.cat\/index.php?rest_route=\/wp\/v2\/posts\/1252\/revisions\/1260"}],"wp:featuredmedia":[{"embeddable":true,"href":"http:\/\/casalparis.cat\/index.php?rest_route=\/wp\/v2\/media\/1253"}],"wp:attachment":[{"href":"http:\/\/casalparis.cat\/index.php?rest_route=%2Fwp%2Fv2%2Fmedia&parent=1252"}],"wp:term":[{"taxonomy":"category","embeddable":true,"href":"http:\/\/casalparis.cat\/index.php?rest_route=%2Fwp%2Fv2%2Fcategories&post=1252"},{"taxonomy":"post_tag","embeddable":true,"href":"http:\/\/casalparis.cat\/index.php?rest_route=%2Fwp%2Fv2%2Ftags&post=1252"}],"curies":[{"name":"wp","href":"https:\/\/api.w.org\/{rel}","templated":true}]}}