{"id":1228,"date":"2020-03-28T23:45:53","date_gmt":"2020-03-28T22:45:53","guid":{"rendered":"http:\/\/casalparis.cat\/?p=1228"},"modified":"2020-03-28T23:46:40","modified_gmt":"2020-03-28T22:46:40","slug":"que-fem-mentre-som-a-casa-2","status":"publish","type":"post","link":"http:\/\/casalparis.cat\/?p=1228","title":{"rendered":"QU\u00c8 FEM MENTRE SOM A CASA? 2"},"content":{"rendered":"\n<h2 class=\"wp-block-heading\"><\/h2>\n\n\n\n<p>Algunes propostes per a la mainada:\n\n<\/p>\n\n\n\n<ul class=\"wp-block-list\"><li>Al web de <strong>www.cavallfort.cat <\/strong>estan penjat contingut perqu\u00e8 pugueu passar bones estonetes. Trobareu audiocontes d&#8217;El Tatano i altres materials per a totes les edats.<\/li><li>Des de l&#8217;instagram de l&#8217;<strong>Escola Montessori de Rub\u00ed <\/strong>(montessorirubi) tamb\u00e9 proposen activitats pr a refor\u00e7ar les capacitats del m\u00e9s petits durant aquest temps de confinament.<\/li><li>I des de Rub\u00ed tamb\u00e9 ens arriba https:\/\/<strong>www.rubiguiem.com.<\/strong> Han dissenyat un <strong>quadern infantil <\/strong>amb activitats i jocs pels xics de la familia, perqu\u00e8 passin una bona estona i descobreixin Rubi des de casa.<\/li><li>El nostre estimat <strong>Traginacontes<\/strong> tamb\u00e9 est\u00e0 present a la xarxa per distreure la mainada. No us perdeu el seu compte instagram! Busqueu: #<a href=\"https:\/\/www.instagram.com\/bucdellibres\/\">bucdellibres<\/a><\/li><li>Una amiga del Casal proposa alguns <strong>recursos per relaxar els petits de la casa <\/strong>i evitar les tensions familiars del confinament: https:\/\/nuriacasanovas.com\/ca\/videoteca\/<\/li><li>Una <strong>experi\u00e8ncia amb purpurina<\/strong> per explicar perqu\u00e8 ens hem de rentar les mans amb sab\u00f3: https:\/\/5minutes.rtl.lu\/actu\/science\/a\/1484251.html<\/li><li>I recordeu que al <strong>Casal <\/strong>volem celebrar <strong>La Primavera des de Casa <\/strong>decorant\n les vostres finestres amb floretes i fent-nos arribar una foto del \nresultat. Volem veure finestres i balcons ben florits per alegrar la \nvista des de casa! #joemquedoacasa &#8211; envieu la foto a \ncasal@casalparis.cat o a l&#8217;instagram <strong>#casalparis.cat<\/strong><\/li><li>Si ja heu escoltat la can\u00e7\u00f3 dels <strong>Xiula &#8220;Em quedo a casa&#8221;<\/strong> i teniu ganes de cantar-la amb els nens, us hem penjat la lletra a la nostra web.https:\/\/youtu.be\/FDlU71Rfh4g<\/li><\/ul>\n\n\n\n<p>\nI per a tots:<br><\/p>\n\n\n\n<ul class=\"wp-block-list\"><li>El <strong>Departament de Cultura impulsa i promou un gran nombre d\u2019activitats i continguts virtuals<\/strong>.\n Cinema, teatre, museus, &#8230;. tot tipus de continguts adre\u00e7ats als \nciutadans per gaudir-ne sense sortir de casa. Tota l\u2019oferta \nd\u2019activitats, que inclou propostes en totes les disciplines per a fer \nindividualment o en fam\u00edlia, es pot consultar al portal de l<strong>\u2019<\/strong><a href=\"https:\/\/agenda.cultura.gencat.cat\/content\/agenda\/ca.html\"><strong>Agenda <\/strong>Cultural<\/a>. https:\/\/agenda.cultura.gencat.cat\/content\/agenda\/ca.html<\/li><li><strong>Xerrades interactives de &#8220;Ci\u00e8ncia en confinament&#8221; <\/strong><strong>.<\/strong> L&#8217;astr\u00f2nom i astrof\u00edsic santcugatenc Joan Anton Catal\u00e0 ha decidit iniciar una s\u00e8rie de&nbsp;xerrades telem\u00e0tiques&nbsp;&#8220;per fer m\u00e9s suportable el confinament&#8221;. Les xerrades porten per nom &#8220;<a href=\"http:\/\/www.joanantoncatala.com\/ca\/2020\/03\/15\/ciencia-en-confinament\/\">Ci\u00e8ncia en confinament<\/a>\n i es van iniciar el dilluns 16, amb el tema &#8220;L&#8217;univers en expansi\u00f3&#8221;. \nLes xerrades es poden seguir en&nbsp;l\u00ednia&nbsp;en un enlla\u00e7 que, di\u00e0riament, \ncompartir\u00e0 a les xarxes socials, com Twitter, amb \nxerrades&nbsp;espec\u00edfiques&nbsp;tamb\u00e9 per a infants.<a href=\"https:\/\/twitter.com\/estelsiplanetes\"> Joan Anton Catal\u00e0@estelsiplanetes<\/a><\/li><\/ul>\n\n\n\n<p>\nCi\u00e8ncia:\n\n\n\nM\u00fasica i Dansa:\n\n<\/p>\n\n\n\n<ul class=\"wp-block-list\"><li>En clau internacional cal destacar la creaci\u00f3 de la<strong>&nbsp;Quarentena Fest<\/strong>,\n un festival de m\u00fasica en &#8216;streaming&#8217; creat per artistes que han decidit\n unir-se per seguir tocant i que la gent pugui gaudir de la seva \nm\u00fasica.&nbsp;<a href=\"https:\/\/cuarentenafest.tumblr.com\/Manifiesto\" target=\"_blank\" rel=\"noreferrer noopener\">A trav\u00e9s de la seva p\u00e0gina web<\/a>,\n els interessats poden assabentar-se de tots els detalls de \nl&#8217;esdeveniment i, fins i tot, compta amb un apartat de donacions amb \nl&#8217;objectiu d&#8217;ajudar als m\u00fasics que hi participen. El festival<strong>&nbsp;va comen\u00e7ar dilluns 16 <\/strong>&nbsp;i s&#8217;allargar\u00e0, de moment, fins al<strong>&nbsp;27 de mar\u00e7<\/strong>.\n El p\u00fablic podr\u00e0 connectar-se a trav\u00e9s dels comptes de Youtube dels \nartistes participants o adre\u00e7ar-se a la web cuarentenafest.tumblr.com.  <a href=\"https:\/\/cuarentenafest.tumblr.com\/\"><strong>cuarentenafest.tumblr.com<\/strong><\/a><\/li><li>Reviure el <strong>concert d&#8217;Obeses al Teatre-Auditori de Sant Cugat<\/strong>. El grup musical Obeses, ofereix la possibilitat de reviure&nbsp;<a href=\"https:\/\/www.youtube.com\/watch?v=U_lHJHk_ba8&amp;feature=youtu.be\">al seu canal de&nbsp;Youtube<\/a>\n fins que la situaci\u00f3 es normalitzi el concert que van oferir al \nTeatre-Auditori Sant Cugat el passat 1 de febrer al costat de la Cobla \nBerga Jove i el Cor d&#8217;Obeses. <a href=\"https:\/\/www.youtube.com\/watch?v=U_lHJHk_ba8&amp;feature=youtu.be%C2%A0%E2%80%A6\">https:\/\/www.youtube.com\/watch?v=U_lHJHk_ba8&amp;feature=youtu.be&nbsp;<\/a><\/li><li>Els <strong>Amics de les arts<\/strong> han fet el salt al m\u00f3n de Youtuber amb una s\u00e8rie interactiva de confinament anomenada ATRAPATS AQU\u00cd. <a href=\"https:\/\/www.youtube.com\/watch?v=fkTbVqi5sKI\">https:\/\/www.youtube.com\/watch?v=fkTbVqi5sKI<\/a> Podeu demanar el que vulgueu que toquin&nbsp;! <\/li><li><a href=\"https:\/\/www.facebook.com\/Lauzetafolk\/\" target=\"_blank\" rel=\"noreferrer noopener\">Lauzeta Folk<\/a> El duo folk lleidat\u00e0, format per&nbsp;<a href=\"https:\/\/joanbaro.com\/\" target=\"_blank\" rel=\"noreferrer noopener\">Joan Bar\u00f3<\/a>&nbsp;i&nbsp;<a href=\"https:\/\/www.facebook.com\/nuriagarsal\" target=\"_blank\" rel=\"noreferrer noopener\">N\u00faria Garc\u00eda<\/a>, ofereix -des del dissabte 14 de mar\u00e7- un concert en&nbsp;<em>streaming di\u00e0riament<\/em>&nbsp;a les 18.00 hores. Per gaudir-lo, nom\u00e9s cal descarregar-se l\u2019app&nbsp;<a href=\"https:\/\/www.twitch.tv\/lauzetafolk\/videos\" target=\"_blank\" rel=\"noreferrer noopener\">Twitch<\/a>&nbsp;o visualitzar el seu&nbsp;<a href=\"https:\/\/www.twitch.tv\/lauzetafolk\" target=\"_blank\" rel=\"noreferrer noopener\">canal<\/a>.\n Podeu demanar-los temes, cantar amb ells i gaudir dels cl\u00e0ssics del \nfolk i de les seves composicions pr\u00f2pies. Es tracta d\u2019una proposta \ngratu\u00efta, per\u00f2 s\u2019accepten els donatius als m\u00fasics!<\/li><li>L&#8217;<strong>Opera Nacional de Paris<\/strong>\n proposa, en col.laboracio amb France Television, alguns desl seus \nespectacles en linia gratu\u00eftament. Per veure&#8217;ls anar a la web \noperadeparis.fr o&nbsp; france.tvculturebox.<\/li><\/ul>\n\n\n\n<p>\n\nTend\u00e8ncies i cultura digital:\n\n<\/p>\n\n\n\n<ul class=\"wp-block-list\"><li><a href=\"https:\/\/culturadigital.blog.gencat.cat\/2020\/01\/13\/videojocs-catalans-de-2019\/\" target=\"_blank\" rel=\"noreferrer noopener\">Videojocs catalans<\/a> . Aqu\u00ed\n trobareu els videojocs catalans que s\u2019han publicat el 2019. Tamb\u00e9 podeu\n veure els de 2018,&nbsp;anys anteriors, i els que hem recollit d\u2019aquest any!&nbsp;Per altra banda,&nbsp;<a href=\"https:\/\/culturadigital.blog.gencat.cat\/videojocs-en-catala-fets-a-catalunya\/\" target=\"_blank\" rel=\"noreferrer noopener\">els videojocs fets a casa nostra als quals podeu jugar en catal\u00e0<\/a>. ( https:\/\/culturadigital.blog.gencat.cat\/videojocs-en-catala-fets-a-catalunya\/)<\/li><\/ul>\n\n\n\n<p>\n\nGastronomia:\n\n<\/p>\n\n\n\n<ul class=\"wp-block-list\"><li>\n\t<strong>Xefs de la prov\u00edncia de Tarragona, compartiran receptes via internet per combatre el confinament. <\/strong>Campanya\n Cuina\u2019ns a casa. Els xefs de diversos restaurants associats de tot el \nterritori, compartiran amb els seguidors de les p\u00e0gines de Facebook \n(https:\/\/www.facebook.com\/AEHTarragona\/) i Instagram \n(https:\/\/www.instagram.com\/aehtarragona\/) de l\u2019AEHT, receptes de la seva\n carta en format v\u00eddeo perqu\u00e8 les puguem fer a casa durant el per\u00edode \nque duri el confinament.<br>\n\t&nbsp;\n\t<\/li><li><strong>Parla.cat &#8211; <\/strong>Es\n un espai virtual d&#8217;aprenentatge que ofereix a tothom materials \ndid\u00e0ctics per aprendre la llengua catalana. El web est\u00e0 disponible en \ncatal\u00e0, castell\u00e0, franc\u00e8s, angl\u00e8s i alemany. Parla.cat s&#8217;organitza en \nquatre nivells d&#8217;aprenentatge: b\u00e0sic, elemental, intermedi i sufici\u00e8ncia\n i cada nivell est\u00e0 organitzat en tres cursos. Els cursos s&#8217;ofereixen en\n dues modalitats d&#8217;aprenentatge, la modalitat lliure i la modalitat amb \ntutoria. Si opteu per la modalitat lliure, tindreu lliure acc\u00e9s als \nmaterials i podreu fer un aprenentatge totalment aut\u00f2nom.<\/li><\/ul>\n\n\n\n<p>\nLlengua:\n\n\n<\/p>\n\n\n\n<p><\/p>\n","protected":false},"excerpt":{"rendered":"<p>Algunes propostes per a la mainada: Al web de www.cavallfort.cat estan penjat contingut perqu\u00e8 pugueu passar bones estonetes. Trobareu audiocontes d&#8217;El Tatano i altres materials per a totes les edats. Des de l&#8217;instagram de l&#8217;Escola Montessori de Rub\u00ed (montessorirubi) tamb\u00e9 &hellip; <a href=\"http:\/\/casalparis.cat\/?p=1228\">Continua llegint <span class=\"meta-nav\">&rarr;<\/span><\/a><\/p>\n","protected":false},"author":1,"featured_media":0,"comment_status":"closed","ping_status":"closed","sticky":false,"template":"","format":"standard","meta":{"footnotes":""},"categories":[31],"tags":[194,97,190,29,22,195],"class_list":["post-1228","post","type-post","status-publish","format-standard","hentry","category-noticies","tag-activitats","tag-catala","tag-coronavirus","tag-noticies","tag-somcasal","tag-xarxa-casals-cce"],"_links":{"self":[{"href":"http:\/\/casalparis.cat\/index.php?rest_route=\/wp\/v2\/posts\/1228","targetHints":{"allow":["GET"]}}],"collection":[{"href":"http:\/\/casalparis.cat\/index.php?rest_route=\/wp\/v2\/posts"}],"about":[{"href":"http:\/\/casalparis.cat\/index.php?rest_route=\/wp\/v2\/types\/post"}],"author":[{"embeddable":true,"href":"http:\/\/casalparis.cat\/index.php?rest_route=\/wp\/v2\/users\/1"}],"replies":[{"embeddable":true,"href":"http:\/\/casalparis.cat\/index.php?rest_route=%2Fwp%2Fv2%2Fcomments&post=1228"}],"version-history":[{"count":1,"href":"http:\/\/casalparis.cat\/index.php?rest_route=\/wp\/v2\/posts\/1228\/revisions"}],"predecessor-version":[{"id":1229,"href":"http:\/\/casalparis.cat\/index.php?rest_route=\/wp\/v2\/posts\/1228\/revisions\/1229"}],"wp:attachment":[{"href":"http:\/\/casalparis.cat\/index.php?rest_route=%2Fwp%2Fv2%2Fmedia&parent=1228"}],"wp:term":[{"taxonomy":"category","embeddable":true,"href":"http:\/\/casalparis.cat\/index.php?rest_route=%2Fwp%2Fv2%2Fcategories&post=1228"},{"taxonomy":"post_tag","embeddable":true,"href":"http:\/\/casalparis.cat\/index.php?rest_route=%2Fwp%2Fv2%2Ftags&post=1228"}],"curies":[{"name":"wp","href":"https:\/\/api.w.org\/{rel}","templated":true}]}}