{"id":1203,"date":"2020-03-14T15:21:42","date_gmt":"2020-03-14T14:21:42","guid":{"rendered":"http:\/\/casalparis.cat\/?p=1203"},"modified":"2020-03-14T15:21:46","modified_gmt":"2020-03-14T14:21:46","slug":"concurs-cartell-del-dia-internacional-de-la-catalunya-exterior-2020","status":"publish","type":"post","link":"http:\/\/casalparis.cat\/?p=1203","title":{"rendered":"Concurs: Cartell del dia internacional de la Catalunya Exterior 2020"},"content":{"rendered":"\n<p><strong>La Federaci\u00f3 Internacional d\u2019Entitats Catalanes (FIEC)&nbsp;<\/strong>convoca concurs p\u00fablic per a l\u2019elaboraci\u00f3 del cartell del Dia Internacional de la Catalunya Exterior 2020 d\u2019acord amb les seg\u00fcents bases:<\/p>\n\n\n\n<p><strong>1)<\/strong>&nbsp;Cada participant podr\u00e0 presentar un m\u00e0xim d\u2019una proposta.<\/p>\n\n\n\n<p><strong>2)<\/strong>&nbsp;El contingut del cartell \u00e9s lliure per\u00f2 haur\u00e0 d\u2019haver-hi necess\u00e0riament la inscripci\u00f3 \u201cDia Internacional de la Catalunya Exterior\u201d i la data d\u2019aquesta jornada que, enguany, \u00e9s el 26 d\u2019abril de 2020.<\/p>\n\n\n\n<p><strong>3)<\/strong>&nbsp;El cartell guanyador quedar\u00e0 en propietat de la FIEC, la qual indicar\u00e0 sempre que sigui possible l\u2019autoria de l\u2019obra.<\/p>\n\n\n\n<p><strong>4)<\/strong>&nbsp;Els participants hauran de trametre les seves propostes per correu electr\u00f2nic en format jpg a&nbsp;<a href=\"mailto:fiec@fiecweb.cat\" target=\"_blank\" rel=\"noreferrer noopener\">fiec@fiecweb.cat<\/a>&nbsp;. La data m\u00e0xima de recepci\u00f3 d\u2019originals \u00e9s el dia 6 d\u2019abril de 2020<\/p>\n\n\n\n<p><strong>5)<\/strong>&nbsp;Els cartells del Dia Internacional de la Catalunya Exterior 1998-2019 estan disponibles al website de la FIEC (<a href=\"http:\/\/www.fiecweb.cat\/\" target=\"_blank\" rel=\"noreferrer noopener\">www.fiecweb.cat<\/a>).<\/p>\n\n\n\n<p>El Dia Internacional de la Catalunya Exterior es va instituir per part de la FIEC per recordar els centenars de milers de catalans que viuen fora del pa\u00eds.<\/p>\n\n\n\n<p>M\u00e9s informacio a:  <a rel=\"noreferrer noopener\" href=\"http:\/\/www.fiecweb.cat\/\" target=\"_blank\">www.fiecweb.cat<\/a> <\/p>\n","protected":false},"excerpt":{"rendered":"<p>La Federaci\u00f3 Internacional d\u2019Entitats Catalanes (FIEC)&nbsp;convoca concurs p\u00fablic per a l\u2019elaboraci\u00f3 del cartell del Dia Internacional de la Catalunya Exterior 2020 d\u2019acord amb les seg\u00fcents bases: 1)&nbsp;Cada participant podr\u00e0 presentar un m\u00e0xim d\u2019una proposta. 2)&nbsp;El contingut del cartell \u00e9s lliure &hellip; <a href=\"http:\/\/casalparis.cat\/?p=1203\">Continua llegint <span class=\"meta-nav\">&rarr;<\/span><\/a><\/p>\n","protected":false},"author":1,"featured_media":0,"comment_status":"closed","ping_status":"closed","sticky":false,"template":"","format":"standard","meta":{"footnotes":""},"categories":[31],"tags":[192,193,49,191,33,29,22],"class_list":["post-1203","post","type-post","status-publish","format-standard","hentry","category-noticies","tag-catalunya-exterior","tag-cce","tag-concurs","tag-dibuix","tag-fiec","tag-noticies","tag-somcasal"],"_links":{"self":[{"href":"http:\/\/casalparis.cat\/index.php?rest_route=\/wp\/v2\/posts\/1203","targetHints":{"allow":["GET"]}}],"collection":[{"href":"http:\/\/casalparis.cat\/index.php?rest_route=\/wp\/v2\/posts"}],"about":[{"href":"http:\/\/casalparis.cat\/index.php?rest_route=\/wp\/v2\/types\/post"}],"author":[{"embeddable":true,"href":"http:\/\/casalparis.cat\/index.php?rest_route=\/wp\/v2\/users\/1"}],"replies":[{"embeddable":true,"href":"http:\/\/casalparis.cat\/index.php?rest_route=%2Fwp%2Fv2%2Fcomments&post=1203"}],"version-history":[{"count":1,"href":"http:\/\/casalparis.cat\/index.php?rest_route=\/wp\/v2\/posts\/1203\/revisions"}],"predecessor-version":[{"id":1204,"href":"http:\/\/casalparis.cat\/index.php?rest_route=\/wp\/v2\/posts\/1203\/revisions\/1204"}],"wp:attachment":[{"href":"http:\/\/casalparis.cat\/index.php?rest_route=%2Fwp%2Fv2%2Fmedia&parent=1203"}],"wp:term":[{"taxonomy":"category","embeddable":true,"href":"http:\/\/casalparis.cat\/index.php?rest_route=%2Fwp%2Fv2%2Fcategories&post=1203"},{"taxonomy":"post_tag","embeddable":true,"href":"http:\/\/casalparis.cat\/index.php?rest_route=%2Fwp%2Fv2%2Ftags&post=1203"}],"curies":[{"name":"wp","href":"https:\/\/api.w.org\/{rel}","templated":true}]}}