{"id":902,"global_id":"casalparis.cat?id=902","global_id_lineage":["casalparis.cat?id=902"],"author":"1","status":"publish","date":"2019-10-21 07:28:57","date_utc":"2019-10-21 05:28:57","modified":"2019-10-27 18:40:30","modified_utc":"2019-10-27 17:40:30","url":"http:\/\/casalparis.cat\/?tribe_events=concurs-de-fotografia","rest_url":"http:\/\/casalparis.cat\/index.php?rest_route=\/tribe\/events\/v1\/events\/902","title":"Concurs de fotografia","description":"<p><a href=\"http:\/\/casalparis.cat\/wp-content\/uploads\/2019\/10\/Animat-i-participa-1.png\"><img loading=\"lazy\" decoding=\"async\" class=\"aligncenter size-medium wp-image-894\" src=\"http:\/\/casalparis.cat\/wp-content\/uploads\/2019\/10\/Animat-i-participa-1-300x251.png\" alt=\"\" width=\"300\" height=\"251\" srcset=\"https:\/\/casalparis.cat\/wp-content\/uploads\/2019\/10\/Animat-i-participa-1-300x251.png 300w, https:\/\/casalparis.cat\/wp-content\/uploads\/2019\/10\/Animat-i-participa-1-768x644.png 768w, https:\/\/casalparis.cat\/wp-content\/uploads\/2019\/10\/Animat-i-participa-1-358x300.png 358w, https:\/\/casalparis.cat\/wp-content\/uploads\/2019\/10\/Animat-i-participa-1.png 940w\" sizes=\"auto, (max-width: 300px) 100vw, 300px\" \/><\/a><\/p>\n<p>El Casal de Catalunya de Paris organitza un concurs de fotografia amb el tema: Llibertat.<br \/>\nLlegiu les bases del concurs adjuntes a aquesta publicacio i envieu una o dues fotos per partipar-hi a casal@casalparis.cat abans de l&#8217;1 de desembre.<br \/>\nDesperteu el talent de fotograf que teniu amagat!<br \/>\nBona sort.<\/p>\n<p>*********** BASES DEL CONCURS DE FOTOGRAFIA *************<\/p>\n<p>1.- Participants<br \/>\nHi podran participar tots els socis i simpatitzants del Casal de Catalunya de Paris.<\/p>\n<p>2.- Tema<br \/>\nLa Llibertat.<\/p>\n<p>3.- T\u00e8cniques<br \/>\nFotografia digital en blanc i negre o en color.<\/p>\n<p>4.- Nombre d&#8217;obres<br \/>\nS&#8217;acceptaran dues fotos per participant.<\/p>\n<p>5.- Presentaci\u00f3 de les obres<br \/>\nData l\u00edmit d\u2019enviament el diumenge 1 de desembre de 2019<br \/>\nFotos de qualsevol dimensi\u00f3 en qualitat 300 ppp.<br \/>\nLa foto s\u2019haur\u00e0 d\u2019enviar per mail a casal@casalparis.cat amb el t\u00edtol \u201cConcurs de fotografia\u201d, i s\u2019haur\u00e0 d\u2019indicar:<br \/>\n&#8211; El nom i cognoms del participant<br \/>\n&#8211; Edat<br \/>\n&#8211; El t\u00edtol de la foto<\/p>\n<p>6.- Categories<br \/>\nCategoria Nens: participants de 4 a 11 anys<br \/>\nCategoria Joves: participants de 12 a 18 anys<br \/>\nCategoria Grans: participants a partir de 19 anys<\/p>\n<p>7.- Nombre de premis per categoria<br \/>\nS&#8217;estableix un premi per categoria, i un premi especial p\u00fablic per la categoria del grans que es votar\u00e0 entre els assistents al dinar de Nadal del Casal.<\/p>\n<p>8.- Exposici\u00f3<br \/>\nUna sel.leccio de les fotos s\u2019exposar\u00e0 el dia del Dinar de Nadal del Casal, durant la primera quinzena de desembre. La data encara est\u00e0 per determinar.<\/p>\n<p>9.- Lliurament de premis<br \/>\nEl lliurament de premis ser\u00e0 durant el mateix dinar de Nadal.<br \/>\nLes fotografies premiades es publicaran a la p\u00e0gina web del Casal de Catalunya, al compte Facebook i Instagram del Casal.<\/p>\n<p>10.- Propietat i publicaci\u00f3 de les obres<br \/>\nTotes les obres quedaran en propietat del Casal de Catalunya de Paris i es conservaran al seu arxiu. Per tant, tots els participants cedeixen el dret de les seves obres per a qualsevol finalitat informativa i\/o publicitaria al Casal de Catalunya de Paris en qualsevol mitj\u00e0 informatiu (web, xarxes socials, premsa,&#8230;)<\/p>\n<p>11.- El jurat<br \/>\nEl jurat \u00e9s designat per l&#8217;organitzaci\u00f3. Es reserva la facultat de declarar els premis deserts si aix\u00ed ho creu convenient.<\/p>\n<p>12.- Us fem saber que<br \/>\nL&#8217;organitzaci\u00f3 es reserva el dret de resoldre de la forma que cregui m\u00e9s convenient aquelles situacions que no es troben especificades en aquestes bases.<\/p>\n<p>13.- Participaci\u00f3<br \/>\nEl fet de participar en aquest concurs implica l&#8217;acceptaci\u00f3 plena d&#8217;aquestes bases.<\/p>\n<p><a href=\"http:\/\/casalparis.cat\/wp-content\/uploads\/2019\/10\/BASES-DEL-CONCURS-DE-FOTOGRAFIA-1.pdf\">BASES DEL CONCURS DE FOTOGRAFIA (1)<\/a><\/p>","excerpt":"","slug":"concurs-de-fotografia","image":{"url":"https:\/\/casalparis.cat\/wp-content\/uploads\/2019\/10\/Animat-i-participa-1.png","id":894,"extension":"png","width":940,"height":788,"sizes":{"thumbnail":{"width":150,"height":150,"mime-type":"image\/png","url":"https:\/\/casalparis.cat\/wp-content\/uploads\/2019\/10\/Animat-i-participa-1-150x150.png"},"medium":{"width":300,"height":251,"mime-type":"image\/png","url":"https:\/\/casalparis.cat\/wp-content\/uploads\/2019\/10\/Animat-i-participa-1-300x251.png"},"medium_large":{"width":768,"height":644,"mime-type":"image\/png","url":"https:\/\/casalparis.cat\/wp-content\/uploads\/2019\/10\/Animat-i-participa-1-768x644.png"},"post-thumbnail":{"width":940,"height":288,"mime-type":"image\/png","url":"https:\/\/casalparis.cat\/wp-content\/uploads\/2019\/10\/Animat-i-participa-1-940x288.png"},"large-feature":{"width":940,"height":288,"mime-type":"image\/png","url":"https:\/\/casalparis.cat\/wp-content\/uploads\/2019\/10\/Animat-i-participa-1-940x288.png"},"small-feature":{"width":358,"height":300,"mime-type":"image\/png","url":"https:\/\/casalparis.cat\/wp-content\/uploads\/2019\/10\/Animat-i-participa-1-358x300.png"}}},"all_day":false,"start_date":"2019-10-28 08:00:00","start_date_details":{"year":"2019","month":"10","day":"28","hour":"08","minutes":"00","seconds":"00"},"end_date":"2019-12-01 23:00:00","end_date_details":{"year":"2019","month":"12","day":"01","hour":"23","minutes":"00","seconds":"00"},"utc_start_date":"2019-10-28 07:00:00","utc_start_date_details":{"year":"2019","month":"10","day":"28","hour":"07","minutes":"00","seconds":"00"},"utc_end_date":"2019-12-01 22:00:00","utc_end_date_details":{"year":"2019","month":"12","day":"01","hour":"22","minutes":"00","seconds":"00"},"timezone":"Europe\/Paris","timezone_abbr":"CET","cost":"","cost_details":{"currency_symbol":"","currency_code":"","currency_position":"prefix","values":[]},"website":"","show_map":false,"show_map_link":false,"hide_from_listings":false,"sticky":false,"featured":false,"categories":[{"name":"Agenda","slug":"agenda","term_group":0,"term_taxonomy_id":68,"taxonomy":"tribe_events_cat","description":"","parent":0,"count":211,"filter":"raw","id":68,"urls":{"self":"http:\/\/casalparis.cat\/index.php?rest_route=\/tribe\/events\/v1\/categories\/68","collection":"http:\/\/casalparis.cat\/index.php?rest_route=\/tribe\/events\/v1\/categories"}}],"tags":[{"name":"Agenda","slug":"agenda","term_group":0,"term_taxonomy_id":67,"taxonomy":"post_tag","description":"","parent":0,"count":212,"filter":"raw","id":67,"urls":{"self":"http:\/\/casalparis.cat\/index.php?rest_route=\/tribe\/events\/v1\/tags\/67","collection":"http:\/\/casalparis.cat\/index.php?rest_route=\/tribe\/events\/v1\/tags"}},{"name":"concurs de fotografia","slug":"concurs-de-fotografia","term_group":0,"term_taxonomy_id":136,"taxonomy":"post_tag","description":"","parent":0,"count":1,"filter":"raw","id":136,"urls":{"self":"http:\/\/casalparis.cat\/index.php?rest_route=\/tribe\/events\/v1\/tags\/136","collection":"http:\/\/casalparis.cat\/index.php?rest_route=\/tribe\/events\/v1\/tags"}},{"name":"llibertat","slug":"llibertat","term_group":0,"term_taxonomy_id":137,"taxonomy":"post_tag","description":"","parent":0,"count":4,"filter":"raw","id":137,"urls":{"self":"http:\/\/casalparis.cat\/index.php?rest_route=\/tribe\/events\/v1\/tags\/137","collection":"http:\/\/casalparis.cat\/index.php?rest_route=\/tribe\/events\/v1\/tags"}},{"name":"paris","slug":"paris","term_group":0,"term_taxonomy_id":38,"taxonomy":"post_tag","description":"","parent":0,"count":197,"filter":"raw","id":38,"urls":{"self":"http:\/\/casalparis.cat\/index.php?rest_route=\/tribe\/events\/v1\/tags\/38","collection":"http:\/\/casalparis.cat\/index.php?rest_route=\/tribe\/events\/v1\/tags"}},{"name":"somcasal","slug":"somcasal","term_group":0,"term_taxonomy_id":22,"taxonomy":"post_tag","description":"","parent":0,"count":167,"filter":"raw","id":22,"urls":{"self":"http:\/\/casalparis.cat\/index.php?rest_route=\/tribe\/events\/v1\/tags\/22","collection":"http:\/\/casalparis.cat\/index.php?rest_route=\/tribe\/events\/v1\/tags"}}],"venue":[],"organizer":[{"id":190,"author":"1","status":"publish","date":"2018-10-09 00:15:27","date_utc":"2018-10-08 22:15:27","modified":"2018-10-09 00:15:27","modified_utc":"2018-10-08 22:15:27","url":"http:\/\/casalparis.cat\/?tribe_organizer=casal-de-catalunya-de-paris","organizer":"Casal de Catalunya de Paris","slug":"casal-de-catalunya-de-paris","json_ld":{"@type":"Person","name":"Casal de Catalunya de Paris","description":"","url":"","telephone":"","email":"","sameAs":""},"global_id":"casalparis.cat?id=190","global_id_lineage":["casalparis.cat?id=190"]}],"custom_fields":[],"json_ld":{"@context":"http:\/\/schema.org","@type":"Event","name":"Concurs de fotografia","description":"&lt;p&gt;El Casal de Catalunya de Paris organitza un concurs de fotografia amb el tema: Llibertat. Llegiu les bases del concurs adjuntes a aquesta publicacio i envieu una o dues fotos per partipar-hi a casal@casalparis.cat abans de l\\'1 de desembre. Desperteu &hellip; &lt;a href=&quot;http:\/\/casalparis.cat\/?tribe_events=concurs-de-fotografia&quot;&gt;Continua llegint &lt;span class=&quot;meta-nav&quot;&gt;&rarr;&lt;\/span&gt;&lt;\/a&gt;&lt;\/p&gt;\\n","image":"https:\/\/casalparis.cat\/wp-content\/uploads\/2019\/10\/Animat-i-participa-1.png","url":"http:\/\/casalparis.cat\/?tribe_events=concurs-de-fotografia","eventAttendanceMode":"https:\/\/schema.org\/OfflineEventAttendanceMode","eventStatus":"https:\/\/schema.org\/EventScheduled","startDate":"2019-10-28T08:00:00+01:00","endDate":"2019-12-01T23:00:00+01:00","organizer":{"@type":"Person","name":"Casal de Catalunya de Paris","description":"","url":"","telephone":"","email":"","sameAs":""},"performer":"Organization"}}