{"id":813,"global_id":"casalparis.cat?id=813","global_id_lineage":["casalparis.cat?id=813"],"author":"1","status":"publish","date":"2019-09-12 23:46:15","date_utc":"2019-09-12 21:46:15","modified":"2019-09-30 22:17:36","modified_utc":"2019-09-30 20:17:36","url":"http:\/\/casalparis.cat\/?tribe_events=05-10-2019-assamblea-general","rest_url":"http:\/\/casalparis.cat\/index.php?rest_route=\/tribe\/events\/v1\/events\/813","title":"05\/10\/2019 &#8211; Assamblea General","description":"<p><a href=\"http:\/\/casalparis.cat\/wp-content\/uploads\/2019\/09\/Assamblea.jpeg\"><img loading=\"lazy\" decoding=\"async\" class=\"aligncenter size-full wp-image-814\" src=\"http:\/\/casalparis.cat\/wp-content\/uploads\/2019\/09\/Assamblea.jpeg\" alt=\"\" width=\"213\" height=\"208\" \/><\/a><\/p>\n<p>Us convoquem a l&#8217;Assemblea General Ordin\u00e0ria del Casal de Catalunya de Par\u00eds, que tindr\u00e0 lloc el dissabte 5 d&#8217;octubre a les 18\u202fh a la Maison Ouverte de Montreuil (17, rue Hoche &#8211; 93100 Montreuil. Metro: Mairie de Montreuil). Adjunt trobareu el document amb la convocat\u00f2ria oficial i l&#8217;ordre del dia.<\/p>\n<p>La proposta no s&#8217;acaba aqu\u00ed. Tal com vam fer l&#8217;any passat, un pica-pica ens acompanyar\u00e0 durant l&#8217;assamblea i us proposem continuar la vesprada amb un sopar de germanor amb una mica de pa amb tom\u00e0quet, embotit, formatge, alguna altra sorpresa de la terra i bon beure.<\/p>\n<p>Si creus que al Casal li manquen activitats i en vols proposar de noves vine a dir-hi la teva!<\/p>\n<p>Segur que ens podeu donar noves idees, propostes de llocs que heu visitat, de locals que coneixeu que ens poguessin acollir per a les nostres trobades, i fer una mica de cr\u00edtica del curs passat per poder millorar el curs que comen\u00e7a.<\/p>\n<p>Si voleu quedar-vos al sopar cal que ens envieu un mail indicant quants sereu per poder calcular la quantitat a preparar.<\/p>\n<p>Volem que el Casal sigui a la mida de tothom. Si teniu ganes de participar-hi una mica m\u00e9s, no tingueu mandra, ni por, ni vergonya. Si podeu dedicar-hi el (poc) temps que tingueu de tant en tant: tothom hi \u00e9s benvingut i nosaltres estarem m\u00e9s que encantats!<\/p>\n<p>Recordeu que \u00e9s<u><b> important la pres\u00e8ncia dels socis a l&#8217;assamblea<\/b><\/u> per aprovar les decisions. I si pel que fos no podeu venir, podeu omplir el poder que us adjuntem i retornar-lo al nostre mail o entregar-lo a un altre soci per tal que us pugui representar.<\/p>\n<p>Aix\u00ed doncs, amb moltes ganes de trobar-vos, us enviem una forta abra\u00e7ada.<\/p>\n<p><a href=\"http:\/\/casalparis.cat\/wp-content\/uploads\/2019\/09\/Convocato\u0300ria_AG-2019.pdf\">Convocato\u0300ria_AG 2019<\/a> <a href=\"http:\/\/casalparis.cat\/wp-content\/uploads\/2019\/09\/Poder_candidatures-2019.pdf\">Poder_candidatures 2019<\/a><\/p>\n<p><a href=\"http:\/\/casalparis.cat\/wp-content\/uploads\/2019\/09\/Poder_candidatures-2019.pdf\">Poder_candidatures 2019<\/a><\/p>","excerpt":"","slug":"05-10-2019-assamblea-general","image":{"url":"https:\/\/casalparis.cat\/wp-content\/uploads\/2019\/09\/Assamblea.jpeg","id":814,"extension":"jpeg","width":213,"height":208,"sizes":{"thumbnail":{"width":150,"height":150,"mime-type":"image\/jpeg","url":"https:\/\/casalparis.cat\/wp-content\/uploads\/2019\/09\/Assamblea-150x150.jpeg"}}},"all_day":false,"start_date":"2019-10-05 18:00:00","start_date_details":{"year":"2019","month":"10","day":"05","hour":"18","minutes":"00","seconds":"00"},"end_date":"2019-10-05 20:00:00","end_date_details":{"year":"2019","month":"10","day":"05","hour":"20","minutes":"00","seconds":"00"},"utc_start_date":"2019-10-05 16:00:00","utc_start_date_details":{"year":"2019","month":"10","day":"05","hour":"16","minutes":"00","seconds":"00"},"utc_end_date":"2019-10-05 18:00:00","utc_end_date_details":{"year":"2019","month":"10","day":"05","hour":"18","minutes":"00","seconds":"00"},"timezone":"Europe\/Paris","timezone_abbr":"CEST","cost":"","cost_details":{"currency_symbol":"","currency_code":"","currency_position":"prefix","values":[]},"website":"","show_map":true,"show_map_link":false,"hide_from_listings":false,"sticky":false,"featured":false,"categories":[{"name":"Agenda","slug":"agenda","term_group":0,"term_taxonomy_id":68,"taxonomy":"tribe_events_cat","description":"","parent":0,"count":211,"filter":"raw","id":68,"urls":{"self":"http:\/\/casalparis.cat\/index.php?rest_route=\/tribe\/events\/v1\/categories\/68","collection":"http:\/\/casalparis.cat\/index.php?rest_route=\/tribe\/events\/v1\/categories"}}],"tags":[{"name":"Agenda","slug":"agenda","term_group":0,"term_taxonomy_id":67,"taxonomy":"post_tag","description":"","parent":0,"count":212,"filter":"raw","id":67,"urls":{"self":"http:\/\/casalparis.cat\/index.php?rest_route=\/tribe\/events\/v1\/tags\/67","collection":"http:\/\/casalparis.cat\/index.php?rest_route=\/tribe\/events\/v1\/tags"}},{"name":"assamblea","slug":"assamblea","term_group":0,"term_taxonomy_id":118,"taxonomy":"post_tag","description":"","parent":0,"count":1,"filter":"raw","id":118,"urls":{"self":"http:\/\/casalparis.cat\/index.php?rest_route=\/tribe\/events\/v1\/tags\/118","collection":"http:\/\/casalparis.cat\/index.php?rest_route=\/tribe\/events\/v1\/tags"}},{"name":"casal","slug":"casal","term_group":0,"term_taxonomy_id":7,"taxonomy":"post_tag","description":"","parent":0,"count":15,"filter":"raw","id":7,"urls":{"self":"http:\/\/casalparis.cat\/index.php?rest_route=\/tribe\/events\/v1\/tags\/7","collection":"http:\/\/casalparis.cat\/index.php?rest_route=\/tribe\/events\/v1\/tags"}}],"venue":{"id":260,"author":"1","status":"publish","date":"2019-01-13 00:56:01","date_utc":"2019-01-12 23:56:01","modified":"2019-01-13 00:56:01","modified_utc":"2019-01-12 23:56:01","url":"http:\/\/casalparis.cat\/?tribe_venue=maison-ouverte-de-montreuil","venue":"Maison ouverte de Montreuil","slug":"maison-ouverte-de-montreuil","address":"17 Rue Hoche","city":"Montreuil","country":"Fran\u00e7a","zip":"93100","json_ld":{"@type":"Place","name":"Maison ouverte de Montreuil","description":"","url":"","address":{"@type":"PostalAddress","streetAddress":"17 Rue Hoche","addressLocality":"Montreuil","postalCode":"93100","addressCountry":"Fran\u00e7a"},"telephone":"","sameAs":""},"show_map":true,"show_map_link":true,"global_id":"casalparis.cat?id=260","global_id_lineage":["casalparis.cat?id=260"]},"organizer":[{"id":190,"author":"1","status":"publish","date":"2018-10-09 00:15:27","date_utc":"2018-10-08 22:15:27","modified":"2018-10-09 00:15:27","modified_utc":"2018-10-08 22:15:27","url":"http:\/\/casalparis.cat\/?tribe_organizer=casal-de-catalunya-de-paris","organizer":"Casal de Catalunya de Paris","slug":"casal-de-catalunya-de-paris","json_ld":{"@type":"Person","name":"Casal de Catalunya de Paris","description":"","url":"","telephone":"","email":"","sameAs":""},"global_id":"casalparis.cat?id=190","global_id_lineage":["casalparis.cat?id=190"]}],"custom_fields":[],"json_ld":{"@context":"http:\/\/schema.org","@type":"Event","name":"05\/10\/2019 &#8211; Assamblea General","description":"&lt;p&gt;Us convoquem a l\\'Assemblea General Ordin\u00e0ria del Casal de Catalunya de Par\u00eds, que tindr\u00e0 lloc el dissabte 5 d\\'octubre a les 18\u202fh a la Maison Ouverte de Montreuil (17, rue Hoche - 93100 Montreuil. Metro: Mairie de Montreuil). Adjunt trobareu &hellip; &lt;a href=&quot;http:\/\/casalparis.cat\/?tribe_events=05-10-2019-assamblea-general&quot;&gt;Continua llegint &lt;span class=&quot;meta-nav&quot;&gt;&rarr;&lt;\/span&gt;&lt;\/a&gt;&lt;\/p&gt;\\n","image":"https:\/\/casalparis.cat\/wp-content\/uploads\/2019\/09\/Assamblea.jpeg","url":"http:\/\/casalparis.cat\/?tribe_events=05-10-2019-assamblea-general","eventAttendanceMode":"https:\/\/schema.org\/OfflineEventAttendanceMode","eventStatus":"https:\/\/schema.org\/EventScheduled","startDate":"2019-10-05T18:00:00+02:00","endDate":"2019-10-05T20:00:00+02:00","location":{"@type":"Place","name":"Maison ouverte de Montreuil","description":"","url":"","address":{"@type":"PostalAddress","streetAddress":"17 Rue Hoche","addressLocality":"Montreuil","postalCode":"93100","addressCountry":"Fran\u00e7a"},"telephone":"","sameAs":""},"organizer":{"@type":"Person","name":"Casal de Catalunya de Paris","description":"","url":"","telephone":"","email":"","sameAs":""},"performer":"Organization"}}