{"id":806,"global_id":"casalparis.cat?id=806","global_id_lineage":["casalparis.cat?id=806"],"author":"1","status":"publish","date":"2019-09-12 22:47:40","date_utc":"2019-09-12 20:47:40","modified":"2019-09-13 00:24:23","modified_utc":"2019-09-12 22:24:23","url":"http:\/\/casalparis.cat\/?tribe_events=festival-des-langues-a-avon","rest_url":"http:\/\/casalparis.cat\/index.php?rest_route=\/tribe\/events\/v1\/events\/806","title":"27 i 28\/09\/2019 &#8211; Festival des Langues \u00e0 Avon","description":"<div>El\u00a0<u><b>dissabte 28 de setembre<\/b><\/u> el Casal participar\u00e0 al VI\u00e8 Festival des Langues et des Cultures d&#8217;Avon\u00a0Maison dans la Vall\u00e9e. Us podeu creure que es parlen m\u00e9s de 50 lleng\u00fces diferents a la ciutat d&#8217;Avon! I una d&#8217;elles \u00e9s el catal\u00e0&#8230; aquesta \u00e9s una de les raons de la nostra relaci\u00f3 des de fa anys amb l&#8217;associaci\u00f3 l&#8217;Amicale des Catalans de France. Enguany la llengua convidada \u00e9s R\u00fassia.<\/div>\n<div>Els Castellers de Paris tamb\u00e9 hi participaran fent una demostraci\u00f3 castellera.<\/div>\n<div>Animeu-vos a participar-hi! Veniu a fer pinya!<\/div>\n<div><\/div>\n<div>\u2022 A partir de les 10h : espectacles de danses, inciacions, tallers, animacions, cuina d&#8217;arreu del m\u00f3n, degustacions d&#8217;especialitats regionals, exposicions, confer\u00e8ncies, xerrades, jocs tradicionals, &#8230; <br class=\"autobr\" \/>\u2022 20h : concert de Stargorod \u2013 grup folcl\u00f2ric rus<br class=\"autobr\" \/>Le grup Stargorod, originari de la regi\u00f3 del Volga a Russia, esta format per varis m\u00fasics coneguts que dominen perfectament l&#8217;art dels instruments folcl\u00f2rics russos (domra, domra alto, bayan, balala\u00efka-contrebaix\u2026). Revisiten de manera original obres de g\u00e8neres musicals diferents\u00a0 (jazz, folk, classic, pop, etc.).<\/div>\n<div><u>Lloc<\/u>: Maison dans la Vall\u00e9e, (27 rue du Vieux Ru, Avon)<\/div>\n<div><a href=\"http:\/\/casalparis.cat\/wp-content\/uploads\/2019\/09\/festival_langues_et_cultures_2019-2-9e753.jpg\"><img loading=\"lazy\" decoding=\"async\" class=\"aligncenter size-medium wp-image-807\" src=\"http:\/\/casalparis.cat\/wp-content\/uploads\/2019\/09\/festival_langues_et_cultures_2019-2-9e753-212x300.jpg\" alt=\"\" width=\"212\" height=\"300\" srcset=\"https:\/\/casalparis.cat\/wp-content\/uploads\/2019\/09\/festival_langues_et_cultures_2019-2-9e753-212x300.jpg 212w, https:\/\/casalparis.cat\/wp-content\/uploads\/2019\/09\/festival_langues_et_cultures_2019-2-9e753.jpg 600w\" sizes=\"auto, (max-width: 212px) 100vw, 212px\" \/><\/a><\/div>\n<div><\/div>\n<div>I ell divendres 27 de setembre a les 20h30, en el marc de la festa, es prepara una xerrada entorn de l&#8217;exili dels republicans. En Gentil Puig-Moreno presentar\u00e0 el seu llibre &#8220;Fils de l&#8217;exil &#8211; Itineraires d&#8217;un fils d&#8217;exili\u00e9 r\u00e9publicain catalan&#8221;. Organitzat per l&#8217;associaci\u00f3 Les amis de Jorge Semprun i l&#8217;associaci\u00f3 24 ao\u00fbt 1944.<\/div>\n<div><\/div>\n<div><a href=\"http:\/\/casalparis.cat\/wp-content\/uploads\/2019\/09\/Avon-27-septembre-2019.jpg\"><img loading=\"lazy\" decoding=\"async\" class=\"aligncenter size-medium wp-image-793\" src=\"http:\/\/casalparis.cat\/wp-content\/uploads\/2019\/09\/Avon-27-septembre-2019-212x300.jpg\" alt=\"\" width=\"212\" height=\"300\" srcset=\"https:\/\/casalparis.cat\/wp-content\/uploads\/2019\/09\/Avon-27-septembre-2019-212x300.jpg 212w, https:\/\/casalparis.cat\/wp-content\/uploads\/2019\/09\/Avon-27-septembre-2019.jpg 679w\" sizes=\"auto, (max-width: 212px) 100vw, 212px\" \/><\/a><\/div>","excerpt":"","slug":"festival-des-langues-a-avon","image":{"url":"https:\/\/casalparis.cat\/wp-content\/uploads\/2019\/09\/festival_langues_et_cultures_2019-2-9e753.jpg","id":807,"extension":"jpg","width":600,"height":850,"sizes":{"thumbnail":{"width":150,"height":150,"mime-type":"image\/jpeg","url":"https:\/\/casalparis.cat\/wp-content\/uploads\/2019\/09\/festival_langues_et_cultures_2019-2-9e753-150x150.jpg"},"medium":{"width":212,"height":300,"mime-type":"image\/jpeg","url":"https:\/\/casalparis.cat\/wp-content\/uploads\/2019\/09\/festival_langues_et_cultures_2019-2-9e753-212x300.jpg"},"post-thumbnail":{"width":600,"height":288,"mime-type":"image\/jpeg","url":"https:\/\/casalparis.cat\/wp-content\/uploads\/2019\/09\/festival_langues_et_cultures_2019-2-9e753-600x288.jpg"},"large-feature":{"width":600,"height":288,"mime-type":"image\/jpeg","url":"https:\/\/casalparis.cat\/wp-content\/uploads\/2019\/09\/festival_langues_et_cultures_2019-2-9e753-600x288.jpg"},"small-feature":{"width":212,"height":300,"mime-type":"image\/jpeg","url":"https:\/\/casalparis.cat\/wp-content\/uploads\/2019\/09\/festival_langues_et_cultures_2019-2-9e753-212x300.jpg"}}},"all_day":false,"start_date":"2019-09-27 20:30:00","start_date_details":{"year":"2019","month":"09","day":"27","hour":"20","minutes":"30","seconds":"00"},"end_date":"2019-09-28 22:00:00","end_date_details":{"year":"2019","month":"09","day":"28","hour":"22","minutes":"00","seconds":"00"},"utc_start_date":"2019-09-27 18:30:00","utc_start_date_details":{"year":"2019","month":"09","day":"27","hour":"18","minutes":"30","seconds":"00"},"utc_end_date":"2019-09-28 20:00:00","utc_end_date_details":{"year":"2019","month":"09","day":"28","hour":"20","minutes":"00","seconds":"00"},"timezone":"Europe\/Paris","timezone_abbr":"CEST","cost":"","cost_details":{"currency_symbol":"","currency_code":"","currency_position":"prefix","values":[]},"website":"","show_map":true,"show_map_link":false,"hide_from_listings":false,"sticky":false,"featured":false,"categories":[{"name":"Agenda","slug":"agenda","term_group":0,"term_taxonomy_id":68,"taxonomy":"tribe_events_cat","description":"","parent":0,"count":211,"filter":"raw","id":68,"urls":{"self":"http:\/\/casalparis.cat\/index.php?rest_route=\/tribe\/events\/v1\/categories\/68","collection":"http:\/\/casalparis.cat\/index.php?rest_route=\/tribe\/events\/v1\/categories"}}],"tags":[{"name":"Agenda","slug":"agenda","term_group":0,"term_taxonomy_id":67,"taxonomy":"post_tag","description":"","parent":0,"count":212,"filter":"raw","id":67,"urls":{"self":"http:\/\/casalparis.cat\/index.php?rest_route=\/tribe\/events\/v1\/tags\/67","collection":"http:\/\/casalparis.cat\/index.php?rest_route=\/tribe\/events\/v1\/tags"}},{"name":"Avon","slug":"avon","term_group":0,"term_taxonomy_id":15,"taxonomy":"post_tag","description":"","parent":0,"count":5,"filter":"raw","id":15,"urls":{"self":"http:\/\/casalparis.cat\/index.php?rest_route=\/tribe\/events\/v1\/tags\/15","collection":"http:\/\/casalparis.cat\/index.php?rest_route=\/tribe\/events\/v1\/tags"}},{"name":"castellers","slug":"castellers","term_group":0,"term_taxonomy_id":5,"taxonomy":"post_tag","description":"","parent":0,"count":8,"filter":"raw","id":5,"urls":{"self":"http:\/\/casalparis.cat\/index.php?rest_route=\/tribe\/events\/v1\/tags\/5","collection":"http:\/\/casalparis.cat\/index.php?rest_route=\/tribe\/events\/v1\/tags"}},{"name":"exili","slug":"exili","term_group":0,"term_taxonomy_id":66,"taxonomy":"post_tag","description":"","parent":0,"count":11,"filter":"raw","id":66,"urls":{"self":"http:\/\/casalparis.cat\/index.php?rest_route=\/tribe\/events\/v1\/tags\/66","collection":"http:\/\/casalparis.cat\/index.php?rest_route=\/tribe\/events\/v1\/tags"}},{"name":"festivaldeslangues","slug":"festivaldeslangues","term_group":0,"term_taxonomy_id":115,"taxonomy":"post_tag","description":"","parent":0,"count":1,"filter":"raw","id":115,"urls":{"self":"http:\/\/casalparis.cat\/index.php?rest_route=\/tribe\/events\/v1\/tags\/115","collection":"http:\/\/casalparis.cat\/index.php?rest_route=\/tribe\/events\/v1\/tags"}},{"name":"llibres","slug":"llibres","term_group":0,"term_taxonomy_id":116,"taxonomy":"post_tag","description":"","parent":0,"count":13,"filter":"raw","id":116,"urls":{"self":"http:\/\/casalparis.cat\/index.php?rest_route=\/tribe\/events\/v1\/tags\/116","collection":"http:\/\/casalparis.cat\/index.php?rest_route=\/tribe\/events\/v1\/tags"}},{"name":"republicans","slug":"republicans","term_group":0,"term_taxonomy_id":117,"taxonomy":"post_tag","description":"","parent":0,"count":8,"filter":"raw","id":117,"urls":{"self":"http:\/\/casalparis.cat\/index.php?rest_route=\/tribe\/events\/v1\/tags\/117","collection":"http:\/\/casalparis.cat\/index.php?rest_route=\/tribe\/events\/v1\/tags"}}],"venue":{"id":138,"author":"1","status":"publish","date":"2018-09-07 13:20:38","date_utc":"2018-09-07 11:20:38","modified":"2018-09-07 13:20:38","modified_utc":"2018-09-07 11:20:38","url":"http:\/\/casalparis.cat\/?tribe_venue=maison-dans-la-vallee","venue":"Maison dans la Vall\u00e9e","slug":"maison-dans-la-vallee","address":"27 rue du Vieux Ru","city":"Avon","country":"Fran\u00e7a","zip":"77210","json_ld":{"@type":"Place","name":"Maison dans la Vall\u00e9e","description":"","url":"","address":{"@type":"PostalAddress","streetAddress":"27 rue du Vieux Ru","addressLocality":"Avon","postalCode":"77210","addressCountry":"Fran\u00e7a"},"telephone":"","sameAs":""},"show_map":true,"show_map_link":true,"global_id":"casalparis.cat?id=138","global_id_lineage":["casalparis.cat?id=138"]},"organizer":[{"id":730,"author":"1","status":"publish","date":"2019-06-10 15:52:57","date_utc":"2019-06-10 13:52:57","modified":"2019-06-10 15:52:57","modified_utc":"2019-06-10 13:52:57","url":"http:\/\/casalparis.cat\/?tribe_organizer=amicale-des-catalans-de-paris-et-ile-de-france","organizer":"Amicale des Catalans de Paris et Ile de France","slug":"amicale-des-catalans-de-paris-et-ile-de-france","email":"amicale@catalansdeparis.org","json_ld":{"@type":"Person","name":"Amicale des Catalans de Paris et Ile de France","description":"","url":"","telephone":"","email":"&#97;m&#105;&#99;&#97;le&#64;cata&#108;&#97;n&#115;depar&#105;&#115;.o&#114;g","sameAs":""},"global_id":"casalparis.cat?id=730","global_id_lineage":["casalparis.cat?id=730"]}],"custom_fields":[],"json_ld":{"@context":"http:\/\/schema.org","@type":"Event","name":"27 i 28\/09\/2019 &#8211; Festival des Langues \u00e0 Avon","description":"&lt;p&gt;El\u00a0dissabte 28 de setembre el Casal participar\u00e0 al VI\u00e8 Festival des Langues et des Cultures d\\'Avon\u00a0Maison dans la Vall\u00e9e. Us podeu creure que es parlen m\u00e9s de 50 lleng\u00fces diferents a la ciutat d\\'Avon! I una d\\'elles \u00e9s el catal\u00e0... &hellip; &lt;a href=&quot;http:\/\/casalparis.cat\/?tribe_events=festival-des-langues-a-avon&quot;&gt;Continua llegint &lt;span class=&quot;meta-nav&quot;&gt;&rarr;&lt;\/span&gt;&lt;\/a&gt;&lt;\/p&gt;\\n","image":"https:\/\/casalparis.cat\/wp-content\/uploads\/2019\/09\/festival_langues_et_cultures_2019-2-9e753.jpg","url":"http:\/\/casalparis.cat\/?tribe_events=festival-des-langues-a-avon","eventAttendanceMode":"https:\/\/schema.org\/OfflineEventAttendanceMode","eventStatus":"https:\/\/schema.org\/EventScheduled","startDate":"2019-09-27T20:30:00+02:00","endDate":"2019-09-28T22:00:00+02:00","location":{"@type":"Place","name":"Maison dans la Vall\u00e9e","description":"","url":"","address":{"@type":"PostalAddress","streetAddress":"27 rue du Vieux Ru","addressLocality":"Avon","postalCode":"77210","addressCountry":"Fran\u00e7a"},"telephone":"","sameAs":""},"organizer":{"@type":"Person","name":"Amicale des Catalans de Paris et Ile de France","description":"","url":"","telephone":"","email":"am&#105;c&#97;&#108;&#101;&#64;&#99;&#97;&#116;a&#108;&#97;&#110;&#115;&#100;e&#112;aris.&#111;rg","sameAs":""},"performer":"Organization"}}