{"id":412,"global_id":"casalparis.cat?id=412","global_id_lineage":["casalparis.cat?id=412"],"author":"1","status":"publish","date":"2019-03-12 00:11:09","date_utc":"2019-03-11 23:11:09","modified":"2019-04-06 11:37:07","modified_utc":"2019-04-06 09:37:07","url":"http:\/\/casalparis.cat\/?tribe_events=24-03-2018-caminada","rest_url":"http:\/\/casalparis.cat\/index.php?rest_route=\/tribe\/events\/v1\/events\/412","title":"24\/03\/2018 &#8211; Caminada","description":"<p>Sembla que l&#8217;hivern es va acabant&#8230; Salteu <a href=\"http:\/\/casalparis.cat\/wp-content\/uploads\/2019\/03\/nen-motxilla-final.jpg\"><img loading=\"lazy\" decoding=\"async\" class=\" wp-image-413 alignright\" src=\"http:\/\/casalparis.cat\/wp-content\/uploads\/2019\/03\/nen-motxilla-final-300x226.jpg\" alt=\"\" width=\"246\" height=\"188\" \/><\/a>del llit, poseu-vos les botes de caminar, la motxilla a l&#8217;esquena, i &#8230;. apa, d&#8217;excursi\u00f3.<\/p>\n<p>Aquest diumenge 24 de Mar\u00e7, us proposem una caminada circular de <span class=\"hiddenSpellError\">15Km<\/span>, amb poc desnivell, a partir de la localitat de <span class=\"hiddenSpellError\">Trilport<\/span> (<span class=\"hiddenSpellError\">Seine<\/span> <span class=\"hiddenGrammarError\">et<\/span> Marne).<\/p>\n<p><strong>Ens trobarem a les <span class=\"hiddenGrammarError\">9h<\/span> del mat\u00ed a la <span class=\"hiddenSpellError\">Gare<\/span> de l&#8217;Est, directament a l&#8217;andana<\/strong>, per agafar el tren de les <span class=\"hiddenSpellError\">9h37<\/span> direcci\u00f3 &#8220;La <span class=\"hiddenSpellError\">Fert\u00e9<\/span>&#8211;<span class=\"hiddenSpellError\">Milo<\/span>&#8220;. Arribada a <span class=\"hiddenSpellError\">Trilport<\/span> a les 10<span class=\"hiddenSpellError\">h07<\/span>.<\/p>\n<p>Comen\u00e7arem a caminar cap a <span class=\"hiddenSpellError\">Montceaux<\/span>&#8211;<span class=\"hiddenSpellError\">l\u00e8s<\/span>-Meaux, on podrem veure a la pla\u00e7a de l&#8217;ajuntament, un &#8220;beffroi&#8221; (campanar), amb una campana de l&#8217;any 1364. Continuarem per la &#8220;<span class=\"hiddenSpellError\">For\u00eat<\/span> <span class=\"hiddenSpellError\">Domaniale<\/span> de <span class=\"hiddenSpellError\">Montceaux<\/span>&#8220;, seguint el <span class=\"hiddenSpellError\">GR11<\/span>, i farem una paradeta per dinar i agafar forces en una \u00e0rea de p\u00edcnic. Un cop tips, i despr\u00e9s d&#8217;una migdiada o una partideta de cartes, tornarem cap a <span class=\"hiddenSpellError\">Trilport<\/span> per agafar el tren de tornada. (Trens cada hora, a partir de les <span class=\"hiddenSpellError\">16h38<\/span>)<span class=\"hiddenGrammarError\">.<\/span><\/p>\n<p><strong><span class=\"hiddenGrammarError\">Si<\/span> penseu venir, aviseu-nos i deixeu-nos un <span class=\"hiddenSpellError\">n\u00b0<\/span> de tel\u00e8fon, per si <span class=\"hiddenGrammarError\">hi<\/span> haguessin canvis d&#8217;\u00faltima hora, deguts al mal temps.<\/strong><\/p>\n<p>Els que teniu <span class=\"hiddenSpellError\">facebook<\/span>, esteu atents a les publicacions d&#8217;\u00faltima hora.<\/p>\n<p>Bona setmana a tots, i fins diumenge pels valents que <span class=\"hiddenGrammarError\">s&#8217;<\/span>apuntaran a caminar.<\/p>\n<p>Salut i Casal!<\/p>\n<p><a href=\"http:\/\/casalparis.cat\/wp-content\/uploads\/2019\/03\/Trilport-Caminada.png\"><img loading=\"lazy\" decoding=\"async\" class=\"aligncenter size-medium wp-image-464\" src=\"http:\/\/casalparis.cat\/wp-content\/uploads\/2019\/03\/Trilport-Caminada-300x147.png\" alt=\"\" width=\"300\" height=\"147\" srcset=\"https:\/\/casalparis.cat\/wp-content\/uploads\/2019\/03\/Trilport-Caminada-300x147.png 300w, https:\/\/casalparis.cat\/wp-content\/uploads\/2019\/03\/Trilport-Caminada-500x245.png 500w, https:\/\/casalparis.cat\/wp-content\/uploads\/2019\/03\/Trilport-Caminada.png 764w\" sizes=\"auto, (max-width: 300px) 100vw, 300px\" \/><\/a><\/p>\n<p>Un record de la caminada&#8230;..<\/p>\n<p><a href=\"http:\/\/casalparis.cat\/wp-content\/uploads\/2019\/03\/WhatsApp-Image-2019-03-27-at-14.11.08.jpeg\"><img loading=\"lazy\" decoding=\"async\" class=\"aligncenter size-medium wp-image-508\" src=\"http:\/\/casalparis.cat\/wp-content\/uploads\/2019\/03\/WhatsApp-Image-2019-03-27-at-14.11.08-300x169.jpeg\" alt=\"\" width=\"300\" height=\"169\" srcset=\"https:\/\/casalparis.cat\/wp-content\/uploads\/2019\/03\/WhatsApp-Image-2019-03-27-at-14.11.08-300x169.jpeg 300w, https:\/\/casalparis.cat\/wp-content\/uploads\/2019\/03\/WhatsApp-Image-2019-03-27-at-14.11.08-768x432.jpeg 768w, https:\/\/casalparis.cat\/wp-content\/uploads\/2019\/03\/WhatsApp-Image-2019-03-27-at-14.11.08-1024x576.jpeg 1024w, https:\/\/casalparis.cat\/wp-content\/uploads\/2019\/03\/WhatsApp-Image-2019-03-27-at-14.11.08-500x281.jpeg 500w, https:\/\/casalparis.cat\/wp-content\/uploads\/2019\/03\/WhatsApp-Image-2019-03-27-at-14.11.08.jpeg 1600w\" sizes=\"auto, (max-width: 300px) 100vw, 300px\" \/><\/a><\/p>\n<p><a href=\"http:\/\/casalparis.cat\/wp-content\/uploads\/2019\/03\/WhatsApp_Image_2019-03-24_at_16-removebg1.png\"><img loading=\"lazy\" decoding=\"async\" class=\"size-medium wp-image-507 aligncenter\" src=\"http:\/\/casalparis.cat\/wp-content\/uploads\/2019\/03\/WhatsApp_Image_2019-03-24_at_16-removebg1-225x300.png\" alt=\"\" width=\"225\" height=\"300\" srcset=\"https:\/\/casalparis.cat\/wp-content\/uploads\/2019\/03\/WhatsApp_Image_2019-03-24_at_16-removebg1-225x300.png 225w, https:\/\/casalparis.cat\/wp-content\/uploads\/2019\/03\/WhatsApp_Image_2019-03-24_at_16-removebg1.png 433w\" sizes=\"auto, (max-width: 225px) 100vw, 225px\" \/><\/a><\/p>\n<p>&nbsp;<\/p>\n<p>&nbsp;<\/p>\n<p>&nbsp;<\/p>\n<p>&nbsp;<\/p>\n<p>&nbsp;<\/p>\n<p>&nbsp;<\/p>\n<p>&nbsp;<\/p>\n<p>&nbsp;<\/p>\n<p>&nbsp;<\/p>\n<p>&nbsp;<\/p>\n<p>&nbsp;<\/p>\n<p>&nbsp;<\/p>","excerpt":"","slug":"24-03-2018-caminada","image":false,"all_day":false,"start_date":"2019-03-24 09:00:00","start_date_details":{"year":"2019","month":"03","day":"24","hour":"09","minutes":"00","seconds":"00"},"end_date":"2019-03-24 17:00:00","end_date_details":{"year":"2019","month":"03","day":"24","hour":"17","minutes":"00","seconds":"00"},"utc_start_date":"2019-03-24 08:00:00","utc_start_date_details":{"year":"2019","month":"03","day":"24","hour":"08","minutes":"00","seconds":"00"},"utc_end_date":"2019-03-24 16:00:00","utc_end_date_details":{"year":"2019","month":"03","day":"24","hour":"16","minutes":"00","seconds":"00"},"timezone":"Europe\/Paris","timezone_abbr":"CET","cost":"","cost_details":{"currency_symbol":"","currency_code":"","currency_position":"prefix","values":[]},"website":"","show_map":true,"show_map_link":true,"hide_from_listings":false,"sticky":false,"featured":false,"categories":[{"name":"Agenda","slug":"agenda","term_group":0,"term_taxonomy_id":68,"taxonomy":"tribe_events_cat","description":"","parent":0,"count":211,"filter":"raw","id":68,"urls":{"self":"http:\/\/casalparis.cat\/index.php?rest_route=\/tribe\/events\/v1\/categories\/68","collection":"http:\/\/casalparis.cat\/index.php?rest_route=\/tribe\/events\/v1\/categories"}}],"tags":[{"name":"Agenda","slug":"agenda","term_group":0,"term_taxonomy_id":67,"taxonomy":"post_tag","description":"","parent":0,"count":212,"filter":"raw","id":67,"urls":{"self":"http:\/\/casalparis.cat\/index.php?rest_route=\/tribe\/events\/v1\/tags\/67","collection":"http:\/\/casalparis.cat\/index.php?rest_route=\/tribe\/events\/v1\/tags"}}],"venue":[],"organizer":[{"id":190,"author":"1","status":"publish","date":"2018-10-09 00:15:27","date_utc":"2018-10-08 22:15:27","modified":"2018-10-09 00:15:27","modified_utc":"2018-10-08 22:15:27","url":"http:\/\/casalparis.cat\/?tribe_organizer=casal-de-catalunya-de-paris","organizer":"Casal de Catalunya de Paris","slug":"casal-de-catalunya-de-paris","json_ld":{"@type":"Person","name":"Casal de Catalunya de Paris","description":"","url":"","telephone":"","email":"","sameAs":""},"global_id":"casalparis.cat?id=190","global_id_lineage":["casalparis.cat?id=190"]}],"custom_fields":[],"json_ld":{"@context":"http:\/\/schema.org","@type":"Event","name":"24\/03\/2018 &#8211; Caminada","description":"&lt;p&gt;Sembla que l\\'hivern es va acabant... Salteu del llit, poseu-vos les botes de caminar, la motxilla a l\\'esquena, i .... apa, d\\'excursi\u00f3. Aquest diumenge 24 de Mar\u00e7, us proposem una caminada circular de 15Km, amb poc desnivell, a partir de &hellip; &lt;a href=&quot;http:\/\/casalparis.cat\/?tribe_events=24-03-2018-caminada&quot;&gt;Continua llegint &lt;span class=&quot;meta-nav&quot;&gt;&rarr;&lt;\/span&gt;&lt;\/a&gt;&lt;\/p&gt;\\n","url":"http:\/\/casalparis.cat\/?tribe_events=24-03-2018-caminada","eventAttendanceMode":"https:\/\/schema.org\/OfflineEventAttendanceMode","eventStatus":"https:\/\/schema.org\/EventScheduled","startDate":"2019-03-24T09:00:00+01:00","endDate":"2019-03-24T17:00:00+01:00","organizer":{"@type":"Person","name":"Casal de Catalunya de Paris","description":"","url":"","telephone":"","email":"","sameAs":""},"performer":"Organization"}}