{"id":403,"global_id":"casalparis.cat?id=403","global_id_lineage":["casalparis.cat?id=403"],"author":"1","status":"publish","date":"2019-03-11 22:51:35","date_utc":"2019-03-11 21:51:35","modified":"2019-04-19 08:56:47","modified_utc":"2019-04-19 06:56:47","url":"http:\/\/casalparis.cat\/?tribe_events=07-04-2019-calcotada","rest_url":"http:\/\/casalparis.cat\/index.php?rest_route=\/tribe\/events\/v1\/events\/403","title":"07\/04\/2019 &#8211; Cal\u00e7otada","description":"<div>Aquest any&#8230; la cal\u00e7otada del Casal ha sortit a TV3&#8230; no us ho perdeu (minut 1,40 aprox.)<\/div>\n<div><\/div>\n<div><a href=\"https:\/\/www.ccma.cat\/tv3\/alacarta\/telenoticies-vespre\/la-volta-al-mon-fent-calcotades\/video\/5845260\/\">https:\/\/www.ccma.cat\/tv3\/alacarta\/telenoticies-vespre\/la-volta-al-mon-fent-calcotades\/video\/5845260\/<\/a><\/div>\n<div><\/div>\n<div>*************************************<\/div>\n<div><\/div>\n<div><\/div>\n<div><\/div>\n<div><span style=\"font-family: arial,sans-serif; font-size: medium;\"><span lang=\"ca\">Benvolguts socis i amics,<\/span><\/span><\/div>\n<div><a href=\"http:\/\/casalparis.cat\/wp-content\/uploads\/2019\/03\/IMG-20180423-WA0019.jpg\"><img loading=\"lazy\" decoding=\"async\" class=\"size-medium wp-image-405 alignright\" src=\"http:\/\/casalparis.cat\/wp-content\/uploads\/2019\/03\/IMG-20180423-WA0019-300x225.jpg\" alt=\"\" width=\"300\" height=\"225\" srcset=\"https:\/\/casalparis.cat\/wp-content\/uploads\/2019\/03\/IMG-20180423-WA0019-300x225.jpg 300w, https:\/\/casalparis.cat\/wp-content\/uploads\/2019\/03\/IMG-20180423-WA0019-768x576.jpg 768w, https:\/\/casalparis.cat\/wp-content\/uploads\/2019\/03\/IMG-20180423-WA0019-1024x768.jpg 1024w, https:\/\/casalparis.cat\/wp-content\/uploads\/2019\/03\/IMG-20180423-WA0019-400x300.jpg 400w, https:\/\/casalparis.cat\/wp-content\/uploads\/2019\/03\/IMG-20180423-WA0019.jpg 1600w\" sizes=\"auto, (max-width: 300px) 100vw, 300px\" \/><\/a><\/div>\n<div><span style=\"font-family: arial,sans-serif; font-size: medium;\"><span lang=\"ca\">Enguany si que s&#8217;ha fet esperar molt, per\u00f2 finalment ja \u00e9s aqu\u00ed. C<\/span><\/span><span style=\"font-family: arial,sans-serif; font-size: medium;\"><span lang=\"ca\">omencen les inscripcions per a la\u00a0<\/span><\/span><span style=\"font-family: arial,sans-serif; font-size: medium;\"><span lang=\"ca\"><b>Cal\u00e7otada\u00a0del Casal<\/b><\/span><\/span><span style=\"font-family: arial,sans-serif; font-size: medium;\"><span lang=\"ca\">!<\/span><\/span><\/div>\n<div><span style=\"font-family: arial,sans-serif; font-size: medium;\"><span lang=\"ca\">El dia ja et teniu reservat, ho sabem:\u00a0<\/span><\/span><span style=\"font-family: arial,sans-serif; font-size: medium;\"><span lang=\"ca\"><u>Diumenge 7 d&#8217;abril<\/u><\/span><\/span><\/div>\n<div><span style=\"font-family: arial,sans-serif; font-size: medium;\"><span lang=\"ca\">I el lloc com sempre: al Bois Fleuri a <\/span><\/span><span style=\"font-family: arial,sans-serif; font-size: medium;\"><span lang=\"ca\"><u>Avon<\/u><\/span><\/span><span style=\"font-family: arial,sans-serif; font-size: medium;\"><span lang=\"ca\">.<\/span><\/span><\/div>\n<div><span style=\"font-family: arial,sans-serif; font-size: medium;\"><span lang=\"ca\">Per\u00f2\u00a0<u>llegiu-vos b\u00e9 la comunicaci\u00f3 adjunta<\/u>, all\u00e0 hi trobareu UNA NOVETAT, les instruccions i tots els detalls per no quedar-vos sense cal\u00e7ots ni sense salsa.\u00a0<\/span><\/span><\/div>\n<div><span style=\"font-family: arial,sans-serif; font-size: medium;\"><span lang=\"ca\">Les inscripcions comencen avui dilluns 11 de mar\u00e7. <\/span><\/span><\/div>\n<div><\/div>\n<div><span style=\"font-family: arial,sans-serif; font-size: medium;\"><span lang=\"ca\">Els socistenen prioritat de reserva del dia 11 de mar\u00e7 fins el dia 23 (podeu aprofitar l&#8217;ocasi\u00f3 per a pagar la quota o fer-vos socis). <\/span><\/span><\/div>\n<div><span style=\"font-family: arial,sans-serif; font-size: medium;\"><span lang=\"ca\">La resta de demandes seran tractades en funci\u00f3 de les places que quedin disponibles.<\/span><\/span><\/div>\n<div><span style=\"font-family: arial,sans-serif; font-size: medium;\"><span lang=\"ca\">Preu:<\/span><\/span><\/div>\n<div><span style=\"font-family: arial,sans-serif; font-size: medium;\"><span lang=\"ca\">Socis adults: 22\u20ac<\/span><\/span><\/div>\n<div><span style=\"font-family: arial,sans-serif; font-size: medium;\"><span lang=\"ca\">No-socis: 30\u20ac<\/span><\/span><\/div>\n<div><span style=\"font-family: arial,sans-serif; font-size: medium;\"><span lang=\"ca\">Nens(5-11anys): 8\u20ac<\/span><\/span><\/div>\n<div><span style=\"font-family: arial,sans-serif; font-size: medium;\"><span lang=\"ca\">Nens (0-4anys): gratu\u00eft<\/span><\/span><\/div>\n<div><\/div>\n<div><span style=\"font-family: arial,sans-serif; font-size: medium;\"><span lang=\"ca\">Esperem impacients els vostres\u00a0<\/span><\/span><span style=\"font-family: arial,sans-serif; font-size: medium;\"><span lang=\"ca\"><i>mails<\/i><\/span><\/span><span style=\"font-family: arial,sans-serif; font-size: medium;\"><span lang=\"ca\">\u00a0reservant pla\u00e7a, prometem respondre amb el mateix amor i empenta que sempre!<\/span><\/span><\/div>\n<div><\/div>\n<div><span style=\"font-family: arial,sans-serif; font-size: medium;\"><span lang=\"ca\">Salut i cal\u00e7ots!<\/span><\/span><\/div>\n<div><\/div>\n<div><a href=\"http:\/\/casalparis.cat\/wp-content\/uploads\/2019\/03\/Calc\u0327otada2019.pdf\">Calc\u0327otada2019<\/a><\/div>","excerpt":"","slug":"07-04-2019-calcotada","image":false,"all_day":false,"start_date":"2019-04-07 12:00:00","start_date_details":{"year":"2019","month":"04","day":"07","hour":"12","minutes":"00","seconds":"00"},"end_date":"2019-04-07 17:00:00","end_date_details":{"year":"2019","month":"04","day":"07","hour":"17","minutes":"00","seconds":"00"},"utc_start_date":"2019-04-07 10:00:00","utc_start_date_details":{"year":"2019","month":"04","day":"07","hour":"10","minutes":"00","seconds":"00"},"utc_end_date":"2019-04-07 15:00:00","utc_end_date_details":{"year":"2019","month":"04","day":"07","hour":"15","minutes":"00","seconds":"00"},"timezone":"Europe\/Paris","timezone_abbr":"CEST","cost":"","cost_details":{"currency_symbol":"","currency_code":"","currency_position":"prefix","values":[]},"website":"","show_map":true,"show_map_link":true,"hide_from_listings":false,"sticky":false,"featured":false,"categories":[{"name":"Agenda","slug":"agenda","term_group":0,"term_taxonomy_id":68,"taxonomy":"tribe_events_cat","description":"","parent":0,"count":211,"filter":"raw","id":68,"urls":{"self":"http:\/\/casalparis.cat\/index.php?rest_route=\/tribe\/events\/v1\/categories\/68","collection":"http:\/\/casalparis.cat\/index.php?rest_route=\/tribe\/events\/v1\/categories"}}],"tags":[{"name":"Agenda","slug":"agenda","term_group":0,"term_taxonomy_id":67,"taxonomy":"post_tag","description":"","parent":0,"count":212,"filter":"raw","id":67,"urls":{"self":"http:\/\/casalparis.cat\/index.php?rest_route=\/tribe\/events\/v1\/tags\/67","collection":"http:\/\/casalparis.cat\/index.php?rest_route=\/tribe\/events\/v1\/tags"}}],"venue":{"id":379,"author":"1","status":"publish","date":"2019-03-11 22:54:53","date_utc":"2019-03-11 21:54:53","modified":"2019-03-11 22:54:53","modified_utc":"2019-03-11 21:54:53","url":"http:\/\/casalparis.cat\/?tribe_venue=bois-fleuri","venue":"Bois Fleuri","slug":"bois-fleuri","address":"9 Rue H\u00e9g\u00e9sippe Moreau","city":"Avon","country":"Fran\u00e7a","zip":"77210","json_ld":{"@type":"Place","name":"Bois Fleuri","description":"","url":"","address":{"@type":"PostalAddress","streetAddress":"9 Rue H\u00e9g\u00e9sippe Moreau","addressLocality":"Avon","postalCode":"77210","addressCountry":"Fran\u00e7a"},"telephone":"","sameAs":""},"show_map":true,"show_map_link":true,"global_id":"casalparis.cat?id=379","global_id_lineage":["casalparis.cat?id=379"]},"organizer":[{"id":190,"author":"1","status":"publish","date":"2018-10-09 00:15:27","date_utc":"2018-10-08 22:15:27","modified":"2018-10-09 00:15:27","modified_utc":"2018-10-08 22:15:27","url":"http:\/\/casalparis.cat\/?tribe_organizer=casal-de-catalunya-de-paris","organizer":"Casal de Catalunya de Paris","slug":"casal-de-catalunya-de-paris","json_ld":{"@type":"Person","name":"Casal de Catalunya de Paris","description":"","url":"","telephone":"","email":"","sameAs":""},"global_id":"casalparis.cat?id=190","global_id_lineage":["casalparis.cat?id=190"]}],"custom_fields":[],"json_ld":{"@context":"http:\/\/schema.org","@type":"Event","name":"07\/04\/2019 &#8211; Cal\u00e7otada","description":"&lt;p&gt;Aquest any... la cal\u00e7otada del Casal ha sortit a TV3... no us ho perdeu (minut 1,40 aprox.) https:\/\/www.ccma.cat\/tv3\/alacarta\/telenoticies-vespre\/la-volta-al-mon-fent-calcotades\/video\/5845260\/ ************************************* Benvolguts socis i amics, Enguany si que s\\'ha fet esperar molt, per\u00f2 finalment ja \u00e9s aqu\u00ed. Comencen les inscripcions per a &hellip; &lt;a href=&quot;http:\/\/casalparis.cat\/?tribe_events=07-04-2019-calcotada&quot;&gt;Continua llegint &lt;span class=&quot;meta-nav&quot;&gt;&rarr;&lt;\/span&gt;&lt;\/a&gt;&lt;\/p&gt;\\n","url":"http:\/\/casalparis.cat\/?tribe_events=07-04-2019-calcotada","eventAttendanceMode":"https:\/\/schema.org\/OfflineEventAttendanceMode","eventStatus":"https:\/\/schema.org\/EventScheduled","startDate":"2019-04-07T12:00:00+02:00","endDate":"2019-04-07T17:00:00+02:00","location":{"@type":"Place","name":"Bois Fleuri","description":"","url":"","address":{"@type":"PostalAddress","streetAddress":"9 Rue H\u00e9g\u00e9sippe Moreau","addressLocality":"Avon","postalCode":"77210","addressCountry":"Fran\u00e7a"},"telephone":"","sameAs":""},"organizer":{"@type":"Person","name":"Casal de Catalunya de Paris","description":"","url":"","telephone":"","email":"","sameAs":""},"performer":"Organization"}}