{"id":253,"global_id":"casalparis.cat?id=253","global_id_lineage":["casalparis.cat?id=253"],"author":"1","status":"publish","date":"2019-01-13 00:38:02","date_utc":"2019-01-12 23:38:02","modified":"2019-04-19 08:53:15","modified_utc":"2019-04-19 06:53:15","url":"http:\/\/casalparis.cat\/?tribe_events=18-04-2019-concert-dels-amics-de-les-arts","rest_url":"http:\/\/casalparis.cat\/index.php?rest_route=\/tribe\/events\/v1\/events\/253","title":"18 i 19\/04\/2019 &#8211; Concert dels Amics de les Arts","description":"<div id=\":1gt\" class=\"a3s aXjCH \">\n<div dir=\"ltr\">\n<div dir=\"auto\">\n<div dir=\"auto\"><i>Quin \u00e8xit la primera data de concert!<\/i><\/div>\n<div dir=\"auto\"><i>Els Amics de les Arts ens han fet passar una vetllada inolvidable.<\/i><\/div>\n<div dir=\"auto\"><i>Us deixem algunes imatges de record.<\/i><\/div>\n<\/div>\n<\/div>\n<\/div>\n<div dir=\"auto\"><\/div>\n<div dir=\"auto\">\n\n\t\t<style type=\"text\/css\">\n\t\t\t#gallery-1 {\n\t\t\t\tmargin: auto;\n\t\t\t}\n\t\t\t#gallery-1 .gallery-item {\n\t\t\t\tfloat: left;\n\t\t\t\tmargin-top: 10px;\n\t\t\t\ttext-align: center;\n\t\t\t\twidth: 50%;\n\t\t\t}\n\t\t\t#gallery-1 img {\n\t\t\t\tborder: 2px solid #cfcfcf;\n\t\t\t}\n\t\t\t#gallery-1 .gallery-caption {\n\t\t\t\tmargin-left: 0;\n\t\t\t}\n\t\t\t\/* see gallery_shortcode() in wp-includes\/media.php *\/\n\t\t<\/style>\n\t\t<div id='gallery-1' class='gallery galleryid-0 gallery-columns-2 gallery-size-medium'><dl class='gallery-item'>\n\t\t\t<dt class='gallery-icon landscape'>\n\t\t\t\t<a href='http:\/\/casalparis.cat\/?attachment_id=593'><img loading=\"lazy\" decoding=\"async\" width=\"300\" height=\"225\" src=\"https:\/\/casalparis.cat\/wp-content\/uploads\/2019\/01\/WhatsApp-Image-2019-04-18-at-22.08.53-300x225.jpeg\" class=\"attachment-medium size-medium\" alt=\"\" srcset=\"https:\/\/casalparis.cat\/wp-content\/uploads\/2019\/01\/WhatsApp-Image-2019-04-18-at-22.08.53-300x225.jpeg 300w, https:\/\/casalparis.cat\/wp-content\/uploads\/2019\/01\/WhatsApp-Image-2019-04-18-at-22.08.53-768x575.jpeg 768w, https:\/\/casalparis.cat\/wp-content\/uploads\/2019\/01\/WhatsApp-Image-2019-04-18-at-22.08.53-1024x767.jpeg 1024w, https:\/\/casalparis.cat\/wp-content\/uploads\/2019\/01\/WhatsApp-Image-2019-04-18-at-22.08.53-401x300.jpeg 401w, https:\/\/casalparis.cat\/wp-content\/uploads\/2019\/01\/WhatsApp-Image-2019-04-18-at-22.08.53.jpeg 1600w\" sizes=\"auto, (max-width: 300px) 100vw, 300px\" \/><\/a>\n\t\t\t<\/dt><\/dl><dl class='gallery-item'>\n\t\t\t<dt class='gallery-icon landscape'>\n\t\t\t\t<a href='http:\/\/casalparis.cat\/?attachment_id=594'><img loading=\"lazy\" decoding=\"async\" width=\"300\" height=\"169\" src=\"https:\/\/casalparis.cat\/wp-content\/uploads\/2019\/01\/WhatsApp-Image-2019-04-19-at-01.58.11-300x169.jpeg\" class=\"attachment-medium size-medium\" alt=\"\" srcset=\"https:\/\/casalparis.cat\/wp-content\/uploads\/2019\/01\/WhatsApp-Image-2019-04-19-at-01.58.11-300x169.jpeg 300w, https:\/\/casalparis.cat\/wp-content\/uploads\/2019\/01\/WhatsApp-Image-2019-04-19-at-01.58.11-768x432.jpeg 768w, https:\/\/casalparis.cat\/wp-content\/uploads\/2019\/01\/WhatsApp-Image-2019-04-19-at-01.58.11-1024x577.jpeg 1024w, https:\/\/casalparis.cat\/wp-content\/uploads\/2019\/01\/WhatsApp-Image-2019-04-19-at-01.58.11-500x282.jpeg 500w, https:\/\/casalparis.cat\/wp-content\/uploads\/2019\/01\/WhatsApp-Image-2019-04-19-at-01.58.11.jpeg 1600w\" sizes=\"auto, (max-width: 300px) 100vw, 300px\" \/><\/a>\n\t\t\t<\/dt><\/dl><br style=\"clear: both\" \/><dl class='gallery-item'>\n\t\t\t<dt class='gallery-icon landscape'>\n\t\t\t\t<a href='http:\/\/casalparis.cat\/?attachment_id=596'><img loading=\"lazy\" decoding=\"async\" width=\"300\" height=\"225\" src=\"https:\/\/casalparis.cat\/wp-content\/uploads\/2019\/01\/WhatsApp-Image-2019-04-19-at-08.32.34-300x225.jpeg\" class=\"attachment-medium size-medium\" alt=\"\" srcset=\"https:\/\/casalparis.cat\/wp-content\/uploads\/2019\/01\/WhatsApp-Image-2019-04-19-at-08.32.34-300x225.jpeg 300w, https:\/\/casalparis.cat\/wp-content\/uploads\/2019\/01\/WhatsApp-Image-2019-04-19-at-08.32.34-768x575.jpeg 768w, https:\/\/casalparis.cat\/wp-content\/uploads\/2019\/01\/WhatsApp-Image-2019-04-19-at-08.32.34-1024x767.jpeg 1024w, https:\/\/casalparis.cat\/wp-content\/uploads\/2019\/01\/WhatsApp-Image-2019-04-19-at-08.32.34-401x300.jpeg 401w, https:\/\/casalparis.cat\/wp-content\/uploads\/2019\/01\/WhatsApp-Image-2019-04-19-at-08.32.34.jpeg 1600w\" sizes=\"auto, (max-width: 300px) 100vw, 300px\" \/><\/a>\n\t\t\t<\/dt><\/dl><dl class='gallery-item'>\n\t\t\t<dt class='gallery-icon landscape'>\n\t\t\t\t<a href='http:\/\/casalparis.cat\/?attachment_id=597'><img loading=\"lazy\" decoding=\"async\" width=\"300\" height=\"225\" src=\"https:\/\/casalparis.cat\/wp-content\/uploads\/2019\/01\/WhatsApp-Image-2019-04-19-at-08.32.35-300x225.jpeg\" class=\"attachment-medium size-medium\" alt=\"\" srcset=\"https:\/\/casalparis.cat\/wp-content\/uploads\/2019\/01\/WhatsApp-Image-2019-04-19-at-08.32.35-300x225.jpeg 300w, https:\/\/casalparis.cat\/wp-content\/uploads\/2019\/01\/WhatsApp-Image-2019-04-19-at-08.32.35-768x575.jpeg 768w, https:\/\/casalparis.cat\/wp-content\/uploads\/2019\/01\/WhatsApp-Image-2019-04-19-at-08.32.35-1024x767.jpeg 1024w, https:\/\/casalparis.cat\/wp-content\/uploads\/2019\/01\/WhatsApp-Image-2019-04-19-at-08.32.35-401x300.jpeg 401w, https:\/\/casalparis.cat\/wp-content\/uploads\/2019\/01\/WhatsApp-Image-2019-04-19-at-08.32.35.jpeg 1600w\" sizes=\"auto, (max-width: 300px) 100vw, 300px\" \/><\/a>\n\t\t\t<\/dt><\/dl><br style=\"clear: both\" \/><dl class='gallery-item'>\n\t\t\t<dt class='gallery-icon landscape'>\n\t\t\t\t<a href='http:\/\/casalparis.cat\/?attachment_id=598'><img loading=\"lazy\" decoding=\"async\" width=\"300\" height=\"225\" src=\"https:\/\/casalparis.cat\/wp-content\/uploads\/2019\/01\/WhatsApp-Image-2019-04-19-at-08.32.351-300x225.jpeg\" class=\"attachment-medium size-medium\" alt=\"\" srcset=\"https:\/\/casalparis.cat\/wp-content\/uploads\/2019\/01\/WhatsApp-Image-2019-04-19-at-08.32.351-300x225.jpeg 300w, https:\/\/casalparis.cat\/wp-content\/uploads\/2019\/01\/WhatsApp-Image-2019-04-19-at-08.32.351-768x575.jpeg 768w, https:\/\/casalparis.cat\/wp-content\/uploads\/2019\/01\/WhatsApp-Image-2019-04-19-at-08.32.351-1024x767.jpeg 1024w, https:\/\/casalparis.cat\/wp-content\/uploads\/2019\/01\/WhatsApp-Image-2019-04-19-at-08.32.351-401x300.jpeg 401w, https:\/\/casalparis.cat\/wp-content\/uploads\/2019\/01\/WhatsApp-Image-2019-04-19-at-08.32.351.jpeg 1600w\" sizes=\"auto, (max-width: 300px) 100vw, 300px\" \/><\/a>\n\t\t\t<\/dt><\/dl><dl class='gallery-item'>\n\t\t\t<dt class='gallery-icon landscape'>\n\t\t\t\t<a href='http:\/\/casalparis.cat\/?attachment_id=600'><img loading=\"lazy\" decoding=\"async\" width=\"300\" height=\"225\" src=\"https:\/\/casalparis.cat\/wp-content\/uploads\/2019\/01\/WhatsApp-Image-2019-04-19-at-08.32.36-300x225.jpeg\" class=\"attachment-medium size-medium\" alt=\"\" srcset=\"https:\/\/casalparis.cat\/wp-content\/uploads\/2019\/01\/WhatsApp-Image-2019-04-19-at-08.32.36-300x225.jpeg 300w, https:\/\/casalparis.cat\/wp-content\/uploads\/2019\/01\/WhatsApp-Image-2019-04-19-at-08.32.36-768x575.jpeg 768w, https:\/\/casalparis.cat\/wp-content\/uploads\/2019\/01\/WhatsApp-Image-2019-04-19-at-08.32.36-1024x767.jpeg 1024w, https:\/\/casalparis.cat\/wp-content\/uploads\/2019\/01\/WhatsApp-Image-2019-04-19-at-08.32.36-401x300.jpeg 401w, https:\/\/casalparis.cat\/wp-content\/uploads\/2019\/01\/WhatsApp-Image-2019-04-19-at-08.32.36.jpeg 1600w\" sizes=\"auto, (max-width: 300px) 100vw, 300px\" \/><\/a>\n\t\t\t<\/dt><\/dl><br style=\"clear: both\" \/><dl class='gallery-item'>\n\t\t\t<dt class='gallery-icon landscape'>\n\t\t\t\t<a href='http:\/\/casalparis.cat\/?attachment_id=599'><img loading=\"lazy\" decoding=\"async\" width=\"300\" height=\"225\" src=\"https:\/\/casalparis.cat\/wp-content\/uploads\/2019\/01\/WhatsApp-Image-2019-04-19-at-08.32.352-300x225.jpeg\" class=\"attachment-medium size-medium\" alt=\"\" srcset=\"https:\/\/casalparis.cat\/wp-content\/uploads\/2019\/01\/WhatsApp-Image-2019-04-19-at-08.32.352-300x225.jpeg 300w, https:\/\/casalparis.cat\/wp-content\/uploads\/2019\/01\/WhatsApp-Image-2019-04-19-at-08.32.352-768x575.jpeg 768w, https:\/\/casalparis.cat\/wp-content\/uploads\/2019\/01\/WhatsApp-Image-2019-04-19-at-08.32.352-1024x767.jpeg 1024w, https:\/\/casalparis.cat\/wp-content\/uploads\/2019\/01\/WhatsApp-Image-2019-04-19-at-08.32.352-401x300.jpeg 401w, https:\/\/casalparis.cat\/wp-content\/uploads\/2019\/01\/WhatsApp-Image-2019-04-19-at-08.32.352.jpeg 1600w\" sizes=\"auto, (max-width: 300px) 100vw, 300px\" \/><\/a>\n\t\t\t<\/dt><\/dl><dl class='gallery-item'>\n\t\t\t<dt class='gallery-icon landscape'>\n\t\t\t\t<a href='http:\/\/casalparis.cat\/?attachment_id=601'><img loading=\"lazy\" decoding=\"async\" width=\"300\" height=\"225\" src=\"https:\/\/casalparis.cat\/wp-content\/uploads\/2019\/01\/WhatsApp-Image-2019-04-19-at-08.32.361-300x225.jpeg\" class=\"attachment-medium size-medium\" alt=\"\" srcset=\"https:\/\/casalparis.cat\/wp-content\/uploads\/2019\/01\/WhatsApp-Image-2019-04-19-at-08.32.361-300x225.jpeg 300w, https:\/\/casalparis.cat\/wp-content\/uploads\/2019\/01\/WhatsApp-Image-2019-04-19-at-08.32.361-768x575.jpeg 768w, https:\/\/casalparis.cat\/wp-content\/uploads\/2019\/01\/WhatsApp-Image-2019-04-19-at-08.32.361-1024x767.jpeg 1024w, https:\/\/casalparis.cat\/wp-content\/uploads\/2019\/01\/WhatsApp-Image-2019-04-19-at-08.32.361-401x300.jpeg 401w, https:\/\/casalparis.cat\/wp-content\/uploads\/2019\/01\/WhatsApp-Image-2019-04-19-at-08.32.361.jpeg 1600w\" sizes=\"auto, (max-width: 300px) 100vw, 300px\" \/><\/a>\n\t\t\t<\/dt><\/dl><br style=\"clear: both\" \/><dl class='gallery-item'>\n\t\t\t<dt class='gallery-icon landscape'>\n\t\t\t\t<a href='http:\/\/casalparis.cat\/?attachment_id=595'><img loading=\"lazy\" decoding=\"async\" width=\"300\" height=\"225\" src=\"https:\/\/casalparis.cat\/wp-content\/uploads\/2019\/01\/WhatsApp-Image-2019-04-19-at-08.31.30-300x225.jpeg\" class=\"attachment-medium size-medium\" alt=\"\" srcset=\"https:\/\/casalparis.cat\/wp-content\/uploads\/2019\/01\/WhatsApp-Image-2019-04-19-at-08.31.30-300x225.jpeg 300w, https:\/\/casalparis.cat\/wp-content\/uploads\/2019\/01\/WhatsApp-Image-2019-04-19-at-08.31.30-768x576.jpeg 768w, https:\/\/casalparis.cat\/wp-content\/uploads\/2019\/01\/WhatsApp-Image-2019-04-19-at-08.31.30.jpeg 1024w, https:\/\/casalparis.cat\/wp-content\/uploads\/2019\/01\/WhatsApp-Image-2019-04-19-at-08.31.30-400x300.jpeg 400w\" sizes=\"auto, (max-width: 300px) 100vw, 300px\" \/><\/a>\n\t\t\t<\/dt><\/dl><dl class='gallery-item'>\n\t\t\t<dt class='gallery-icon landscape'>\n\t\t\t\t<a href='http:\/\/casalparis.cat\/?attachment_id=592'><img loading=\"lazy\" decoding=\"async\" width=\"300\" height=\"225\" src=\"https:\/\/casalparis.cat\/wp-content\/uploads\/2019\/01\/WhatsApp-Image-2019-04-18-at-21.23.17-300x225.jpeg\" class=\"attachment-medium size-medium\" alt=\"\" srcset=\"https:\/\/casalparis.cat\/wp-content\/uploads\/2019\/01\/WhatsApp-Image-2019-04-18-at-21.23.17-300x225.jpeg 300w, https:\/\/casalparis.cat\/wp-content\/uploads\/2019\/01\/WhatsApp-Image-2019-04-18-at-21.23.17-768x575.jpeg 768w, https:\/\/casalparis.cat\/wp-content\/uploads\/2019\/01\/WhatsApp-Image-2019-04-18-at-21.23.17-1024x767.jpeg 1024w, https:\/\/casalparis.cat\/wp-content\/uploads\/2019\/01\/WhatsApp-Image-2019-04-18-at-21.23.17-401x300.jpeg 401w, https:\/\/casalparis.cat\/wp-content\/uploads\/2019\/01\/WhatsApp-Image-2019-04-18-at-21.23.17.jpeg 1600w\" sizes=\"auto, (max-width: 300px) 100vw, 300px\" \/><\/a>\n\t\t\t<\/dt><\/dl><br style=\"clear: both\" \/>\n\t\t<\/div>\n\n<\/div>\n<div id=\":1gt\" class=\"a3s aXjCH \">\n<div dir=\"ltr\">\n<div dir=\"auto\"><\/div>\n<div dir=\"auto\"><i>Estimats socis, Estimades socies,<\/i><\/div>\n<div><i><b>Ja tenim el guanyador del sorteig de dues entrades pel concert del grup Els Amics de les Arts<\/b> que tindr\u00e0 lloc el proper <b>dijous 18 d&#8217;abril a les 20h00<\/b> a la Peniche Antipode (Bassin de la Villette).<\/i><\/div>\n<p><i>Moltes felicitats Marti Ubeda!<br \/>\n<\/i><\/p>\n<div><\/div>\n<\/div>\n<\/div>\n<div dir=\"ltr\">\n<p>Per si us interessa les altres dates europees s\u00f3n:<\/p>\n<\/div>\n<div><span class=\"m_-8613386854837081014gmail-m_4676642601631620090gmail-m_6567384009861354904gmail-m_6797948850566854530gmail-hiddenSpellError\">18\/04 Par\u00eds 20h00 Peniche Antipode &#8211; Entrades exhaurides!<\/span><\/div>\n<div><span class=\"m_-8613386854837081014gmail-m_4676642601631620090gmail-m_6567384009861354904gmail-m_6797948850566854530gmail-hiddenSpellError\">19\/04 Paris\u00a0 20h00 Peniche Antipode &#8211; Entrades exhaurides!<\/span><\/div>\n<div dir=\"ltr\">20\/04 Londres 20h00 The Victoria Dalston &#8211; <span class=\"m_-8613386854837081014gmail-m_4676642601631620090gmail-m_6567384009861354904gmail-m_6797948850566854530gmail-hiddenSpellError\">&#8211; Entrades exhaurides!<\/span><br \/>\n23\/04 Brussel\u00b7les <span class=\"m_-8613386854837081014gmail-m_4676642601631620090gmail-m_6567384009861354904gmail-m_6797948850566854530gmail-hiddenSpellError\">19h00<\/span> <span class=\"m_-8613386854837081014gmail-m_4676642601631620090gmail-m_6567384009861354904gmail-m_6797948850566854530gmail-hiddenSpellError\">Maison<\/span> du <span class=\"m_-8613386854837081014gmail-m_4676642601631620090gmail-m_6567384009861354904gmail-m_6797948850566854530gmail-hiddenSpellError\">Peuple<\/span><br \/>\n25\/04 Berl\u00edn <span class=\"m_-8613386854837081014gmail-m_4676642601631620090gmail-m_6567384009861354904gmail-m_6797948850566854530gmail-hiddenSpellError\">19h00<\/span> <span class=\"m_-8613386854837081014gmail-m_4676642601631620090gmail-m_6567384009861354904gmail-m_6797948850566854530gmail-hiddenSpellError\">Junction<\/span> Bar &#8211; <span class=\"m_-8613386854837081014gmail-m_4676642601631620090gmail-m_6567384009861354904gmail-m_6797948850566854530gmail-hiddenSpellError\">&#8211; Entrades exhaurides!<\/span><br \/>\n27\/04 Luxemburg <span class=\"m_-8613386854837081014gmail-m_4676642601631620090gmail-m_6567384009861354904gmail-m_6797948850566854530gmail-hiddenSpellError\">20h00<\/span> <span class=\"m_-8613386854837081014gmail-m_4676642601631620090gmail-m_6567384009861354904gmail-m_6797948850566854530gmail-hiddenSpellError\">Sang&amp;Klang<\/span><\/div>\n<div dir=\"ltr\"><\/div>\n<div dir=\"ltr\">Que soni la m\u00fasica en catal\u00e0 a tot Europa!!!<\/div>\n<div dir=\"ltr\"><\/div>\n<div dir=\"ltr\"><a href=\"https:\/\/youtu.be\/-3QcvCg0Dhw\" target=\"_blank\" rel=\"noopener noreferrer\" data-saferedirecturl=\"https:\/\/www.google.com\/url?q=https:\/\/youtu.be\/-3QcvCg0Dhw&amp;source=gmail&amp;ust=1548344769937000&amp;usg=AFQjCNEofL4ljA_2FXYvk4cYFU462QLcpw\">https:\/\/youtu.be\/-3QcvCg0Dhw<\/a><\/div>\n<div dir=\"ltr\"><\/div>\n<div dir=\"ltr\">\n<p>Fem Casal<\/p>\n<\/div>\n<p><a href=\"http:\/\/casalparis.cat\/wp-content\/uploads\/2019\/01\/ParisExhauridesDia19.png\"><img loading=\"lazy\" decoding=\"async\" class=\"size-medium wp-image-295 alignleft\" src=\"http:\/\/casalparis.cat\/wp-content\/uploads\/2019\/01\/ParisExhauridesDia19-214x300.png\" alt=\"\" width=\"214\" height=\"300\" srcset=\"https:\/\/casalparis.cat\/wp-content\/uploads\/2019\/01\/ParisExhauridesDia19-214x300.png 214w, https:\/\/casalparis.cat\/wp-content\/uploads\/2019\/01\/ParisExhauridesDia19-768x1077.png 768w, https:\/\/casalparis.cat\/wp-content\/uploads\/2019\/01\/ParisExhauridesDia19-730x1024.png 730w\" sizes=\"auto, (max-width: 214px) 100vw, 214px\" \/><\/a><a href=\"http:\/\/casalparis.cat\/wp-content\/uploads\/2019\/01\/Paris2OK-01.jpeg\"><img loading=\"lazy\" decoding=\"async\" class=\"size-medium wp-image-393 alignright\" src=\"http:\/\/casalparis.cat\/wp-content\/uploads\/2019\/01\/Paris2OK-01-212x300.jpeg\" alt=\"\" width=\"212\" height=\"300\" srcset=\"https:\/\/casalparis.cat\/wp-content\/uploads\/2019\/01\/Paris2OK-01-212x300.jpeg 212w, https:\/\/casalparis.cat\/wp-content\/uploads\/2019\/01\/Paris2OK-01-768x1086.jpeg 768w, https:\/\/casalparis.cat\/wp-content\/uploads\/2019\/01\/Paris2OK-01-724x1024.jpeg 724w\" sizes=\"auto, (max-width: 212px) 100vw, 212px\" \/><\/a><\/p>\n<p>&nbsp;<\/p>\n<p>&nbsp;<\/p>\n<p>&nbsp;<\/p>\n<p>&nbsp;<\/p>\n<p>&nbsp;<\/p>\n<p>&nbsp;<\/p>\n<p>&nbsp;<\/p>\n<p>&nbsp;<\/p>\n<p>**********************************<\/p>\n<p><img loading=\"lazy\" decoding=\"async\" class=\"aligncenter size-medium wp-image-254\" src=\"http:\/\/casalparis.cat\/wp-content\/uploads\/2019\/01\/Firefox_Screenshot_2019-01-12T23-34-12.564Z-300x159.png\" alt=\"\" width=\"300\" height=\"159\" srcset=\"https:\/\/casalparis.cat\/wp-content\/uploads\/2019\/01\/Firefox_Screenshot_2019-01-12T23-34-12.564Z-300x159.png 300w, https:\/\/casalparis.cat\/wp-content\/uploads\/2019\/01\/Firefox_Screenshot_2019-01-12T23-34-12.564Z-500x265.png 500w, https:\/\/casalparis.cat\/wp-content\/uploads\/2019\/01\/Firefox_Screenshot_2019-01-12T23-34-12.564Z.png 766w\" sizes=\"auto, (max-width: 300px) 100vw, 300px\" \/>Els Amics de les Arts van tancar la gira del seu \u00faltim disc\u00a0<em>Un estrany poder<\/em>\u00a0amb un concert al Palau de la M\u00fasica Catalana. Aquesta actuaci\u00f3 in\u00e8dita va ser el 23 de novembre passat, amb una orquestra simf\u00f2nica i el Cor de Noies de l\u2019Orfe\u00f3 Catal\u00e0; els acompanyaven una vuitantena de m\u00fasics sobre l\u2019escenari. Aquella va ser una ocasi\u00f3 sens dubte excepcional per veure un dels grups m\u00e9s estimats de Catalunya.<\/p>\n<p><strong>El grup ha iniciat una gira de concerts fora del pa\u00eds mentre prepara el seu nou disc que veur\u00e0 la llum l\u2019any 2020<\/strong>. La gira Europa 2019, porta Els Amics de les Arts amb el seu format m\u00e9s \u00edntim, que ens proposa retrobar-nos amb l\u2019ess\u00e8ncia dels inicis de la banda. Amb la seva gran capacitat de connexi\u00f3 amb el p\u00fablic, baixen dels grans escenaris per on han passat i canvien les multituds de p\u00fablic que han exhaurit les entrades dels seus concerts per una platea \u00edntima i propera.<\/p>\n<p>Els Amics de les Arts s\u00f3n Daniel Alegret (piano i veu), Joan Enric Barcel\u00f3 (guitarra i veu) i Ferran Piqu\u00e9 (guitarra i veu).<\/p>","excerpt":"","slug":"18-04-2019-concert-dels-amics-de-les-arts","image":false,"all_day":false,"start_date":"2019-04-18 20:00:00","start_date_details":{"year":"2019","month":"04","day":"18","hour":"20","minutes":"00","seconds":"00"},"end_date":"2019-04-19 22:00:00","end_date_details":{"year":"2019","month":"04","day":"19","hour":"22","minutes":"00","seconds":"00"},"utc_start_date":"2019-04-18 18:00:00","utc_start_date_details":{"year":"2019","month":"04","day":"18","hour":"18","minutes":"00","seconds":"00"},"utc_end_date":"2019-04-19 20:00:00","utc_end_date_details":{"year":"2019","month":"04","day":"19","hour":"20","minutes":"00","seconds":"00"},"timezone":"Europe\/Paris","timezone_abbr":"CEST","cost":"","cost_details":{"currency_symbol":"","currency_code":"","currency_position":"prefix","values":[]},"website":"","show_map":true,"show_map_link":false,"hide_from_listings":false,"sticky":false,"featured":false,"categories":[{"name":"Agenda","slug":"agenda","term_group":0,"term_taxonomy_id":68,"taxonomy":"tribe_events_cat","description":"","parent":0,"count":211,"filter":"raw","id":68,"urls":{"self":"http:\/\/casalparis.cat\/index.php?rest_route=\/tribe\/events\/v1\/categories\/68","collection":"http:\/\/casalparis.cat\/index.php?rest_route=\/tribe\/events\/v1\/categories"}}],"tags":[{"name":"Agenda","slug":"agenda","term_group":0,"term_taxonomy_id":67,"taxonomy":"post_tag","description":"","parent":0,"count":212,"filter":"raw","id":67,"urls":{"self":"http:\/\/casalparis.cat\/index.php?rest_route=\/tribe\/events\/v1\/tags\/67","collection":"http:\/\/casalparis.cat\/index.php?rest_route=\/tribe\/events\/v1\/tags"}}],"venue":{"id":256,"author":"1","status":"publish","date":"2019-01-13 00:38:02","date_utc":"2019-01-12 23:38:02","modified":"2019-01-13 00:38:02","modified_utc":"2019-01-12 23:38:02","url":"http:\/\/casalparis.cat\/?tribe_venue=peniche-antipode","venue":"Peniche Antipode","slug":"peniche-antipode","address":"Face au, 55 Quai de la Seine","city":"Paris","country":"Fran\u00e7a","zip":"75019","json_ld":{"@type":"Place","name":"Peniche Antipode","description":"","url":"","address":{"@type":"PostalAddress","streetAddress":"Face au, 55 Quai de la Seine","addressLocality":"Paris","postalCode":"75019","addressCountry":"Fran\u00e7a"},"telephone":"","sameAs":""},"show_map":true,"show_map_link":true,"global_id":"casalparis.cat?id=256","global_id_lineage":["casalparis.cat?id=256"]},"organizer":[{"id":190,"author":"1","status":"publish","date":"2018-10-09 00:15:27","date_utc":"2018-10-08 22:15:27","modified":"2018-10-09 00:15:27","modified_utc":"2018-10-08 22:15:27","url":"http:\/\/casalparis.cat\/?tribe_organizer=casal-de-catalunya-de-paris","organizer":"Casal de Catalunya de Paris","slug":"casal-de-catalunya-de-paris","json_ld":{"@type":"Person","name":"Casal de Catalunya de Paris","description":"","url":"","telephone":"","email":"","sameAs":""},"global_id":"casalparis.cat?id=190","global_id_lineage":["casalparis.cat?id=190"]}],"custom_fields":[],"json_ld":{"@context":"http:\/\/schema.org","@type":"Event","name":"18 i 19\/04\/2019 &#8211; Concert dels Amics de les Arts","description":"&lt;p&gt;Quin \u00e8xit la primera data de concert! Els Amics de les Arts ens han fet passar una vetllada inolvidable. Us deixem algunes imatges de record. Estimats socis, Estimades socies, Ja tenim el guanyador del sorteig de dues entrades pel concert &hellip; &lt;a href=&quot;http:\/\/casalparis.cat\/?tribe_events=18-04-2019-concert-dels-amics-de-les-arts&quot;&gt;Continua llegint &lt;span class=&quot;meta-nav&quot;&gt;&rarr;&lt;\/span&gt;&lt;\/a&gt;&lt;\/p&gt;\\n","url":"http:\/\/casalparis.cat\/?tribe_events=18-04-2019-concert-dels-amics-de-les-arts","eventAttendanceMode":"https:\/\/schema.org\/OfflineEventAttendanceMode","eventStatus":"https:\/\/schema.org\/EventScheduled","startDate":"2019-04-18T20:00:00+02:00","endDate":"2019-04-19T22:00:00+02:00","location":{"@type":"Place","name":"Peniche Antipode","description":"","url":"","address":{"@type":"PostalAddress","streetAddress":"Face au, 55 Quai de la Seine","addressLocality":"Paris","postalCode":"75019","addressCountry":"Fran\u00e7a"},"telephone":"","sameAs":""},"organizer":{"@type":"Person","name":"Casal de Catalunya de Paris","description":"","url":"","telephone":"","email":"","sameAs":""},"performer":"Organization"}}