{"id":2272,"global_id":"casalparis.cat?id=2272","global_id_lineage":["casalparis.cat?id=2272"],"author":"1","status":"publish","date":"2022-06-26 23:10:19","date_utc":"2022-06-26 21:10:19","modified":"2022-06-26 23:10:19","modified_utc":"2022-06-26 21:10:19","url":"http:\/\/casalparis.cat\/?tribe_events=18-09-2022-concert-lluis-gavalda-i-joan-pau-chaves","rest_url":"http:\/\/casalparis.cat\/index.php?rest_route=\/tribe\/events\/v1\/events\/2272","title":"18\/09\/2022 CONCERT: LLU\u00cdS GAVALD\u00c0 I JOAN-PAU CHAVES","description":"<p>Tenim sort i hem pogut reprogramar el concert d&#8217;en Llu\u00eds Gavald\u00e0 i Joan Pau Chaves!!!<br \/>\nEls podrem escoltar el\u00a0<strong>diumenge 18 de setembre\u00a0<\/strong>a les\u00a0<strong>17:30\u00a0<\/strong>a la\u00a0<strong>peniche Antipode<\/strong>, barri XIX de Paris.<br \/>\nUn concert en format ac\u00fastic\u00a0i \u00edntim a la capital francesa. L&#8217;aforament \u00e9s limitat.<br \/>\nAix\u00ed que si esteu interessats a venir, afanyeu-vos a <a href=\"https:\/\/www.helloasso.com\/associations\/casal-de-catalunya-de-paris\/evenements\/concert-lluis-gavalda-i-joan-pau-chaves\">comprar l&#8217;entrada.<\/a><\/p>\n<p><img loading=\"lazy\" decoding=\"async\" class=\"alignnone size-medium wp-image-2273\" src=\"http:\/\/casalparis.cat\/wp-content\/uploads\/2022\/06\/Publication-Instagram-Noir-et-Blanc-Inspirant-Futuriste-Sensibilisation-et-Information-2-300x300.png\" alt=\"\" width=\"300\" height=\"300\" srcset=\"https:\/\/casalparis.cat\/wp-content\/uploads\/2022\/06\/Publication-Instagram-Noir-et-Blanc-Inspirant-Futuriste-Sensibilisation-et-Information-2-300x300.png 300w, https:\/\/casalparis.cat\/wp-content\/uploads\/2022\/06\/Publication-Instagram-Noir-et-Blanc-Inspirant-Futuriste-Sensibilisation-et-Information-2-1024x1024.png 1024w, https:\/\/casalparis.cat\/wp-content\/uploads\/2022\/06\/Publication-Instagram-Noir-et-Blanc-Inspirant-Futuriste-Sensibilisation-et-Information-2-150x150.png 150w, https:\/\/casalparis.cat\/wp-content\/uploads\/2022\/06\/Publication-Instagram-Noir-et-Blanc-Inspirant-Futuriste-Sensibilisation-et-Information-2-768x768.png 768w, https:\/\/casalparis.cat\/wp-content\/uploads\/2022\/06\/Publication-Instagram-Noir-et-Blanc-Inspirant-Futuriste-Sensibilisation-et-Information-2.png 1080w\" sizes=\"auto, (max-width: 300px) 100vw, 300px\" \/><\/p>\n<p>Llu\u00eds Gavald\u00e0 i Joan Pau Chaves ofereixen un concert \u00edntim i especial, on sonaran can\u00e7ons d\u2019 Els Pets i tamb\u00e9 altres composicions i versions m\u00e9s amagades. Pensat per audi\u00e8ncies petites, l\u2019esperit del concert busca un ambient proper. Un joc de complicitats que descobrir\u00e0 an\u00e8cdotes i potser tamb\u00e9 alguna intimitat. Un espectacle \u00fanic i imprevisible. Places assegudes.<\/p>","excerpt":"","slug":"18-09-2022-concert-lluis-gavalda-i-joan-pau-chaves","image":{"url":"https:\/\/casalparis.cat\/wp-content\/uploads\/2022\/06\/Publication-Instagram-Noir-et-Blanc-Inspirant-Futuriste-Sensibilisation-et-Information-2.png","id":2273,"extension":"png","width":1080,"height":1080,"sizes":{"medium":{"width":300,"height":300,"mime-type":"image\/png","url":"https:\/\/casalparis.cat\/wp-content\/uploads\/2022\/06\/Publication-Instagram-Noir-et-Blanc-Inspirant-Futuriste-Sensibilisation-et-Information-2-300x300.png"},"large":{"width":1024,"height":1024,"mime-type":"image\/png","url":"https:\/\/casalparis.cat\/wp-content\/uploads\/2022\/06\/Publication-Instagram-Noir-et-Blanc-Inspirant-Futuriste-Sensibilisation-et-Information-2-1024x1024.png"},"thumbnail":{"width":150,"height":150,"mime-type":"image\/png","url":"https:\/\/casalparis.cat\/wp-content\/uploads\/2022\/06\/Publication-Instagram-Noir-et-Blanc-Inspirant-Futuriste-Sensibilisation-et-Information-2-150x150.png"},"medium_large":{"width":768,"height":768,"mime-type":"image\/png","url":"https:\/\/casalparis.cat\/wp-content\/uploads\/2022\/06\/Publication-Instagram-Noir-et-Blanc-Inspirant-Futuriste-Sensibilisation-et-Information-2-768x768.png"},"post-thumbnail":{"width":1000,"height":288,"mime-type":"image\/png","url":"https:\/\/casalparis.cat\/wp-content\/uploads\/2022\/06\/Publication-Instagram-Noir-et-Blanc-Inspirant-Futuriste-Sensibilisation-et-Information-2-1000x288.png"},"large-feature":{"width":1000,"height":288,"mime-type":"image\/png","url":"https:\/\/casalparis.cat\/wp-content\/uploads\/2022\/06\/Publication-Instagram-Noir-et-Blanc-Inspirant-Futuriste-Sensibilisation-et-Information-2-1000x288.png"},"small-feature":{"width":300,"height":300,"mime-type":"image\/png","url":"https:\/\/casalparis.cat\/wp-content\/uploads\/2022\/06\/Publication-Instagram-Noir-et-Blanc-Inspirant-Futuriste-Sensibilisation-et-Information-2-300x300.png"}}},"all_day":false,"start_date":"2022-09-18 17:30:00","start_date_details":{"year":"2022","month":"09","day":"18","hour":"17","minutes":"30","seconds":"00"},"end_date":"2022-09-18 19:30:00","end_date_details":{"year":"2022","month":"09","day":"18","hour":"19","minutes":"30","seconds":"00"},"utc_start_date":"2022-09-18 15:30:00","utc_start_date_details":{"year":"2022","month":"09","day":"18","hour":"15","minutes":"30","seconds":"00"},"utc_end_date":"2022-09-18 17:30:00","utc_end_date_details":{"year":"2022","month":"09","day":"18","hour":"17","minutes":"30","seconds":"00"},"timezone":"Europe\/Paris","timezone_abbr":"CEST","cost":"\u20ac28","cost_details":{"currency_symbol":"\u20ac","currency_code":"","currency_position":"prefix","values":["28"]},"website":"","show_map":true,"show_map_link":true,"hide_from_listings":false,"sticky":false,"featured":false,"categories":[{"name":"Agenda","slug":"agenda","term_group":0,"term_taxonomy_id":68,"taxonomy":"tribe_events_cat","description":"","parent":0,"count":211,"filter":"raw","id":68,"urls":{"self":"http:\/\/casalparis.cat\/index.php?rest_route=\/tribe\/events\/v1\/categories\/68","collection":"http:\/\/casalparis.cat\/index.php?rest_route=\/tribe\/events\/v1\/categories"}}],"tags":[{"name":"Agenda","slug":"agenda","term_group":0,"term_taxonomy_id":67,"taxonomy":"post_tag","description":"","parent":0,"count":212,"filter":"raw","id":67,"urls":{"self":"http:\/\/casalparis.cat\/index.php?rest_route=\/tribe\/events\/v1\/tags\/67","collection":"http:\/\/casalparis.cat\/index.php?rest_route=\/tribe\/events\/v1\/tags"}},{"name":"casalparis","slug":"casalparis","term_group":0,"term_taxonomy_id":23,"taxonomy":"post_tag","description":"","parent":0,"count":166,"filter":"raw","id":23,"urls":{"self":"http:\/\/casalparis.cat\/index.php?rest_route=\/tribe\/events\/v1\/tags\/23","collection":"http:\/\/casalparis.cat\/index.php?rest_route=\/tribe\/events\/v1\/tags"}},{"name":"concert","slug":"concert","term_group":0,"term_taxonomy_id":93,"taxonomy":"post_tag","description":"","parent":0,"count":16,"filter":"raw","id":93,"urls":{"self":"http:\/\/casalparis.cat\/index.php?rest_route=\/tribe\/events\/v1\/tags\/93","collection":"http:\/\/casalparis.cat\/index.php?rest_route=\/tribe\/events\/v1\/tags"}},{"name":"JoanPauChaves","slug":"joanpauchaves","term_group":0,"term_taxonomy_id":412,"taxonomy":"post_tag","description":"","parent":0,"count":1,"filter":"raw","id":412,"urls":{"self":"http:\/\/casalparis.cat\/index.php?rest_route=\/tribe\/events\/v1\/tags\/412","collection":"http:\/\/casalparis.cat\/index.php?rest_route=\/tribe\/events\/v1\/tags"}},{"name":"LluisGavald\u00e0","slug":"lluisgavalda","term_group":0,"term_taxonomy_id":411,"taxonomy":"post_tag","description":"","parent":0,"count":1,"filter":"raw","id":411,"urls":{"self":"http:\/\/casalparis.cat\/index.php?rest_route=\/tribe\/events\/v1\/tags\/411","collection":"http:\/\/casalparis.cat\/index.php?rest_route=\/tribe\/events\/v1\/tags"}},{"name":"paris","slug":"paris","term_group":0,"term_taxonomy_id":38,"taxonomy":"post_tag","description":"","parent":0,"count":197,"filter":"raw","id":38,"urls":{"self":"http:\/\/casalparis.cat\/index.php?rest_route=\/tribe\/events\/v1\/tags\/38","collection":"http:\/\/casalparis.cat\/index.php?rest_route=\/tribe\/events\/v1\/tags"}},{"name":"Rockcatal\u00e0","slug":"rockcatala","term_group":0,"term_taxonomy_id":410,"taxonomy":"post_tag","description":"","parent":0,"count":1,"filter":"raw","id":410,"urls":{"self":"http:\/\/casalparis.cat\/index.php?rest_route=\/tribe\/events\/v1\/tags\/410","collection":"http:\/\/casalparis.cat\/index.php?rest_route=\/tribe\/events\/v1\/tags"}},{"name":"somcasal","slug":"somcasal","term_group":0,"term_taxonomy_id":22,"taxonomy":"post_tag","description":"","parent":0,"count":167,"filter":"raw","id":22,"urls":{"self":"http:\/\/casalparis.cat\/index.php?rest_route=\/tribe\/events\/v1\/tags\/22","collection":"http:\/\/casalparis.cat\/index.php?rest_route=\/tribe\/events\/v1\/tags"}}],"venue":{"id":256,"author":"1","status":"publish","date":"2019-01-13 00:38:02","date_utc":"2019-01-12 23:38:02","modified":"2019-01-13 00:38:02","modified_utc":"2019-01-12 23:38:02","url":"http:\/\/casalparis.cat\/?tribe_venue=peniche-antipode","venue":"Peniche Antipode","slug":"peniche-antipode","address":"Face au, 55 Quai de la Seine","city":"Paris","country":"Fran\u00e7a","zip":"75019","json_ld":{"@type":"Place","name":"Peniche Antipode","description":"","url":"","address":{"@type":"PostalAddress","streetAddress":"Face au, 55 Quai de la Seine","addressLocality":"Paris","postalCode":"75019","addressCountry":"Fran\u00e7a"},"telephone":"","sameAs":""},"show_map":true,"show_map_link":true,"global_id":"casalparis.cat?id=256","global_id_lineage":["casalparis.cat?id=256"]},"organizer":[{"id":190,"author":"1","status":"publish","date":"2018-10-09 00:15:27","date_utc":"2018-10-08 22:15:27","modified":"2018-10-09 00:15:27","modified_utc":"2018-10-08 22:15:27","url":"http:\/\/casalparis.cat\/?tribe_organizer=casal-de-catalunya-de-paris","organizer":"Casal de Catalunya de Paris","slug":"casal-de-catalunya-de-paris","json_ld":{"@type":"Person","name":"Casal de Catalunya de Paris","description":"","url":"","telephone":"","email":"","sameAs":""},"global_id":"casalparis.cat?id=190","global_id_lineage":["casalparis.cat?id=190"]}],"custom_fields":[],"json_ld":{"@context":"http:\/\/schema.org","@type":"Event","name":"18\/09\/2022 CONCERT: LLU\u00cdS GAVALD\u00c0 I JOAN-PAU CHAVES","description":"&lt;p&gt;Tenim sort i hem pogut reprogramar el concert d\\'en Llu\u00eds Gavald\u00e0 i Joan Pau Chaves!!! Els podrem escoltar el\u00a0diumenge 18 de setembre\u00a0a les\u00a017:30\u00a0a la\u00a0peniche Antipode, barri XIX de Paris. Un concert en format ac\u00fastic\u00a0i \u00edntim a la capital francesa. L\\'aforament &hellip; &lt;a href=&quot;http:\/\/casalparis.cat\/?tribe_events=18-09-2022-concert-lluis-gavalda-i-joan-pau-chaves&quot;&gt;Continua llegint &lt;span class=&quot;meta-nav&quot;&gt;&rarr;&lt;\/span&gt;&lt;\/a&gt;&lt;\/p&gt;\\n","image":"https:\/\/casalparis.cat\/wp-content\/uploads\/2022\/06\/Publication-Instagram-Noir-et-Blanc-Inspirant-Futuriste-Sensibilisation-et-Information-2.png","url":"http:\/\/casalparis.cat\/?tribe_events=18-09-2022-concert-lluis-gavalda-i-joan-pau-chaves","eventAttendanceMode":"https:\/\/schema.org\/OfflineEventAttendanceMode","eventStatus":"https:\/\/schema.org\/EventScheduled","startDate":"2022-09-18T17:30:00+02:00","endDate":"2022-09-18T19:30:00+02:00","location":{"@type":"Place","name":"Peniche Antipode","description":"","url":"","address":{"@type":"PostalAddress","streetAddress":"Face au, 55 Quai de la Seine","addressLocality":"Paris","postalCode":"75019","addressCountry":"Fran\u00e7a"},"telephone":"","sameAs":""},"organizer":{"@type":"Person","name":"Casal de Catalunya de Paris","description":"","url":"","telephone":"","email":"","sameAs":""},"offers":{"@type":"Offer","price":"28","priceCurrency":"USD","url":"http:\/\/casalparis.cat\/?tribe_events=18-09-2022-concert-lluis-gavalda-i-joan-pau-chaves","category":"primary","availability":"inStock","validFrom":"1970-01-01T00:00:00+00:00"},"performer":"Organization"}}