{"id":2268,"global_id":"casalparis.cat?id=2268","global_id_lineage":["casalparis.cat?id=2268"],"author":"1","status":"publish","date":"2022-06-25 11:13:41","date_utc":"2022-06-25 09:13:41","modified":"2022-06-25 11:13:41","modified_utc":"2022-06-25 09:13:41","url":"http:\/\/casalparis.cat\/?tribe_events=25-06-2022-els-geperuts-participen-a-la-marche-des-fiertes","rest_url":"http:\/\/casalparis.cat\/index.php?rest_route=\/tribe\/events\/v1\/events\/2268","title":"25\/06\/2022 &#8211; Els geperuts participen a la &#8220;Marche des fiert\u00e9s&#8221;","description":"<div class=\"kvgmc6g5 cxmmr5t8 oygrvhab hcukyx3x c1et5uql ii04i59q\">\n<div dir=\"auto\"><img loading=\"lazy\" decoding=\"async\" class=\"size-medium wp-image-2269 alignleft\" src=\"http:\/\/casalparis.cat\/wp-content\/uploads\/2022\/06\/Marche-fiertes-2022-300x300.jpg\" alt=\"\" width=\"300\" height=\"300\" srcset=\"https:\/\/casalparis.cat\/wp-content\/uploads\/2022\/06\/Marche-fiertes-2022-300x300.jpg 300w, https:\/\/casalparis.cat\/wp-content\/uploads\/2022\/06\/Marche-fiertes-2022-150x150.jpg 150w, https:\/\/casalparis.cat\/wp-content\/uploads\/2022\/06\/Marche-fiertes-2022-768x768.jpg 768w, https:\/\/casalparis.cat\/wp-content\/uploads\/2022\/06\/Marche-fiertes-2022.jpg 896w\" sizes=\"auto, (max-width: 300px) 100vw, 300px\" \/><img loading=\"lazy\" decoding=\"async\" class=\"size-medium wp-image-2270 alignright\" src=\"http:\/\/casalparis.cat\/wp-content\/uploads\/2022\/06\/Marche-des-fiertes-300x300.jpg\" alt=\"\" width=\"300\" height=\"300\" srcset=\"https:\/\/casalparis.cat\/wp-content\/uploads\/2022\/06\/Marche-des-fiertes-300x300.jpg 300w, https:\/\/casalparis.cat\/wp-content\/uploads\/2022\/06\/Marche-des-fiertes-150x150.jpg 150w, https:\/\/casalparis.cat\/wp-content\/uploads\/2022\/06\/Marche-des-fiertes.jpg 756w\" sizes=\"auto, (max-width: 300px) 100vw, 300px\" \/><\/div>\n<div dir=\"auto\"><\/div>\n<div dir=\"auto\"><\/div>\n<div dir=\"auto\">Els castellers ja van participar en la #marche\u00a0<span class=\"hiddenGrammarError\">des<\/span>\u00a0<span class=\"hiddenSpellError\">fiert\u00e9s<\/span>\u00a0<span class=\"hiddenGrammarError\">al 2019<\/span>. Aquest any estan molt contents de tornar a assajar i participar\u00a0en aquest\u00a0esdeveniment solidari de defensa dels drets de totes les persones.<\/div>\n<div dir=\"auto\"><\/div>\n<div dir=\"auto\"><\/div>\n<div dir=\"auto\"><\/div>\n<div dir=\"auto\"><\/div>\n<div dir=\"auto\"><\/div>\n<div dir=\"auto\">El circuit:<br \/>\n14h00 Sortida de\u00a0<span class=\"hiddenSpellError\">Michel<\/span>\u00a0<span class=\"hiddenSpellError\">Bizot<\/span>\u00a0(al\u00a0nivell\u00a0del\u00a0n\u00famero\u00a0242 avinguda\u00a0<span class=\"hiddenSpellError\">Daumesnil<\/span>)<\/div>\n<\/div>\n<div dir=\"auto\">Avinguda Daumesnil<\/div>\n<div dir=\"auto\">Carrer de Lyon<\/div>\n<div dir=\"auto\">Pla\u00e7a de la Bastilla<\/div>\n<div dir=\"auto\">Boulevard Beaumarchais<\/div>\n<div dir=\"auto\">Boulevard Filles du Calvaire<\/div>\n<div dir=\"auto\">Boulevard du Temple<\/div>\n<div dir=\"auto\">Entre 17h i les 20h, Arrivada a la Pla\u00e7a de la Republica<\/div>\n<div dir=\"auto\"><\/div>\n<div class=\"kvgmc6g5 cxmmr5t8 oygrvhab hcukyx3x c1et5uql ii04i59q\">\n<div dir=\"auto\">************************<\/div>\n<div dir=\"auto\"><\/div>\n<div dir=\"auto\">En 2019 les castellers ont particip\u00e9 \u00e0 la <a class=\"oajrlxb2 g5ia77u1 qu0x051f esr5mh6w e9989ue4 r7d6kgcz rq0escxv nhd2j8a9 nc684nl6 p7hjln8o kvgmc6g5 cxmmr5t8 oygrvhab hcukyx3x jb3vyjys rz4wbd8a qt6c0cv9 a8nywdso i1ao9s8h esuyzwwr f1sip0of lzcic4wl gpro0wi8 q66pz984 b1v8xokw\" tabindex=\"0\" role=\"link\" href=\"https:\/\/www.facebook.com\/hashtag\/marchedesfiert%C3%A9s?__eep__=6&amp;__cft__[0]=AZWu1fnnLuS8n2a9qXvYfH53xFvLwyLCSX2h9l-xVys1qIXm_EpBT4ukQdBxQc5cT-6EdHSoj39IXqR--YtKYnIMd_4uLvussWHl8rskL5vxN3ihg-en-WHDWR8lKPqoeRSId4BarYSUsZOxjfIEsbTup8h80RqBcUhnFa40nfheKQc4BgdBxgfYYHJg0vS182VJy4_VG5yJFgA7E8rBtXPU&amp;__tn__=*NK-y-R\">#marchedesfiert\u00e9s<\/a> pour la derni\u00e8re fois. Ils sont tr\u00e8s heureux de pouvoir reprendre ses activit\u00e9s et de montrer \u00e0 nouveau leur soutien aux droits de toutes les personnes.<\/div>\n<\/div>\n<div class=\"cxmmr5t8 oygrvhab hcukyx3x c1et5uql o9v6fnle ii04i59q\">\n<div dir=\"auto\">P A R C O U R S<\/div>\n<div dir=\"auto\">D\u00e9part de Michel Bizot (242 av. Daumesnil)<\/div>\n<div dir=\"auto\">Av. Daumesnil<\/div>\n<div dir=\"auto\">Rue de Lyon<\/div>\n<div dir=\"auto\">Place de Bastille<\/div>\n<div dir=\"auto\">Bd Beaumarchais<\/div>\n<div dir=\"auto\">Bd des Filles du Calvaire<\/div>\n<div dir=\"auto\">Bd du Temple<\/div>\n<div dir=\"auto\">Arriv\u00e9e Place de la R\u00e9publique<\/div>\n<\/div>\n<div class=\"cxmmr5t8 oygrvhab hcukyx3x c1et5uql o9v6fnle ii04i59q\">\n<div dir=\"auto\">D E R O U L \u00c9 D E L A J O U R N \u00c9 E<\/div>\n<div dir=\"auto\">13h00 Prises de paroles \u00e0 la banderole<\/div>\n<div dir=\"auto\">13h45 Chaque char se pr\u00e9pare au d\u00e9part<\/div>\n<div dir=\"auto\">14h00 D\u00e9part de la marche<\/div>\n<div dir=\"auto\">16h30 3 minutes de silence en hommage aux victimes du VIH &#8211; SIDA<\/div>\n<div dir=\"auto\">17h00-20h00 Arriv\u00e9e du cort\u00e8ge \u00e0 R\u00e9publique<\/div>\n<\/div>\n<div class=\"cxmmr5t8 oygrvhab hcukyx3x c1et5uql o9v6fnle ii04i59q\">\n<div dir=\"auto\"><a class=\"oajrlxb2 g5ia77u1 qu0x051f esr5mh6w e9989ue4 r7d6kgcz rq0escxv nhd2j8a9 nc684nl6 p7hjln8o kvgmc6g5 cxmmr5t8 oygrvhab hcukyx3x jb3vyjys rz4wbd8a qt6c0cv9 a8nywdso i1ao9s8h esuyzwwr f1sip0of lzcic4wl gpro0wi8 q66pz984 b1v8xokw\" tabindex=\"0\" role=\"link\" href=\"https:\/\/www.facebook.com\/hashtag\/loveislove?__eep__=6&amp;__cft__[0]=AZWu1fnnLuS8n2a9qXvYfH53xFvLwyLCSX2h9l-xVys1qIXm_EpBT4ukQdBxQc5cT-6EdHSoj39IXqR--YtKYnIMd_4uLvussWHl8rskL5vxN3ihg-en-WHDWR8lKPqoeRSId4BarYSUsZOxjfIEsbTup8h80RqBcUhnFa40nfheKQc4BgdBxgfYYHJg0vS182VJy4_VG5yJFgA7E8rBtXPU&amp;__tn__=*NK-y-R\">#loveislove<\/a> <a class=\"oajrlxb2 g5ia77u1 qu0x051f esr5mh6w e9989ue4 r7d6kgcz rq0escxv nhd2j8a9 nc684nl6 p7hjln8o kvgmc6g5 cxmmr5t8 oygrvhab hcukyx3x jb3vyjys rz4wbd8a qt6c0cv9 a8nywdso i1ao9s8h esuyzwwr f1sip0of lzcic4wl gpro0wi8 q66pz984 b1v8xokw\" tabindex=\"0\" role=\"link\" href=\"https:\/\/www.facebook.com\/hashtag\/castellersdeparis?__eep__=6&amp;__cft__[0]=AZWu1fnnLuS8n2a9qXvYfH53xFvLwyLCSX2h9l-xVys1qIXm_EpBT4ukQdBxQc5cT-6EdHSoj39IXqR--YtKYnIMd_4uLvussWHl8rskL5vxN3ihg-en-WHDWR8lKPqoeRSId4BarYSUsZOxjfIEsbTup8h80RqBcUhnFa40nfheKQc4BgdBxgfYYHJg0vS182VJy4_VG5yJFgA7E8rBtXPU&amp;__tn__=*NK-y-R\">#castellersdeparis<\/a> <a class=\"oajrlxb2 g5ia77u1 qu0x051f esr5mh6w e9989ue4 r7d6kgcz rq0escxv nhd2j8a9 nc684nl6 p7hjln8o kvgmc6g5 cxmmr5t8 oygrvhab hcukyx3x jb3vyjys rz4wbd8a qt6c0cv9 a8nywdso i1ao9s8h esuyzwwr f1sip0of lzcic4wl gpro0wi8 q66pz984 b1v8xokw\" tabindex=\"0\" role=\"link\" href=\"https:\/\/www.facebook.com\/hashtag\/castellers?__eep__=6&amp;__cft__[0]=AZWu1fnnLuS8n2a9qXvYfH53xFvLwyLCSX2h9l-xVys1qIXm_EpBT4ukQdBxQc5cT-6EdHSoj39IXqR--YtKYnIMd_4uLvussWHl8rskL5vxN3ihg-en-WHDWR8lKPqoeRSId4BarYSUsZOxjfIEsbTup8h80RqBcUhnFa40nfheKQc4BgdBxgfYYHJg0vS182VJy4_VG5yJFgA7E8rBtXPU&amp;__tn__=*NK-y-R\">#castellers<\/a> <a class=\"oajrlxb2 g5ia77u1 qu0x051f esr5mh6w e9989ue4 r7d6kgcz rq0escxv nhd2j8a9 nc684nl6 p7hjln8o kvgmc6g5 cxmmr5t8 oygrvhab hcukyx3x jb3vyjys rz4wbd8a qt6c0cv9 a8nywdso i1ao9s8h esuyzwwr f1sip0of lzcic4wl gpro0wi8 q66pz984 b1v8xokw\" tabindex=\"0\" role=\"link\" href=\"https:\/\/www.facebook.com\/hashtag\/gaypride?__eep__=6&amp;__cft__[0]=AZWu1fnnLuS8n2a9qXvYfH53xFvLwyLCSX2h9l-xVys1qIXm_EpBT4ukQdBxQc5cT-6EdHSoj39IXqR--YtKYnIMd_4uLvussWHl8rskL5vxN3ihg-en-WHDWR8lKPqoeRSId4BarYSUsZOxjfIEsbTup8h80RqBcUhnFa40nfheKQc4BgdBxgfYYHJg0vS182VJy4_VG5yJFgA7E8rBtXPU&amp;__tn__=*NK-y-R\">#gaypride<\/a><\/div>\n<\/div>","excerpt":"","slug":"25-06-2022-els-geperuts-participen-a-la-marche-des-fiertes","image":{"url":"https:\/\/casalparis.cat\/wp-content\/uploads\/2022\/06\/Marche-des-fiertes.jpg","id":2270,"extension":"jpg","width":756,"height":756,"sizes":{"medium":{"width":300,"height":300,"mime-type":"image\/jpeg","url":"https:\/\/casalparis.cat\/wp-content\/uploads\/2022\/06\/Marche-des-fiertes-300x300.jpg"},"thumbnail":{"width":150,"height":150,"mime-type":"image\/jpeg","url":"https:\/\/casalparis.cat\/wp-content\/uploads\/2022\/06\/Marche-des-fiertes-150x150.jpg"},"post-thumbnail":{"width":756,"height":288,"mime-type":"image\/jpeg","url":"https:\/\/casalparis.cat\/wp-content\/uploads\/2022\/06\/Marche-des-fiertes-756x288.jpg"},"large-feature":{"width":756,"height":288,"mime-type":"image\/jpeg","url":"https:\/\/casalparis.cat\/wp-content\/uploads\/2022\/06\/Marche-des-fiertes-756x288.jpg"},"small-feature":{"width":300,"height":300,"mime-type":"image\/jpeg","url":"https:\/\/casalparis.cat\/wp-content\/uploads\/2022\/06\/Marche-des-fiertes-300x300.jpg"}}},"all_day":false,"start_date":"2022-06-25 13:00:00","start_date_details":{"year":"2022","month":"06","day":"25","hour":"13","minutes":"00","seconds":"00"},"end_date":"2022-06-25 20:00:00","end_date_details":{"year":"2022","month":"06","day":"25","hour":"20","minutes":"00","seconds":"00"},"utc_start_date":"2022-06-25 11:00:00","utc_start_date_details":{"year":"2022","month":"06","day":"25","hour":"11","minutes":"00","seconds":"00"},"utc_end_date":"2022-06-25 18:00:00","utc_end_date_details":{"year":"2022","month":"06","day":"25","hour":"18","minutes":"00","seconds":"00"},"timezone":"Europe\/Paris","timezone_abbr":"CEST","cost":"","cost_details":{"currency_symbol":"","currency_code":"","currency_position":"prefix","values":[]},"website":"","show_map":false,"show_map_link":false,"hide_from_listings":false,"sticky":false,"featured":false,"categories":[{"name":"Agenda","slug":"agenda","term_group":0,"term_taxonomy_id":68,"taxonomy":"tribe_events_cat","description":"","parent":0,"count":211,"filter":"raw","id":68,"urls":{"self":"http:\/\/casalparis.cat\/index.php?rest_route=\/tribe\/events\/v1\/categories\/68","collection":"http:\/\/casalparis.cat\/index.php?rest_route=\/tribe\/events\/v1\/categories"}}],"tags":[{"name":"Agenda","slug":"agenda","term_group":0,"term_taxonomy_id":67,"taxonomy":"post_tag","description":"","parent":0,"count":212,"filter":"raw","id":67,"urls":{"self":"http:\/\/casalparis.cat\/index.php?rest_route=\/tribe\/events\/v1\/tags\/67","collection":"http:\/\/casalparis.cat\/index.php?rest_route=\/tribe\/events\/v1\/tags"}},{"name":"casalparis","slug":"casalparis","term_group":0,"term_taxonomy_id":23,"taxonomy":"post_tag","description":"","parent":0,"count":166,"filter":"raw","id":23,"urls":{"self":"http:\/\/casalparis.cat\/index.php?rest_route=\/tribe\/events\/v1\/tags\/23","collection":"http:\/\/casalparis.cat\/index.php?rest_route=\/tribe\/events\/v1\/tags"}},{"name":"castellers","slug":"castellers","term_group":0,"term_taxonomy_id":5,"taxonomy":"post_tag","description":"","parent":0,"count":8,"filter":"raw","id":5,"urls":{"self":"http:\/\/casalparis.cat\/index.php?rest_route=\/tribe\/events\/v1\/tags\/5","collection":"http:\/\/casalparis.cat\/index.php?rest_route=\/tribe\/events\/v1\/tags"}},{"name":"geperuts","slug":"geperuts","term_group":0,"term_taxonomy_id":150,"taxonomy":"post_tag","description":"","parent":0,"count":17,"filter":"raw","id":150,"urls":{"self":"http:\/\/casalparis.cat\/index.php?rest_route=\/tribe\/events\/v1\/tags\/150","collection":"http:\/\/casalparis.cat\/index.php?rest_route=\/tribe\/events\/v1\/tags"}},{"name":"MarchedesFiertes","slug":"marchedesfiertes","term_group":0,"term_taxonomy_id":409,"taxonomy":"post_tag","description":"","parent":0,"count":1,"filter":"raw","id":409,"urls":{"self":"http:\/\/casalparis.cat\/index.php?rest_route=\/tribe\/events\/v1\/tags\/409","collection":"http:\/\/casalparis.cat\/index.php?rest_route=\/tribe\/events\/v1\/tags"}},{"name":"paris","slug":"paris","term_group":0,"term_taxonomy_id":38,"taxonomy":"post_tag","description":"","parent":0,"count":197,"filter":"raw","id":38,"urls":{"self":"http:\/\/casalparis.cat\/index.php?rest_route=\/tribe\/events\/v1\/tags\/38","collection":"http:\/\/casalparis.cat\/index.php?rest_route=\/tribe\/events\/v1\/tags"}},{"name":"somcasal","slug":"somcasal","term_group":0,"term_taxonomy_id":22,"taxonomy":"post_tag","description":"","parent":0,"count":167,"filter":"raw","id":22,"urls":{"self":"http:\/\/casalparis.cat\/index.php?rest_route=\/tribe\/events\/v1\/tags\/22","collection":"http:\/\/casalparis.cat\/index.php?rest_route=\/tribe\/events\/v1\/tags"}}],"venue":[],"organizer":[{"id":1091,"author":"1","status":"publish","date":"2020-01-30 00:12:19","date_utc":"2020-01-29 23:12:19","modified":"2020-01-30 00:12:19","modified_utc":"2020-01-29 23:12:19","url":"http:\/\/casalparis.cat\/?tribe_organizer=castellers-de-paris","organizer":"Castellers de Paris","slug":"castellers-de-paris","email":"paris.castells@gmail.com","json_ld":{"@type":"Person","name":"Castellers de Paris","description":"","url":"","telephone":"","email":"paris.&#99;&#97;&#115;tell&#115;&#64;gm&#97;&#105;l&#46;com","sameAs":""},"global_id":"casalparis.cat?id=1091","global_id_lineage":["casalparis.cat?id=1091"]}],"custom_fields":[],"json_ld":{"@context":"http:\/\/schema.org","@type":"Event","name":"25\/06\/2022 &#8211; Els geperuts participen a la &#8220;Marche des fiert\u00e9s&#8221;","description":"&lt;p&gt;Els castellers ja van participar en la #marche\u00a0des\u00a0fiert\u00e9s\u00a0al 2019. Aquest any estan molt contents de tornar a assajar i participar\u00a0en aquest\u00a0esdeveniment solidari de defensa dels drets de totes les persones. El circuit: 14h00 Sortida de\u00a0Michel\u00a0Bizot\u00a0(al\u00a0nivell\u00a0del\u00a0n\u00famero\u00a0242 avinguda\u00a0Daumesnil) Avinguda Daumesnil Carrer de &hellip; &lt;a href=&quot;http:\/\/casalparis.cat\/?tribe_events=25-06-2022-els-geperuts-participen-a-la-marche-des-fiertes&quot;&gt;Continua llegint &lt;span class=&quot;meta-nav&quot;&gt;&rarr;&lt;\/span&gt;&lt;\/a&gt;&lt;\/p&gt;\\n","image":"https:\/\/casalparis.cat\/wp-content\/uploads\/2022\/06\/Marche-des-fiertes.jpg","url":"http:\/\/casalparis.cat\/?tribe_events=25-06-2022-els-geperuts-participen-a-la-marche-des-fiertes","eventAttendanceMode":"https:\/\/schema.org\/OfflineEventAttendanceMode","eventStatus":"https:\/\/schema.org\/EventScheduled","startDate":"2022-06-25T13:00:00+02:00","endDate":"2022-06-25T20:00:00+02:00","organizer":{"@type":"Person","name":"Castellers de Paris","description":"","url":"","telephone":"","email":"&#112;ar&#105;s.ca&#115;t&#101;ll&#115;&#64;&#103;ma&#105;l.c&#111;&#109;","sameAs":""},"performer":"Organization"}}