{"id":2053,"global_id":"casalparis.cat?id=2053","global_id_lineage":["casalparis.cat?id=2053"],"author":"1","status":"publish","date":"2022-01-10 00:06:56","date_utc":"2022-01-09 23:06:56","modified":"2022-01-16 23:03:20","modified_utc":"2022-01-16 22:03:20","url":"http:\/\/casalparis.cat\/?tribe_events=16-01-2022-tarda-berenar-de-reis","rest_url":"http:\/\/casalparis.cat\/index.php?rest_route=\/tribe\/events\/v1\/events\/2053","title":"16\/01\/2022 &#8211; Tarda-berenar de Reis","description":"<p><img loading=\"lazy\" decoding=\"async\" class=\"size-medium wp-image-2054 alignleft\" src=\"http:\/\/casalparis.cat\/wp-content\/uploads\/2022\/01\/Reis-Instagram-300x300.jpg\" alt=\"\" width=\"300\" height=\"300\" srcset=\"https:\/\/casalparis.cat\/wp-content\/uploads\/2022\/01\/Reis-Instagram-300x300.jpg 300w, https:\/\/casalparis.cat\/wp-content\/uploads\/2022\/01\/Reis-Instagram-1024x1024.jpg 1024w, https:\/\/casalparis.cat\/wp-content\/uploads\/2022\/01\/Reis-Instagram-150x150.jpg 150w, https:\/\/casalparis.cat\/wp-content\/uploads\/2022\/01\/Reis-Instagram-768x768.jpg 768w, https:\/\/casalparis.cat\/wp-content\/uploads\/2022\/01\/Reis-Instagram.jpg 1080w\" sizes=\"auto, (max-width: 300px) 100vw, 300px\" \/><\/p>\n<div><\/div>\n<div><\/div>\n<div class=\"kvgmc6g5 cxmmr5t8 oygrvhab hcukyx3x c1et5uql\" style=\"text-align: left;\">Segur que els Reis us han dut molts regals i jocs nous.<\/div>\n<div><\/div>\n<div class=\"kvgmc6g5 cxmmr5t8 oygrvhab hcukyx3x c1et5uql\" style=\"text-align: left;\">Grans i Xics, veniu a jugar amb els amics del Casal! A vegades a casa no trobem temps per jugar o no som prou colla. Aquest diumenge a la tarda, porteu un d&#8217;aquests jocs i ens divertirem una estoneta junts.<br \/>\nEl Casal hi posar\u00e0 el berenar!<\/div>\n<div><\/div>\n<div><\/div>\n<div><\/div>\n<div class=\"cxmmr5t8 oygrvhab hcukyx3x c1et5uql o9v6fnle\" style=\"text-align: left;\">Aixo si, demanarem el passaport sanitari als majors de 12 anys i durem la mascareta mentre no mengem. L\u2019espai \u00e9s gran i es pot ventilar.<\/div>\n<div><\/div>\n<div class=\"cxmmr5t8 oygrvhab hcukyx3x c1et5uql o9v6fnle\" style=\"text-align: left;\"><strong>Us esperem de 16h a 18h <\/strong><\/div>\n<div class=\"cxmmr5t8 oygrvhab hcukyx3x c1et5uql o9v6fnle\" style=\"text-align: left;\"><strong>a la Maison ouverte de Montreuil, 17 Rue Hoche, 93100 Montreuil<\/strong><\/div>\n<div><\/div>\n<div class=\"cxmmr5t8 oygrvhab hcukyx3x c1et5uql o9v6fnle\" style=\"text-align: left;\">Si teniu intenci\u00f3 de venir, i ens podeu enviar un mail, ens anir\u00e0 b\u00e9 per preparar el berenar.<br \/>\n<strong>Mail: casal@casalparis.cat<\/strong><\/div>\n<div><\/div>\n<div>******* Molt agraits a tots els assistents ***** Us deixem un record de la festa!<\/div>\n<div><\/div>\n<div><img loading=\"lazy\" decoding=\"async\" class=\"alignnone size-medium wp-image-2062\" src=\"http:\/\/casalparis.cat\/wp-content\/uploads\/2022\/01\/WhatsApp-Image-2022-01-16-at-21.41.15-3-300x221.jpeg\" alt=\"\" width=\"300\" height=\"221\" srcset=\"https:\/\/casalparis.cat\/wp-content\/uploads\/2022\/01\/WhatsApp-Image-2022-01-16-at-21.41.15-3-300x221.jpeg 300w, https:\/\/casalparis.cat\/wp-content\/uploads\/2022\/01\/WhatsApp-Image-2022-01-16-at-21.41.15-3-1024x753.jpeg 1024w, https:\/\/casalparis.cat\/wp-content\/uploads\/2022\/01\/WhatsApp-Image-2022-01-16-at-21.41.15-3-768x565.jpeg 768w, https:\/\/casalparis.cat\/wp-content\/uploads\/2022\/01\/WhatsApp-Image-2022-01-16-at-21.41.15-3-408x300.jpeg 408w, https:\/\/casalparis.cat\/wp-content\/uploads\/2022\/01\/WhatsApp-Image-2022-01-16-at-21.41.15-3.jpeg 1256w\" sizes=\"auto, (max-width: 300px) 100vw, 300px\" \/> <img loading=\"lazy\" decoding=\"async\" class=\"alignnone size-medium wp-image-2063\" src=\"http:\/\/casalparis.cat\/wp-content\/uploads\/2022\/01\/WhatsApp-Image-2022-01-16-at-21.41.16-300x263.jpeg\" alt=\"\" width=\"300\" height=\"263\" srcset=\"https:\/\/casalparis.cat\/wp-content\/uploads\/2022\/01\/WhatsApp-Image-2022-01-16-at-21.41.16-300x263.jpeg 300w, https:\/\/casalparis.cat\/wp-content\/uploads\/2022\/01\/WhatsApp-Image-2022-01-16-at-21.41.16-1024x899.jpeg 1024w, https:\/\/casalparis.cat\/wp-content\/uploads\/2022\/01\/WhatsApp-Image-2022-01-16-at-21.41.16-768x674.jpeg 768w, https:\/\/casalparis.cat\/wp-content\/uploads\/2022\/01\/WhatsApp-Image-2022-01-16-at-21.41.16-342x300.jpeg 342w, https:\/\/casalparis.cat\/wp-content\/uploads\/2022\/01\/WhatsApp-Image-2022-01-16-at-21.41.16.jpeg 1363w\" sizes=\"auto, (max-width: 300px) 100vw, 300px\" \/> <img loading=\"lazy\" decoding=\"async\" class=\"alignnone size-medium wp-image-2064\" src=\"http:\/\/casalparis.cat\/wp-content\/uploads\/2022\/01\/WhatsApp-Image-2022-01-16-at-21.41.15-2-218x300.jpeg\" alt=\"\" width=\"218\" height=\"300\" srcset=\"https:\/\/casalparis.cat\/wp-content\/uploads\/2022\/01\/WhatsApp-Image-2022-01-16-at-21.41.15-2-218x300.jpeg 218w, https:\/\/casalparis.cat\/wp-content\/uploads\/2022\/01\/WhatsApp-Image-2022-01-16-at-21.41.15-2-744x1024.jpeg 744w, https:\/\/casalparis.cat\/wp-content\/uploads\/2022\/01\/WhatsApp-Image-2022-01-16-at-21.41.15-2-768x1058.jpeg 768w, https:\/\/casalparis.cat\/wp-content\/uploads\/2022\/01\/WhatsApp-Image-2022-01-16-at-21.41.15-2-1115x1536.jpeg 1115w, https:\/\/casalparis.cat\/wp-content\/uploads\/2022\/01\/WhatsApp-Image-2022-01-16-at-21.41.15-2.jpeg 1286w\" sizes=\"auto, (max-width: 218px) 100vw, 218px\" \/> <img loading=\"lazy\" decoding=\"async\" class=\"alignnone size-medium wp-image-2065\" src=\"http:\/\/casalparis.cat\/wp-content\/uploads\/2022\/01\/WhatsApp-Image-2022-01-16-at-21.41.15-1-300x134.jpeg\" alt=\"\" width=\"300\" height=\"134\" srcset=\"https:\/\/casalparis.cat\/wp-content\/uploads\/2022\/01\/WhatsApp-Image-2022-01-16-at-21.41.15-1-300x134.jpeg 300w, https:\/\/casalparis.cat\/wp-content\/uploads\/2022\/01\/WhatsApp-Image-2022-01-16-at-21.41.15-1-1024x457.jpeg 1024w, https:\/\/casalparis.cat\/wp-content\/uploads\/2022\/01\/WhatsApp-Image-2022-01-16-at-21.41.15-1-768x342.jpeg 768w, https:\/\/casalparis.cat\/wp-content\/uploads\/2022\/01\/WhatsApp-Image-2022-01-16-at-21.41.15-1-500x223.jpeg 500w, https:\/\/casalparis.cat\/wp-content\/uploads\/2022\/01\/WhatsApp-Image-2022-01-16-at-21.41.15-1.jpeg 1310w\" sizes=\"auto, (max-width: 300px) 100vw, 300px\" \/> <img loading=\"lazy\" decoding=\"async\" class=\"alignnone size-medium wp-image-2066\" src=\"http:\/\/casalparis.cat\/wp-content\/uploads\/2022\/01\/WhatsApp-Image-2022-01-16-at-21.41.15-295x300.jpeg\" alt=\"\" width=\"295\" height=\"300\" srcset=\"https:\/\/casalparis.cat\/wp-content\/uploads\/2022\/01\/WhatsApp-Image-2022-01-16-at-21.41.15-295x300.jpeg 295w, https:\/\/casalparis.cat\/wp-content\/uploads\/2022\/01\/WhatsApp-Image-2022-01-16-at-21.41.15-768x782.jpeg 768w, https:\/\/casalparis.cat\/wp-content\/uploads\/2022\/01\/WhatsApp-Image-2022-01-16-at-21.41.15.jpeg 898w\" sizes=\"auto, (max-width: 295px) 100vw, 295px\" \/><\/div>","excerpt":"","slug":"16-01-2022-tarda-berenar-de-reis","image":{"url":"https:\/\/casalparis.cat\/wp-content\/uploads\/2022\/01\/Reis-Instagram.jpg","id":2054,"extension":"jpg","width":1080,"height":1080,"sizes":{"medium":{"width":300,"height":300,"mime-type":"image\/jpeg","url":"https:\/\/casalparis.cat\/wp-content\/uploads\/2022\/01\/Reis-Instagram-300x300.jpg"},"large":{"width":1024,"height":1024,"mime-type":"image\/jpeg","url":"https:\/\/casalparis.cat\/wp-content\/uploads\/2022\/01\/Reis-Instagram-1024x1024.jpg"},"thumbnail":{"width":150,"height":150,"mime-type":"image\/jpeg","url":"https:\/\/casalparis.cat\/wp-content\/uploads\/2022\/01\/Reis-Instagram-150x150.jpg"},"medium_large":{"width":768,"height":768,"mime-type":"image\/jpeg","url":"https:\/\/casalparis.cat\/wp-content\/uploads\/2022\/01\/Reis-Instagram-768x768.jpg"},"post-thumbnail":{"width":1000,"height":288,"mime-type":"image\/jpeg","url":"https:\/\/casalparis.cat\/wp-content\/uploads\/2022\/01\/Reis-Instagram-1000x288.jpg"},"large-feature":{"width":1000,"height":288,"mime-type":"image\/jpeg","url":"https:\/\/casalparis.cat\/wp-content\/uploads\/2022\/01\/Reis-Instagram-1000x288.jpg"},"small-feature":{"width":300,"height":300,"mime-type":"image\/jpeg","url":"https:\/\/casalparis.cat\/wp-content\/uploads\/2022\/01\/Reis-Instagram-300x300.jpg"}}},"all_day":false,"start_date":"2022-01-16 16:00:00","start_date_details":{"year":"2022","month":"01","day":"16","hour":"16","minutes":"00","seconds":"00"},"end_date":"2022-01-16 18:00:00","end_date_details":{"year":"2022","month":"01","day":"16","hour":"18","minutes":"00","seconds":"00"},"utc_start_date":"2022-01-16 15:00:00","utc_start_date_details":{"year":"2022","month":"01","day":"16","hour":"15","minutes":"00","seconds":"00"},"utc_end_date":"2022-01-16 17:00:00","utc_end_date_details":{"year":"2022","month":"01","day":"16","hour":"17","minutes":"00","seconds":"00"},"timezone":"Europe\/Paris","timezone_abbr":"CET","cost":"Gratu\u00eft","cost_details":{"currency_symbol":"\u20ac","currency_code":"","currency_position":"prefix","values":["0"]},"website":"","show_map":true,"show_map_link":false,"hide_from_listings":false,"sticky":false,"featured":false,"categories":[{"name":"Agenda","slug":"agenda","term_group":0,"term_taxonomy_id":68,"taxonomy":"tribe_events_cat","description":"","parent":0,"count":211,"filter":"raw","id":68,"urls":{"self":"http:\/\/casalparis.cat\/index.php?rest_route=\/tribe\/events\/v1\/categories\/68","collection":"http:\/\/casalparis.cat\/index.php?rest_route=\/tribe\/events\/v1\/categories"}}],"tags":[{"name":"Agenda","slug":"agenda","term_group":0,"term_taxonomy_id":67,"taxonomy":"post_tag","description":"","parent":0,"count":212,"filter":"raw","id":67,"urls":{"self":"http:\/\/casalparis.cat\/index.php?rest_route=\/tribe\/events\/v1\/tags\/67","collection":"http:\/\/casalparis.cat\/index.php?rest_route=\/tribe\/events\/v1\/tags"}},{"name":"casalparis","slug":"casalparis","term_group":0,"term_taxonomy_id":23,"taxonomy":"post_tag","description":"","parent":0,"count":166,"filter":"raw","id":23,"urls":{"self":"http:\/\/casalparis.cat\/index.php?rest_route=\/tribe\/events\/v1\/tags\/23","collection":"http:\/\/casalparis.cat\/index.php?rest_route=\/tribe\/events\/v1\/tags"}},{"name":"MaisonOuverte","slug":"maisonouverte","term_group":0,"term_taxonomy_id":346,"taxonomy":"post_tag","description":"","parent":0,"count":10,"filter":"raw","id":346,"urls":{"self":"http:\/\/casalparis.cat\/index.php?rest_route=\/tribe\/events\/v1\/tags\/346","collection":"http:\/\/casalparis.cat\/index.php?rest_route=\/tribe\/events\/v1\/tags"}},{"name":"Reis","slug":"reis","term_group":0,"term_taxonomy_id":377,"taxonomy":"post_tag","description":"","parent":0,"count":2,"filter":"raw","id":377,"urls":{"self":"http:\/\/casalparis.cat\/index.php?rest_route=\/tribe\/events\/v1\/tags\/377","collection":"http:\/\/casalparis.cat\/index.php?rest_route=\/tribe\/events\/v1\/tags"}},{"name":"somcasal","slug":"somcasal","term_group":0,"term_taxonomy_id":22,"taxonomy":"post_tag","description":"","parent":0,"count":167,"filter":"raw","id":22,"urls":{"self":"http:\/\/casalparis.cat\/index.php?rest_route=\/tribe\/events\/v1\/tags\/22","collection":"http:\/\/casalparis.cat\/index.php?rest_route=\/tribe\/events\/v1\/tags"}},{"name":"TardaJocs","slug":"tardajocs","term_group":0,"term_taxonomy_id":378,"taxonomy":"post_tag","description":"","parent":0,"count":1,"filter":"raw","id":378,"urls":{"self":"http:\/\/casalparis.cat\/index.php?rest_route=\/tribe\/events\/v1\/tags\/378","collection":"http:\/\/casalparis.cat\/index.php?rest_route=\/tribe\/events\/v1\/tags"}}],"venue":{"id":260,"author":"1","status":"publish","date":"2019-01-13 00:56:01","date_utc":"2019-01-12 23:56:01","modified":"2019-01-13 00:56:01","modified_utc":"2019-01-12 23:56:01","url":"http:\/\/casalparis.cat\/?tribe_venue=maison-ouverte-de-montreuil","venue":"Maison ouverte de Montreuil","slug":"maison-ouverte-de-montreuil","address":"17 Rue Hoche","city":"Montreuil","country":"Fran\u00e7a","zip":"93100","json_ld":{"@type":"Place","name":"Maison ouverte de Montreuil","description":"","url":"","address":{"@type":"PostalAddress","streetAddress":"17 Rue Hoche","addressLocality":"Montreuil","postalCode":"93100","addressCountry":"Fran\u00e7a"},"telephone":"","sameAs":""},"show_map":true,"show_map_link":true,"global_id":"casalparis.cat?id=260","global_id_lineage":["casalparis.cat?id=260"]},"organizer":[{"id":190,"author":"1","status":"publish","date":"2018-10-09 00:15:27","date_utc":"2018-10-08 22:15:27","modified":"2018-10-09 00:15:27","modified_utc":"2018-10-08 22:15:27","url":"http:\/\/casalparis.cat\/?tribe_organizer=casal-de-catalunya-de-paris","organizer":"Casal de Catalunya de Paris","slug":"casal-de-catalunya-de-paris","json_ld":{"@type":"Person","name":"Casal de Catalunya de Paris","description":"","url":"","telephone":"","email":"","sameAs":""},"global_id":"casalparis.cat?id=190","global_id_lineage":["casalparis.cat?id=190"]}],"custom_fields":[],"json_ld":{"@context":"http:\/\/schema.org","@type":"Event","name":"16\/01\/2022 &#8211; Tarda-berenar de Reis","description":"&lt;p&gt;Segur que els Reis us han dut molts regals i jocs nous. Grans i Xics, veniu a jugar amb els amics del Casal! A vegades a casa no trobem temps per jugar o no som prou colla. Aquest diumenge a &hellip; &lt;a href=&quot;http:\/\/casalparis.cat\/?tribe_events=16-01-2022-tarda-berenar-de-reis&quot;&gt;Continua llegint &lt;span class=&quot;meta-nav&quot;&gt;&rarr;&lt;\/span&gt;&lt;\/a&gt;&lt;\/p&gt;\\n","image":"https:\/\/casalparis.cat\/wp-content\/uploads\/2022\/01\/Reis-Instagram.jpg","url":"http:\/\/casalparis.cat\/?tribe_events=16-01-2022-tarda-berenar-de-reis","eventAttendanceMode":"https:\/\/schema.org\/OfflineEventAttendanceMode","eventStatus":"https:\/\/schema.org\/EventScheduled","startDate":"2022-01-16T16:00:00+01:00","endDate":"2022-01-16T18:00:00+01:00","location":{"@type":"Place","name":"Maison ouverte de Montreuil","description":"","url":"","address":{"@type":"PostalAddress","streetAddress":"17 Rue Hoche","addressLocality":"Montreuil","postalCode":"93100","addressCountry":"Fran\u00e7a"},"telephone":"","sameAs":""},"organizer":{"@type":"Person","name":"Casal de Catalunya de Paris","description":"","url":"","telephone":"","email":"","sameAs":""},"offers":{"@type":"Offer","price":"0","priceCurrency":"USD","url":"http:\/\/casalparis.cat\/?tribe_events=16-01-2022-tarda-berenar-de-reis","category":"primary","availability":"inStock","validFrom":"1970-01-01T00:00:00+00:00"},"performer":"Organization"}}