{"id":2036,"global_id":"casalparis.cat?id=2036","global_id_lineage":["casalparis.cat?id=2036"],"author":"1","status":"publish","date":"2021-12-15 23:09:23","date_utc":"2021-12-15 22:09:23","modified":"2022-03-30 22:59:08","modified_utc":"2022-03-30 20:59:08","url":"http:\/\/casalparis.cat\/?tribe_events=09-04-2022-concert-amb-lluis-gavalda-i-joan-pau-chaves","rest_url":"http:\/\/casalparis.cat\/index.php?rest_route=\/tribe\/events\/v1\/events\/2036","title":"09\/04\/2022 &#8211; Concert amb Llu\u00eds Gavald\u00e0 i Joan Pau Chaves &#8211; ANUL.LAT","description":"<div>Malauradament, per raons de salut, alienes a la nostra associaci\u00f3, ens veiem obligats a anul\u00b7lar el concert del dissabte 9 d&#8217;abril de 2022.<\/div>\n<div><\/div>\n<div>Estem fent tot el possible per reprogramar aquest mateix concert el mes de setembre. L&#8217;il\u00b7lusi\u00f3 \u00e9s l&#8217;\u00faltim que es perd!<\/div>\n<div><\/div>\n<div>D&#8217;aqu\u00ed a pocs dies, tan bon punt tinguem una proposta clara, us ho farem saber.<\/div>\n<div><\/div>\n<div>Per aquells que teniu les entrades comprades, us enviarem un mail i us explicarem les modalitats per mantenir les entrades per la nova data o demanar un reemborsament. Us agra\u00efm uns dies de paci\u00e8ncia.<\/div>\n<p>&nbsp;<\/p>\n<p><img loading=\"lazy\" decoding=\"async\" class=\"alignnone size-medium wp-image-2154\" src=\"http:\/\/casalparis.cat\/wp-content\/uploads\/2021\/12\/Copie-de-Concert-insta-1-300x300.png\" alt=\"\" width=\"300\" height=\"300\" srcset=\"https:\/\/casalparis.cat\/wp-content\/uploads\/2021\/12\/Copie-de-Concert-insta-1-300x300.png 300w, https:\/\/casalparis.cat\/wp-content\/uploads\/2021\/12\/Copie-de-Concert-insta-1-1024x1024.png 1024w, https:\/\/casalparis.cat\/wp-content\/uploads\/2021\/12\/Copie-de-Concert-insta-1-150x150.png 150w, https:\/\/casalparis.cat\/wp-content\/uploads\/2021\/12\/Copie-de-Concert-insta-1-768x768.png 768w, https:\/\/casalparis.cat\/wp-content\/uploads\/2021\/12\/Copie-de-Concert-insta-1.png 1080w\" sizes=\"auto, (max-width: 300px) 100vw, 300px\" \/><\/p>","excerpt":"","slug":"09-04-2022-concert-amb-lluis-gavalda-i-joan-pau-chaves","image":{"url":"https:\/\/casalparis.cat\/wp-content\/uploads\/2021\/12\/Copie-de-Concert-insta-1.png","id":2154,"extension":"png","width":1080,"height":1080,"sizes":{"medium":{"width":300,"height":300,"mime-type":"image\/png","url":"https:\/\/casalparis.cat\/wp-content\/uploads\/2021\/12\/Copie-de-Concert-insta-1-300x300.png"},"large":{"width":1024,"height":1024,"mime-type":"image\/png","url":"https:\/\/casalparis.cat\/wp-content\/uploads\/2021\/12\/Copie-de-Concert-insta-1-1024x1024.png"},"thumbnail":{"width":150,"height":150,"mime-type":"image\/png","url":"https:\/\/casalparis.cat\/wp-content\/uploads\/2021\/12\/Copie-de-Concert-insta-1-150x150.png"},"medium_large":{"width":768,"height":768,"mime-type":"image\/png","url":"https:\/\/casalparis.cat\/wp-content\/uploads\/2021\/12\/Copie-de-Concert-insta-1-768x768.png"},"post-thumbnail":{"width":1000,"height":288,"mime-type":"image\/png","url":"https:\/\/casalparis.cat\/wp-content\/uploads\/2021\/12\/Copie-de-Concert-insta-1-1000x288.png"},"large-feature":{"width":1000,"height":288,"mime-type":"image\/png","url":"https:\/\/casalparis.cat\/wp-content\/uploads\/2021\/12\/Copie-de-Concert-insta-1-1000x288.png"},"small-feature":{"width":300,"height":300,"mime-type":"image\/png","url":"https:\/\/casalparis.cat\/wp-content\/uploads\/2021\/12\/Copie-de-Concert-insta-1-300x300.png"}}},"all_day":false,"start_date":"2022-04-09 20:00:00","start_date_details":{"year":"2022","month":"04","day":"09","hour":"20","minutes":"00","seconds":"00"},"end_date":"2022-04-09 21:30:00","end_date_details":{"year":"2022","month":"04","day":"09","hour":"21","minutes":"30","seconds":"00"},"utc_start_date":"2022-04-09 18:00:00","utc_start_date_details":{"year":"2022","month":"04","day":"09","hour":"18","minutes":"00","seconds":"00"},"utc_end_date":"2022-04-09 19:30:00","utc_end_date_details":{"year":"2022","month":"04","day":"09","hour":"19","minutes":"30","seconds":"00"},"timezone":"Europe\/Paris","timezone_abbr":"CEST","cost":"24\u20ac - 28\u20ac","cost_details":{"currency_symbol":"\u20ac","currency_code":"","currency_position":"suffix","values":["24","28"]},"website":"https:\/\/www.helloasso.com\/associations\/casal-de-catalunya-de-paris\/evenements\/concer-lluis-gavalda-i-joan-pau-chaves","show_map":true,"show_map_link":false,"hide_from_listings":false,"sticky":false,"featured":false,"categories":[{"name":"Agenda","slug":"agenda","term_group":0,"term_taxonomy_id":68,"taxonomy":"tribe_events_cat","description":"","parent":0,"count":211,"filter":"raw","id":68,"urls":{"self":"http:\/\/casalparis.cat\/index.php?rest_route=\/tribe\/events\/v1\/categories\/68","collection":"http:\/\/casalparis.cat\/index.php?rest_route=\/tribe\/events\/v1\/categories"}}],"tags":[{"name":"Agenda","slug":"agenda","term_group":0,"term_taxonomy_id":67,"taxonomy":"post_tag","description":"","parent":0,"count":212,"filter":"raw","id":67,"urls":{"self":"http:\/\/casalparis.cat\/index.php?rest_route=\/tribe\/events\/v1\/tags\/67","collection":"http:\/\/casalparis.cat\/index.php?rest_route=\/tribe\/events\/v1\/tags"}},{"name":"casalparis","slug":"casalparis","term_group":0,"term_taxonomy_id":23,"taxonomy":"post_tag","description":"","parent":0,"count":166,"filter":"raw","id":23,"urls":{"self":"http:\/\/casalparis.cat\/index.php?rest_route=\/tribe\/events\/v1\/tags\/23","collection":"http:\/\/casalparis.cat\/index.php?rest_route=\/tribe\/events\/v1\/tags"}},{"name":"concert","slug":"concert","term_group":0,"term_taxonomy_id":93,"taxonomy":"post_tag","description":"","parent":0,"count":16,"filter":"raw","id":93,"urls":{"self":"http:\/\/casalparis.cat\/index.php?rest_route=\/tribe\/events\/v1\/tags\/93","collection":"http:\/\/casalparis.cat\/index.php?rest_route=\/tribe\/events\/v1\/tags"}},{"name":"ElsPets","slug":"elspets","term_group":0,"term_taxonomy_id":373,"taxonomy":"post_tag","description":"","parent":0,"count":1,"filter":"raw","id":373,"urls":{"self":"http:\/\/casalparis.cat\/index.php?rest_route=\/tribe\/events\/v1\/tags\/373","collection":"http:\/\/casalparis.cat\/index.php?rest_route=\/tribe\/events\/v1\/tags"}},{"name":"musica","slug":"musica","term_group":0,"term_taxonomy_id":77,"taxonomy":"post_tag","description":"","parent":0,"count":26,"filter":"raw","id":77,"urls":{"self":"http:\/\/casalparis.cat\/index.php?rest_route=\/tribe\/events\/v1\/tags\/77","collection":"http:\/\/casalparis.cat\/index.php?rest_route=\/tribe\/events\/v1\/tags"}},{"name":"somcasal","slug":"somcasal","term_group":0,"term_taxonomy_id":22,"taxonomy":"post_tag","description":"","parent":0,"count":167,"filter":"raw","id":22,"urls":{"self":"http:\/\/casalparis.cat\/index.php?rest_route=\/tribe\/events\/v1\/tags\/22","collection":"http:\/\/casalparis.cat\/index.php?rest_route=\/tribe\/events\/v1\/tags"}}],"venue":{"id":2039,"author":"1","status":"publish","date":"2021-12-15 23:09:23","date_utc":"2021-12-15 22:09:23","modified":"2021-12-15 23:09:23","modified_utc":"2021-12-15 22:09:23","url":"http:\/\/casalparis.cat\/?tribe_venue=salle-colonne","venue":"Salle Colonne","slug":"salle-colonne","address":"94 Boulevard August Blanqui","city":"Paris","country":"Fran\u00e7a","zip":"75013","json_ld":{"@type":"Place","name":"Salle Colonne","description":"","url":"","address":{"@type":"PostalAddress","streetAddress":"94 Boulevard August Blanqui","addressLocality":"Paris","postalCode":"75013","addressCountry":"Fran\u00e7a"},"telephone":"","sameAs":""},"show_map":true,"show_map_link":true,"global_id":"casalparis.cat?id=2039","global_id_lineage":["casalparis.cat?id=2039"]},"organizer":[{"id":190,"author":"1","status":"publish","date":"2018-10-09 00:15:27","date_utc":"2018-10-08 22:15:27","modified":"2018-10-09 00:15:27","modified_utc":"2018-10-08 22:15:27","url":"http:\/\/casalparis.cat\/?tribe_organizer=casal-de-catalunya-de-paris","organizer":"Casal de Catalunya de Paris","slug":"casal-de-catalunya-de-paris","json_ld":{"@type":"Person","name":"Casal de Catalunya de Paris","description":"","url":"","telephone":"","email":"","sameAs":""},"global_id":"casalparis.cat?id=190","global_id_lineage":["casalparis.cat?id=190"]}],"custom_fields":[],"json_ld":{"@context":"http:\/\/schema.org","@type":"Event","name":"09\/04\/2022 &#8211; Concert amb Llu\u00eds Gavald\u00e0 i Joan Pau Chaves &#8211; ANUL.LAT","description":"&lt;p&gt;Malauradament, per raons de salut, alienes a la nostra associaci\u00f3, ens veiem obligats a anul\u00b7lar el concert del dissabte 9 d\\'abril de 2022. Estem fent tot el possible per reprogramar aquest mateix concert el mes de setembre. L\\'il\u00b7lusi\u00f3 \u00e9s l\\'\u00faltim &hellip; &lt;a href=&quot;http:\/\/casalparis.cat\/?tribe_events=09-04-2022-concert-amb-lluis-gavalda-i-joan-pau-chaves&quot;&gt;Continua llegint &lt;span class=&quot;meta-nav&quot;&gt;&rarr;&lt;\/span&gt;&lt;\/a&gt;&lt;\/p&gt;\\n","image":"https:\/\/casalparis.cat\/wp-content\/uploads\/2021\/12\/Copie-de-Concert-insta-1.png","url":"http:\/\/casalparis.cat\/?tribe_events=09-04-2022-concert-amb-lluis-gavalda-i-joan-pau-chaves","eventAttendanceMode":"https:\/\/schema.org\/OfflineEventAttendanceMode","eventStatus":"https:\/\/schema.org\/EventScheduled","startDate":"2022-04-09T20:00:00+02:00","endDate":"2022-04-09T21:30:00+02:00","location":{"@type":"Place","name":"Salle Colonne","description":"","url":"","address":{"@type":"PostalAddress","streetAddress":"94 Boulevard August Blanqui","addressLocality":"Paris","postalCode":"75013","addressCountry":"Fran\u00e7a"},"telephone":"","sameAs":""},"organizer":{"@type":"Person","name":"Casal de Catalunya de Paris","description":"","url":"","telephone":"","email":"","sameAs":""},"offers":{"@type":"Offer","price":"24 - 28","priceCurrency":"USD","url":"http:\/\/casalparis.cat\/?tribe_events=09-04-2022-concert-amb-lluis-gavalda-i-joan-pau-chaves","category":"primary","availability":"inStock","validFrom":"1970-01-01T00:00:00+00:00"},"performer":"Organization"}}